{"id":2053,"date":"2024-12-20T08:09:19","date_gmt":"2024-12-20T07:09:19","guid":{"rendered":"https:\/\/uj.mezosuli.hu\/?p=2053"},"modified":"2026-03-20T14:28:29","modified_gmt":"2026-03-20T13:28:29","slug":"adventi-programok","status":"publish","type":"post","link":"https:\/\/mezosuli.hu\/?p=2053","title":{"rendered":"Adventi programok"},"content":{"rendered":"<div><span style=\"font-size: 18pt;\"><strong>Adventi programok a Mez\u0151ben\u00a0<\/strong><\/span><\/div>\n<div><b data-olk-copy-source=\"MessageBody\">Adventi Bark\u00e1csd\u00e9lut\u00e1n a Mez\u0151ben<\/b><\/div>\n<div>December egyik k\u00fcl\u00f6nleges d\u00e9lut\u00e1nj\u00e1n a k\u00e9zm\u0171vess\u00e9g \u00e9s az \u00fcnnepi hangulat ker\u00fclt a k\u00f6z\u00e9ppontba az iskola rajzterm\u00e9ben, ahol egy adventi bark\u00e1csd\u00e9lut\u00e1non vehettek r\u00e9szt az 1\u20138. oszt\u00e1lyos gyerekek. A program c\u00e9lja, hogy k\u00f6z\u00f6sen sz\u00e9p \u00e9s kreat\u00edv d\u00edszeket k\u00e9sz\u00edts\u00fcnk, majd egy forr\u00f3csoki \u00e9s m\u00e9zeskal\u00e1cs mellett egy\u00fctt hangol\u00f3djunk az \u00fcnnepekre.<\/div>\n<div>A d\u00e9lut\u00e1n folyam\u00e1n h\u00e1romf\u00e9le alkot\u00e1st k\u00e9sz\u00edtettek a r\u00e9szvev\u0151 gyerekek: kar\u00e1csonyi asztald\u00edsz, vil\u00e1g\u00edt\u00f3 ajt\u00f3d\u00edsz \u00e9s vid\u00e1m h\u00f3ember.<\/div>\n<div>A rendezv\u00e9nyen mindenki lelkesen alkotott, \u00e9s az elk\u00e9sz\u00fclt m\u0171veket b\u00fcszk\u00e9n mutatt\u00e1k meg egym\u00e1snak. Az adventi bark\u00e1csd\u00e9lut\u00e1n nemcsak kreat\u00edv kikapcsol\u00f3d\u00e1st ny\u00fajtott, hanem meger\u0151s\u00edtette a k\u00f6z\u00f6ss\u00e9g \u00f6sszetart\u00e1s\u00e1t is. Az esem\u00e9nyt sok mosolyg\u00e1s, j\u00f3kedv \u00e9s term\u00e9szetesen a kar\u00e1csonyi k\u00f6zeledt\u00e9nek meghitt hangulata jellemezte.<\/div>\n<div>K\u00f6sz\u00f6nj\u00fck a k\u00f6z\u00f6s alkot\u00e1st!<\/div>\n<div>H\u00e9tf\u0151 d\u00e9lut\u00e1n f\u00e1radtan, de boldogan z\u00e1rta az \u00e9vet a M\u00c9K csapat:<\/div>\n<div>Ment\u0151n\u00e9 Balogh Szilvia, Szab\u00f3 J\u00falia , Csepregi- Kert\u00e9sz Angelika<\/div>\n<div><\/div>\n<div class=\"x_elementToProof\"><b data-olk-copy-source=\"MessageBody\">J\u00f3k\u00edv\u00e1ns\u00e1gok<\/b><\/div>\n<div><\/div>\n<div class=\"x_elementToProof\">Advent utols\u00f3 napjaiban az \u00c1lmos Vez\u00e9r \u00c1ltal\u00e1nos Iskola 3. b \u00e9s a Dr. Mez\u0151 Ferenc \u00c1ltal\u00e1nos Iskola 4. c oszt\u00e1ly tanul\u00f3i ismerkedtek egym\u00e1ssal. El\u0151sz\u00f6r vegyes csapatokban kar\u00e1csonyi kv\u00edzj\u00e1t\u00e9kban m\u00e9rt\u00e9k \u00f6ssze erej\u00fcket, majd megaj\u00e1nd\u00e9kozt\u00e1k egym\u00e1st egy \u00e1ltaluk k\u00e9sz\u00edtett k\u00e9peslappal \u00e9s j\u00f3k\u00edv\u00e1ns\u00e1gokkal. Mindenki \u00e9lvezte a nyugodt, bar\u00e1ts\u00e1gos &#8222;\u00f3r\u00e1t&#8221;.<\/div>\n<div class=\"x_elementToProof\"><\/div>\n<div class=\"x_elementToProof\">Edina n\u00e9ni, Barbara n\u00e9ni<\/div>\n<div><\/div>\n<div><img loading=\"lazy\" decoding=\"async\" class=\" size-full wp-image-2051\" src=\"https:\/\/uj.mezosuli.hu\/wp-content\/uploads\/2024\/12\/6.jpg\" alt=\"6.jpg\" width=\"416\" height=\"214\" srcset=\"https:\/\/mezosuli.hu\/wp-content\/uploads\/2024\/12\/6.jpg 1864w, https:\/\/mezosuli.hu\/wp-content\/uploads\/2024\/12\/6-300x154.jpg 300w, https:\/\/mezosuli.hu\/wp-content\/uploads\/2024\/12\/6-1024x527.jpg 1024w, https:\/\/mezosuli.hu\/wp-content\/uploads\/2024\/12\/6-768x395.jpg 768w, https:\/\/mezosuli.hu\/wp-content\/uploads\/2024\/12\/6-1536x790.jpg 1536w\" sizes=\"auto, (max-width: 416px) 100vw, 416px\" \/><img loading=\"lazy\" decoding=\"async\" class=\" size-full wp-image-2052\" src=\"https:\/\/uj.mezosuli.hu\/wp-content\/uploads\/2024\/12\/1000009057.jpg\" alt=\"1000009057.jpg\" width=\"283\" height=\"212\" srcset=\"https:\/\/mezosuli.hu\/wp-content\/uploads\/2024\/12\/1000009057.jpg 1800w, https:\/\/mezosuli.hu\/wp-content\/uploads\/2024\/12\/1000009057-300x225.jpg 300w, https:\/\/mezosuli.hu\/wp-content\/uploads\/2024\/12\/1000009057-1024x768.jpg 1024w, https:\/\/mezosuli.hu\/wp-content\/uploads\/2024\/12\/1000009057-768x576.jpg 768w, https:\/\/mezosuli.hu\/wp-content\/uploads\/2024\/12\/1000009057-1536x1152.jpg 1536w\" sizes=\"auto, (max-width: 283px) 100vw, 283px\" \/><\/div>\n","protected":false},"excerpt":{"rendered":"<p>Adventi programok a Mez\u0151ben\u00a0 Adventi Bark\u00e1csd\u00e9lut\u00e1n a Mez\u0151ben December egyik k\u00fcl\u00f6nleges d\u00e9lut\u00e1nj\u00e1n a k\u00e9zm\u0171vess\u00e9g \u00e9s az \u00fcnnepi hangulat ker\u00fclt a k\u00f6z\u00e9ppontba az iskola rajzterm\u00e9ben, ahol egy adventi bark\u00e1csd\u00e9lut\u00e1non vehettek r\u00e9szt&hellip;<\/p>\n","protected":false},"author":1,"featured_media":0,"comment_status":"closed","ping_status":"open","sticky":false,"template":"","format":"standard","meta":{"_jetpack_memberships_contains_paid_content":false,"footnotes":""},"categories":[49],"tags":[],"class_list":["post-2053","post","type-post","status-publish","format-standard","hentry","category-2025-hirarchivum"],"jetpack_featured_media_url":"","jetpack_sharing_enabled":true,"_links":{"self":[{"href":"https:\/\/mezosuli.hu\/index.php?rest_route=\/wp\/v2\/posts\/2053","targetHints":{"allow":["GET"]}}],"collection":[{"href":"https:\/\/mezosuli.hu\/index.php?rest_route=\/wp\/v2\/posts"}],"about":[{"href":"https:\/\/mezosuli.hu\/index.php?rest_route=\/wp\/v2\/types\/post"}],"author":[{"embeddable":true,"href":"https:\/\/mezosuli.hu\/index.php?rest_route=\/wp\/v2\/users\/1"}],"replies":[{"embeddable":true,"href":"https:\/\/mezosuli.hu\/index.php?rest_route=%2Fwp%2Fv2%2Fcomments&post=2053"}],"version-history":[{"count":2,"href":"https:\/\/mezosuli.hu\/index.php?rest_route=\/wp\/v2\/posts\/2053\/revisions"}],"predecessor-version":[{"id":3588,"href":"https:\/\/mezosuli.hu\/index.php?rest_route=\/wp\/v2\/posts\/2053\/revisions\/3588"}],"wp:attachment":[{"href":"https:\/\/mezosuli.hu\/index.php?rest_route=%2Fwp%2Fv2%2Fmedia&parent=2053"}],"wp:term":[{"taxonomy":"category","embeddable":true,"href":"https:\/\/mezosuli.hu\/index.php?rest_route=%2Fwp%2Fv2%2Fcategories&post=2053"},{"taxonomy":"post_tag","embeddable":true,"href":"https:\/\/mezosuli.hu\/index.php?rest_route=%2Fwp%2Fv2%2Ftags&post=2053"}],"curies":[{"name":"wp","href":"https:\/\/api.w.org\/{rel}","templated":true}]}}