{"id":2064,"date":"2025-01-29T09:45:11","date_gmt":"2025-01-29T08:45:11","guid":{"rendered":"https:\/\/uj.mezosuli.hu\/?p=2064"},"modified":"2026-03-30T10:12:14","modified_gmt":"2026-03-30T08:12:14","slug":"prevencios-eloadas","status":"publish","type":"post","link":"https:\/\/mezosuli.hu\/?p=2064","title":{"rendered":"Prevenci\u00f3s el\u0151ad\u00e1s"},"content":{"rendered":"<p><span style=\"font-size: 18pt;\"><strong>Prevenci\u00f3s el\u0151ad\u00e1s a Mez\u0151ben\u00a0<\/strong><\/span><\/p>\n<p>2025. janu\u00e1r 21-\u00e9n Guty\u00e1n Tibor p\u00e9nz\u00fcgy\u0151r ezredes \u00e9s Mihalik Istv\u00e1n p\u00e9nz\u00fcgy\u0151r alezredes a NAV Kelet-budapesti Ad\u00f3-\u00e9s V\u00e1migazgat\u00f3s\u00e1ga J\u00f6ved\u00e9ki \u00e9s Rend\u00e9szeti Elj\u00e1r\u00e1si f\u0151oszt\u00e1ly vezet\u0151je, valamint f\u0151oszt\u00e1ly vezet\u0151 helyettese tartottak izgalmas el\u0151ad\u00e1st a fels\u0151 tagozat di\u00e1kjainak a leg\u00e1lis \u00e9s illeg\u00e1lis doh\u00e1nyterm\u00e9kek haszn\u00e1lata, forgalmaz\u00e1sa kapcs\u00e1n valamintannak eg\u00e9sz\u00e9g\u00fcgyi \u00e9s jogi k\u00f6vetkezm\u00e9nyeir\u0151l.<\/p>\n<p><span data-contrast=\"auto\">Az \u00e9rdekes el\u0151ad\u00e1s ut\u00e1n a gyerekek is feltehett\u00e9k k\u00e9rd\u00e9seiket a t\u00e9m\u00e1ban. <\/span><\/p>\n<p>Cs\u00fcrke Gy\u00f6ngyv\u00e9r, gyermekv\u00e9delmi felel\u0151s<\/p>\n<p><img loading=\"lazy\" decoding=\"async\" class=\" size-full wp-image-2062\" src=\"https:\/\/uj.mezosuli.hu\/wp-content\/uploads\/2025\/01\/20250121_101419_2-scaled.jpg\" alt=\"20250121_101419_2.jpg\" width=\"342\" height=\"158\" srcset=\"https:\/\/mezosuli.hu\/wp-content\/uploads\/2025\/01\/20250121_101419_2-scaled.jpg 2560w, https:\/\/mezosuli.hu\/wp-content\/uploads\/2025\/01\/20250121_101419_2-300x139.jpg 300w, https:\/\/mezosuli.hu\/wp-content\/uploads\/2025\/01\/20250121_101419_2-1024x473.jpg 1024w, https:\/\/mezosuli.hu\/wp-content\/uploads\/2025\/01\/20250121_101419_2-768x355.jpg 768w, https:\/\/mezosuli.hu\/wp-content\/uploads\/2025\/01\/20250121_101419_2-1536x709.jpg 1536w, https:\/\/mezosuli.hu\/wp-content\/uploads\/2025\/01\/20250121_101419_2-2048x946.jpg 2048w\" sizes=\"auto, (max-width: 342px) 100vw, 342px\" \/>\u00a0 \u00a0\u00a0<img loading=\"lazy\" decoding=\"async\" class=\" size-full wp-image-2063\" src=\"https:\/\/uj.mezosuli.hu\/wp-content\/uploads\/2025\/01\/20250121_100529_2-scaled.jpg\" alt=\"20250121_100529_2.jpg\" width=\"340\" height=\"157\" srcset=\"https:\/\/mezosuli.hu\/wp-content\/uploads\/2025\/01\/20250121_100529_2-scaled.jpg 2560w, https:\/\/mezosuli.hu\/wp-content\/uploads\/2025\/01\/20250121_100529_2-300x139.jpg 300w, https:\/\/mezosuli.hu\/wp-content\/uploads\/2025\/01\/20250121_100529_2-1024x473.jpg 1024w, https:\/\/mezosuli.hu\/wp-content\/uploads\/2025\/01\/20250121_100529_2-768x355.jpg 768w, https:\/\/mezosuli.hu\/wp-content\/uploads\/2025\/01\/20250121_100529_2-1536x709.jpg 1536w, https:\/\/mezosuli.hu\/wp-content\/uploads\/2025\/01\/20250121_100529_2-2048x946.jpg 2048w\" sizes=\"auto, (max-width: 340px) 100vw, 340px\" \/><\/p>\n","protected":false},"excerpt":{"rendered":"<p>Prevenci\u00f3s el\u0151ad\u00e1s a Mez\u0151ben\u00a0 2025. janu\u00e1r 21-\u00e9n Guty\u00e1n Tibor p\u00e9nz\u00fcgy\u0151r ezredes \u00e9s Mihalik Istv\u00e1n p\u00e9nz\u00fcgy\u0151r alezredes a NAV Kelet-budapesti Ad\u00f3-\u00e9s V\u00e1migazgat\u00f3s\u00e1ga J\u00f6ved\u00e9ki \u00e9s Rend\u00e9szeti Elj\u00e1r\u00e1si f\u0151oszt\u00e1ly vezet\u0151je, valamint f\u0151oszt\u00e1ly vezet\u0151&hellip;<\/p>\n","protected":false},"author":1,"featured_media":0,"comment_status":"closed","ping_status":"open","sticky":false,"template":"","format":"standard","meta":{"_jetpack_memberships_contains_paid_content":false,"footnotes":""},"categories":[49],"tags":[],"class_list":["post-2064","post","type-post","status-publish","format-standard","hentry","category-2025-hirarchivum"],"jetpack_featured_media_url":"","jetpack_sharing_enabled":true,"_links":{"self":[{"href":"https:\/\/mezosuli.hu\/index.php?rest_route=\/wp\/v2\/posts\/2064","targetHints":{"allow":["GET"]}}],"collection":[{"href":"https:\/\/mezosuli.hu\/index.php?rest_route=\/wp\/v2\/posts"}],"about":[{"href":"https:\/\/mezosuli.hu\/index.php?rest_route=\/wp\/v2\/types\/post"}],"author":[{"embeddable":true,"href":"https:\/\/mezosuli.hu\/index.php?rest_route=\/wp\/v2\/users\/1"}],"replies":[{"embeddable":true,"href":"https:\/\/mezosuli.hu\/index.php?rest_route=%2Fwp%2Fv2%2Fcomments&post=2064"}],"version-history":[{"count":2,"href":"https:\/\/mezosuli.hu\/index.php?rest_route=\/wp\/v2\/posts\/2064\/revisions"}],"predecessor-version":[{"id":3703,"href":"https:\/\/mezosuli.hu\/index.php?rest_route=\/wp\/v2\/posts\/2064\/revisions\/3703"}],"wp:attachment":[{"href":"https:\/\/mezosuli.hu\/index.php?rest_route=%2Fwp%2Fv2%2Fmedia&parent=2064"}],"wp:term":[{"taxonomy":"category","embeddable":true,"href":"https:\/\/mezosuli.hu\/index.php?rest_route=%2Fwp%2Fv2%2Fcategories&post=2064"},{"taxonomy":"post_tag","embeddable":true,"href":"https:\/\/mezosuli.hu\/index.php?rest_route=%2Fwp%2Fv2%2Ftags&post=2064"}],"curies":[{"name":"wp","href":"https:\/\/api.w.org\/{rel}","templated":true}]}}