{"id":207,"date":"2017-06-06T13:48:45","date_gmt":"2017-06-06T11:48:45","guid":{"rendered":"https:\/\/uj.mezosuli.hu\/?p=207"},"modified":"2026-03-20T15:00:15","modified_gmt":"2026-03-20T14:00:15","slug":"technikaverseny","status":"publish","type":"post","link":"https:\/\/mezosuli.hu\/?p=207","title":{"rendered":"Technikaverseny"},"content":{"rendered":"<hr \/>\n<div style=\"background-image: url('http:\/\/www.mezosuli.hu\/images\/hirek\/2017\/05_majus\/mb_566x401px.gif;');\">\n<p align=\"center\"><span style=\"font-size: 20pt; font-variant: small-caps; letter-spacing: 1px; color: #ff6600;\">Technikaverseny<\/span><\/p>\n<section style=\"font-size: 16px; text-align: center;\">A Technikatan\u00e1rok Orsz\u00e1gos Egyes\u00fclete \u00e1ltal meghirdetett egy\u00e9ni p\u00e1ly\u00e1zaton dolgozatukkal iskol\u00e1nk k\u00e9t tanul\u00f3ja,<\/p>\n<p><strong>G\u00f6nczi Levente<\/strong> 8.a, <strong>Orsz\u00e1gos 2.<\/strong> helyez\u00e9st,<\/p>\n<p><a href=\"https:\/\/uj.mezosuli.hu\/wp-content\/uploads\/2017\/06\/gonczi_levente_1280.png\" target=\"_blank\" rel=\"noopener noreferrer\"><img decoding=\"async\" src=\"https:\/\/uj.mezosuli.hu\/wp-content\/uploads\/2017\/06\/gonczi_levente_200.png\" alt=\"gonczi levente 200\" \/><\/a><\/p>\n<p><strong>Petr\u00f3 Tam\u00e1s<\/strong>\u00a08.a, <strong>Orsz\u00e1gos 6.<\/strong> helyez\u00e9st \u00e9rtek el<\/p>\n<p><a href=\"https:\/\/uj.mezosuli.hu\/wp-content\/uploads\/2017\/06\/petro_tamas_1280.png\" target=\"_blank\" rel=\"noopener noreferrer\"><img decoding=\"async\" src=\"https:\/\/uj.mezosuli.hu\/wp-content\/uploads\/2017\/06\/petro_tamas_200.png\" alt=\"petro tamas 200\" \/><\/a><\/p>\n<p>Ebben a tan\u00e9vben a t\u00e9ma: A kommunik\u00e1ci\u00f3 technikat\u00f6rt\u00e9nete volt<\/p>\n<p>Felk\u00e9sz\u00edt\u0151 tan\u00e1r: Nedob\u00e1n\u00e9 Fendrik \u00c9va<\/p>\n<p>Gratul\u00e1lunk nekik!<\/p>\n<\/section>\n<\/div>\n","protected":false},"excerpt":{"rendered":"<p>Technikaverseny A Technikatan\u00e1rok Orsz\u00e1gos Egyes\u00fclete \u00e1ltal meghirdetett egy\u00e9ni p\u00e1ly\u00e1zaton dolgozatukkal iskol\u00e1nk k\u00e9t tanul\u00f3ja, G\u00f6nczi Levente 8.a, Orsz\u00e1gos 2. helyez\u00e9st, Petr\u00f3 Tam\u00e1s\u00a08.a, Orsz\u00e1gos 6. helyez\u00e9st \u00e9rtek el Ebben a tan\u00e9vben a&hellip;<\/p>\n","protected":false},"author":1,"featured_media":0,"comment_status":"closed","ping_status":"open","sticky":false,"template":"","format":"standard","meta":{"_jetpack_memberships_contains_paid_content":false,"footnotes":""},"categories":[39],"tags":[],"class_list":["post-207","post","type-post","status-publish","format-standard","hentry","category-2017-hirarchivum"],"jetpack_featured_media_url":"","jetpack_sharing_enabled":true,"_links":{"self":[{"href":"https:\/\/mezosuli.hu\/index.php?rest_route=\/wp\/v2\/posts\/207","targetHints":{"allow":["GET"]}}],"collection":[{"href":"https:\/\/mezosuli.hu\/index.php?rest_route=\/wp\/v2\/posts"}],"about":[{"href":"https:\/\/mezosuli.hu\/index.php?rest_route=\/wp\/v2\/types\/post"}],"author":[{"embeddable":true,"href":"https:\/\/mezosuli.hu\/index.php?rest_route=\/wp\/v2\/users\/1"}],"replies":[{"embeddable":true,"href":"https:\/\/mezosuli.hu\/index.php?rest_route=%2Fwp%2Fv2%2Fcomments&post=207"}],"version-history":[{"count":2,"href":"https:\/\/mezosuli.hu\/index.php?rest_route=\/wp\/v2\/posts\/207\/revisions"}],"predecessor-version":[{"id":3624,"href":"https:\/\/mezosuli.hu\/index.php?rest_route=\/wp\/v2\/posts\/207\/revisions\/3624"}],"wp:attachment":[{"href":"https:\/\/mezosuli.hu\/index.php?rest_route=%2Fwp%2Fv2%2Fmedia&parent=207"}],"wp:term":[{"taxonomy":"category","embeddable":true,"href":"https:\/\/mezosuli.hu\/index.php?rest_route=%2Fwp%2Fv2%2Fcategories&post=207"},{"taxonomy":"post_tag","embeddable":true,"href":"https:\/\/mezosuli.hu\/index.php?rest_route=%2Fwp%2Fv2%2Ftags&post=207"}],"curies":[{"name":"wp","href":"https:\/\/api.w.org\/{rel}","templated":true}]}}