{"id":2095,"date":"2025-05-15T08:35:18","date_gmt":"2025-05-15T06:35:18","guid":{"rendered":"https:\/\/uj.mezosuli.hu\/?p=2095"},"modified":"2026-03-17T10:49:04","modified_gmt":"2026-03-17T09:49:04","slug":"bekes-cikk","status":"publish","type":"post","link":"https:\/\/mezosuli.hu\/?p=2095","title":{"rendered":"B\u00e9k\u00e9s cikk"},"content":{"rendered":"<p><span style=\"font-size: 24pt; font-family: 'andale mono', times;\"><strong>Cikk iskol\u00e1nkban foly\u00f3 B\u00e9k\u00e9s programr\u00f3l<\/strong><\/span><\/p>\n<p><span style=\"font-size: 14pt; font-family: 'andale mono', times;\">A Magyar Kult\u00fara c\u00edm\u0171 foly\u00f3irat 2025. V. \u00e9vfolyam 4. \u00c1ldozat c\u00edm\u0171 sz\u00e1m\u00e1ban interj\u00fa jelent meg&nbsp;Adler Katalinnal, aki a Zugl\u00f3i Nonprofit Kft-n kereszt\u00fcl iskol\u00e1nk mentora&nbsp;a B\u00e9k\u00e9s Iskol\u00e1k program bevezet\u00e9se \u00e9s m\u0171k\u00f6dtet\u00e9se sor\u00e1n, valamint&nbsp;Szabolcsn\u00e9 Sas \u00c1gnessel,&nbsp;iskol\u00e1nk B\u00e9k\u00e9s munkacsoportj\u00e1nak vezet\u0151j\u00e9vel.<\/span><\/p>\n<p><span style=\"font-size: 14pt; font-family: 'andale mono', times;\">A cikk az <a href=\"https:\/\/uj.mezosuli.hu\/wp-content\/uploads\/2025\/05\/Bks_cikk_Magyar_Kultra_2025V_ldozat.pdf\">al\u00e1bbi <\/a>el\u00e9rhet\u0151s\u00e9gen olvashat\u00f3.<\/span><\/p>\n<p>&nbsp;<\/p>\n","protected":false},"excerpt":{"rendered":"<p>Cikk iskol\u00e1nkban foly\u00f3 B\u00e9k\u00e9s programr\u00f3l A Magyar Kult\u00fara c\u00edm\u0171 foly\u00f3irat 2025. V. \u00e9vfolyam 4. \u00c1ldozat c\u00edm\u0171 sz\u00e1m\u00e1ban interj\u00fa jelent meg&nbsp;Adler Katalinnal, aki a Zugl\u00f3i Nonprofit Kft-n kereszt\u00fcl iskol\u00e1nk mentora&nbsp;a B\u00e9k\u00e9s&hellip;<\/p>\n","protected":false},"author":1,"featured_media":0,"comment_status":"closed","ping_status":"open","sticky":false,"template":"","format":"standard","meta":{"_jetpack_memberships_contains_paid_content":false,"footnotes":""},"categories":[49,52],"tags":[],"class_list":["post-2095","post","type-post","status-publish","format-standard","hentry","category-2025-hirarchivum","category-bekes-iskola"],"jetpack_featured_media_url":"","jetpack_sharing_enabled":true,"_links":{"self":[{"href":"https:\/\/mezosuli.hu\/index.php?rest_route=\/wp\/v2\/posts\/2095","targetHints":{"allow":["GET"]}}],"collection":[{"href":"https:\/\/mezosuli.hu\/index.php?rest_route=\/wp\/v2\/posts"}],"about":[{"href":"https:\/\/mezosuli.hu\/index.php?rest_route=\/wp\/v2\/types\/post"}],"author":[{"embeddable":true,"href":"https:\/\/mezosuli.hu\/index.php?rest_route=\/wp\/v2\/users\/1"}],"replies":[{"embeddable":true,"href":"https:\/\/mezosuli.hu\/index.php?rest_route=%2Fwp%2Fv2%2Fcomments&post=2095"}],"version-history":[{"count":1,"href":"https:\/\/mezosuli.hu\/index.php?rest_route=\/wp\/v2\/posts\/2095\/revisions"}],"predecessor-version":[{"id":2219,"href":"https:\/\/mezosuli.hu\/index.php?rest_route=\/wp\/v2\/posts\/2095\/revisions\/2219"}],"wp:attachment":[{"href":"https:\/\/mezosuli.hu\/index.php?rest_route=%2Fwp%2Fv2%2Fmedia&parent=2095"}],"wp:term":[{"taxonomy":"category","embeddable":true,"href":"https:\/\/mezosuli.hu\/index.php?rest_route=%2Fwp%2Fv2%2Fcategories&post=2095"},{"taxonomy":"post_tag","embeddable":true,"href":"https:\/\/mezosuli.hu\/index.php?rest_route=%2Fwp%2Fv2%2Ftags&post=2095"}],"curies":[{"name":"wp","href":"https:\/\/api.w.org\/{rel}","templated":true}]}}