{"id":214,"date":"2017-07-03T10:49:43","date_gmt":"2017-07-03T08:49:43","guid":{"rendered":"https:\/\/uj.mezosuli.hu\/?p=214"},"modified":"2026-03-20T15:14:15","modified_gmt":"2026-03-20T14:14:15","slug":"zugloi-gyermekekert-dijat-kapott-kollegank","status":"publish","type":"post","link":"https:\/\/mezosuli.hu\/?p=214","title":{"rendered":"Zugl\u00f3i Gyermekek\u00e9rt D\u00edjat kapott koll\u00e9g\u00e1nk"},"content":{"rendered":"<hr \/>\n<div style=\"background-image: url('http:\/\/www.mezosuli.hu\/images\/hirek\/2017\/05_majus\/mb_566x401px.gif;');\">\n<p align=\"center\"><span style=\"font-size: 20pt; font-variant: small-caps; letter-spacing: 1px; color: #ff6600;\">&#8222;Zugl\u00f3i Gyermekek\u00e9rt D\u00edj&#8221;-at kapott koll\u00e9g\u00e1nk<\/span><\/p>\n<section style=\"font-size: 16px; text-align: center;\">Iskol\u00e1nk elismert pedag\u00f3gusa, Nyak\u00f3n\u00e9 Lakatos Ildik\u00f3, pedag\u00f3gusnap alkalm\u00e1b\u00f3l \u00e1tvehette a Budapest F\u0151v\u00e1ros XIV. ker\u00fclet Zugl\u00f3 \u00d6nkorm\u00e1nyzat\u00e1nak k\u00e9pvisel\u0151-test\u00fclete \u00e1ltal oda\u00edt\u00e9lt &#8222;Zugl\u00f3i Gyermekek\u00e9rt D\u00edj&#8221;-at.<\/p>\n<p><img loading=\"lazy\" decoding=\"async\" class=\" size-full wp-image-213\" style=\"display: block; margin-left: auto; margin-right: auto;\" src=\"https:\/\/uj.mezosuli.hu\/wp-content\/uploads\/2017\/07\/nyakone_lakatos_ildiko_550px.jpg\" alt=\"nyakone lakatos ildiko 550px\" width=\"550\" height=\"443\" srcset=\"https:\/\/mezosuli.hu\/wp-content\/uploads\/2017\/07\/nyakone_lakatos_ildiko_550px.jpg 550w, https:\/\/mezosuli.hu\/wp-content\/uploads\/2017\/07\/nyakone_lakatos_ildiko_550px-300x242.jpg 300w\" sizes=\"auto, (max-width: 550px) 100vw, 550px\" \/><\/p>\n<p>Gratul\u00e1lunk koll\u00e9g\u00e1nknak \u00e9s b\u00fcszk\u00e9k vagyunk, hogy nevel\u0151test\u00fclet\u00fcnk tagja.<\/p>\n<\/section>\n<\/div>\n","protected":false},"excerpt":{"rendered":"<p>&#8222;Zugl\u00f3i Gyermekek\u00e9rt D\u00edj&#8221;-at kapott koll\u00e9g\u00e1nk Iskol\u00e1nk elismert pedag\u00f3gusa, Nyak\u00f3n\u00e9 Lakatos Ildik\u00f3, pedag\u00f3gusnap alkalm\u00e1b\u00f3l \u00e1tvehette a Budapest F\u0151v\u00e1ros XIV. ker\u00fclet Zugl\u00f3 \u00d6nkorm\u00e1nyzat\u00e1nak k\u00e9pvisel\u0151-test\u00fclete \u00e1ltal oda\u00edt\u00e9lt &#8222;Zugl\u00f3i Gyermekek\u00e9rt D\u00edj&#8221;-at. Gratul\u00e1lunk koll\u00e9g\u00e1nknak \u00e9s&hellip;<\/p>\n","protected":false},"author":1,"featured_media":0,"comment_status":"closed","ping_status":"open","sticky":false,"template":"","format":"standard","meta":{"_jetpack_memberships_contains_paid_content":false,"footnotes":""},"categories":[39],"tags":[],"class_list":["post-214","post","type-post","status-publish","format-standard","hentry","category-2017-hirarchivum"],"jetpack_featured_media_url":"","jetpack_sharing_enabled":true,"_links":{"self":[{"href":"https:\/\/mezosuli.hu\/index.php?rest_route=\/wp\/v2\/posts\/214","targetHints":{"allow":["GET"]}}],"collection":[{"href":"https:\/\/mezosuli.hu\/index.php?rest_route=\/wp\/v2\/posts"}],"about":[{"href":"https:\/\/mezosuli.hu\/index.php?rest_route=\/wp\/v2\/types\/post"}],"author":[{"embeddable":true,"href":"https:\/\/mezosuli.hu\/index.php?rest_route=\/wp\/v2\/users\/1"}],"replies":[{"embeddable":true,"href":"https:\/\/mezosuli.hu\/index.php?rest_route=%2Fwp%2Fv2%2Fcomments&post=214"}],"version-history":[{"count":2,"href":"https:\/\/mezosuli.hu\/index.php?rest_route=\/wp\/v2\/posts\/214\/revisions"}],"predecessor-version":[{"id":3641,"href":"https:\/\/mezosuli.hu\/index.php?rest_route=\/wp\/v2\/posts\/214\/revisions\/3641"}],"wp:attachment":[{"href":"https:\/\/mezosuli.hu\/index.php?rest_route=%2Fwp%2Fv2%2Fmedia&parent=214"}],"wp:term":[{"taxonomy":"category","embeddable":true,"href":"https:\/\/mezosuli.hu\/index.php?rest_route=%2Fwp%2Fv2%2Fcategories&post=214"},{"taxonomy":"post_tag","embeddable":true,"href":"https:\/\/mezosuli.hu\/index.php?rest_route=%2Fwp%2Fv2%2Ftags&post=214"}],"curies":[{"name":"wp","href":"https:\/\/api.w.org\/{rel}","templated":true}]}}