{"id":218,"date":"2017-09-18T12:30:14","date_gmt":"2017-09-18T10:30:14","guid":{"rendered":"https:\/\/uj.mezosuli.hu\/?p=218"},"modified":"2026-03-20T15:13:44","modified_gmt":"2026-03-20T14:13:44","slug":"papirgyujtes-2018-tavasz","status":"publish","type":"post","link":"https:\/\/mezosuli.hu\/?p=218","title":{"rendered":"Pap\u00edrgy\u0171jt\u00e9s 2018 tavasz"},"content":{"rendered":"<div class=\"txF_raleway tx16t\" style=\"margin-bottom: 15px;\">\n<p class=\"tx_headline txc_green\">\u00dajra pap\u00edrgy\u0171jt\u00e9s a Mez\u0151ben!<\/p>\n<hr \/>\n<div class=\"header_img_container\"><img loading=\"lazy\" decoding=\"async\" class=\" size-full wp-image-217\" src=\"https:\/\/uj.mezosuli.hu\/wp-content\/uploads\/2017\/09\/papirgyujtes_2018.png\" alt=\"\" width=\"700\" height=\"455\" srcset=\"https:\/\/mezosuli.hu\/wp-content\/uploads\/2017\/09\/papirgyujtes_2018.png 700w, https:\/\/mezosuli.hu\/wp-content\/uploads\/2017\/09\/papirgyujtes_2018-300x195.png 300w\" sizes=\"auto, (max-width: 700px) 100vw, 700px\" \/><\/div>\n<div align=\"center\">\n<p>Tegy\u00fcnk ism\u00e9t egy\u00fctt k\u00f6rnyezet\u00fcnk\u00e9rt!<\/p>\n<p><strong>2018. \u00e1prilis 12-13-\u00e1n, reggel 7:00-8:00 \u00e9s d\u00e9lut\u00e1n 14:00-18:00 \u00f3ra<\/strong> k\u00f6z\u00f6tt fogadjuk az \u00fajrahasznos\u00edt\u00e1sra sz\u00e1nt pap\u00edrt.<\/p>\n<p>K\u00e9rj\u00fck, a rakod\u00e1s megk\u00f6nny\u00edt\u00e9se \u00e9rdek\u00e9ben mozgathat\u00f3 m\u00e9ret\u0171re \u00f6sszek\u00f6t\u00f6zve hozz\u00e1k a pap\u00edrt.<\/p>\n<p>K\u00f6sz\u00f6nj\u00fck!<\/p>\n<\/div>\n<div class=\"txF_raleway tx14x\" style=\"text-align: center; line-height: 20px; margin-top: 10px;\">\n<p style=\"float: right;\">Budapest, 2018. m\u00e1rcius<\/p>\n<\/div>\n<\/div>\n","protected":false},"excerpt":{"rendered":"<p>\u00dajra pap\u00edrgy\u0171jt\u00e9s a Mez\u0151ben! Tegy\u00fcnk ism\u00e9t egy\u00fctt k\u00f6rnyezet\u00fcnk\u00e9rt! 2018. \u00e1prilis 12-13-\u00e1n, reggel 7:00-8:00 \u00e9s d\u00e9lut\u00e1n 14:00-18:00 \u00f3ra k\u00f6z\u00f6tt fogadjuk az \u00fajrahasznos\u00edt\u00e1sra sz\u00e1nt pap\u00edrt. K\u00e9rj\u00fck, a rakod\u00e1s megk\u00f6nny\u00edt\u00e9se \u00e9rdek\u00e9ben mozgathat\u00f3 m\u00e9ret\u0171re&hellip;<\/p>\n","protected":false},"author":1,"featured_media":0,"comment_status":"closed","ping_status":"open","sticky":false,"template":"","format":"standard","meta":{"_jetpack_memberships_contains_paid_content":false,"footnotes":""},"categories":[39],"tags":[],"class_list":["post-218","post","type-post","status-publish","format-standard","hentry","category-2017-hirarchivum"],"jetpack_featured_media_url":"","jetpack_sharing_enabled":true,"_links":{"self":[{"href":"https:\/\/mezosuli.hu\/index.php?rest_route=\/wp\/v2\/posts\/218","targetHints":{"allow":["GET"]}}],"collection":[{"href":"https:\/\/mezosuli.hu\/index.php?rest_route=\/wp\/v2\/posts"}],"about":[{"href":"https:\/\/mezosuli.hu\/index.php?rest_route=\/wp\/v2\/types\/post"}],"author":[{"embeddable":true,"href":"https:\/\/mezosuli.hu\/index.php?rest_route=\/wp\/v2\/users\/1"}],"replies":[{"embeddable":true,"href":"https:\/\/mezosuli.hu\/index.php?rest_route=%2Fwp%2Fv2%2Fcomments&post=218"}],"version-history":[{"count":3,"href":"https:\/\/mezosuli.hu\/index.php?rest_route=\/wp\/v2\/posts\/218\/revisions"}],"predecessor-version":[{"id":3640,"href":"https:\/\/mezosuli.hu\/index.php?rest_route=\/wp\/v2\/posts\/218\/revisions\/3640"}],"wp:attachment":[{"href":"https:\/\/mezosuli.hu\/index.php?rest_route=%2Fwp%2Fv2%2Fmedia&parent=218"}],"wp:term":[{"taxonomy":"category","embeddable":true,"href":"https:\/\/mezosuli.hu\/index.php?rest_route=%2Fwp%2Fv2%2Fcategories&post=218"},{"taxonomy":"post_tag","embeddable":true,"href":"https:\/\/mezosuli.hu\/index.php?rest_route=%2Fwp%2Fv2%2Ftags&post=218"}],"curies":[{"name":"wp","href":"https:\/\/api.w.org\/{rel}","templated":true}]}}