{"id":220,"date":"2017-09-21T10:51:33","date_gmt":"2017-09-21T08:51:33","guid":{"rendered":"https:\/\/uj.mezosuli.hu\/?p=220"},"modified":"2026-03-17T14:26:27","modified_gmt":"2026-03-17T13:26:27","slug":"okokirandulas-merzse-mocsar","status":"publish","type":"post","link":"https:\/\/mezosuli.hu\/?p=220","title":{"rendered":"\u00d6kokir\u00e1ndul\u00e1s &#8211; Merzse-Mocs\u00e1r"},"content":{"rendered":"<hr \/>\n<div align=\"center\">\n<section style=\"font-size: 16px;\">\n<p style=\"font-size: 16px; text-align: left;\"><span style=\"color: #ff6600; font-size: 20pt; font-variant-caps: small-caps; letter-spacing: 1px;\"><span style=\"color: #008000;\">\u00d6ko<\/span>kir\u00e1ndul\u00e1s &#8211; 2017. szeptember 30. (szombat)<\/span><\/p>\n<p><span style=\"font-size: 14pt;\"><img loading=\"lazy\" decoding=\"async\" class=\" size-full wp-image-219\" src=\"https:\/\/uj.mezosuli.hu\/wp-content\/uploads\/2017\/09\/merzse_mocsar_550px.png\" alt=\"merzse mocsar 550px\" width=\"550\" height=\"260\" srcset=\"https:\/\/mezosuli.hu\/wp-content\/uploads\/2017\/09\/merzse_mocsar_550px.png 550w, https:\/\/mezosuli.hu\/wp-content\/uploads\/2017\/09\/merzse_mocsar_550px-300x142.png 300w\" sizes=\"auto, (max-width: 550px) 100vw, 550px\" \/><\/span><\/p>\n<p style=\"text-align: justify;\"><span style=\"font-size: 18.6667px;\"><strong>Helysz\u00edn:<\/strong> Merzse-mocs\u00e1r, Vida-domb (Budapest, XVII. ker\u00fclet).<br \/><strong>Utaz\u00e1shoz sz\u00fcks\u00e9ges:<\/strong> 2 buszjegy.<br \/><strong>Indul\u00e1s:<\/strong> tal\u00e1lkoz\u00f3 09:00 \u00f3rakor az \u00d6rs vez\u00e9r t\u00e9ren (a gomb\u00e1n\u00e1l).<br \/><strong>\u00c9rkez\u00e9s:<\/strong> ugyanide ~14:00 \u00f3rakor.<br \/><strong>T\u00e1v:<\/strong> ~6km, k\u00f6nny\u0171, s\u00edk terep.<br \/><strong>Felszerel\u00e9s, ruh\u00e1zat:<\/strong> viz\u00e1ll\u00f3 cip\u0151 vagy gumicsizma, t\u00e1vcs\u0151, szendvicsek, innival\u00f3, es\u0151\u00e1ll\u00f3 \u00f6lt\u00f6zet.<br \/><strong>R\u00f6vid le\u00edr\u00e1s:<\/strong>&nbsp;Magyarorsz\u00e1gon minden mocs\u00e1r-\u00e9s l\u00e1pter\u00fclet ex lege (a t\u00f6rv\u00e9ny ereje \u00e1ltal v\u00e9dett) ter\u00fclet. Budapest k\u00f6zigazgat\u00e1si hat\u00e1rain bel\u00fcl ez az egyik legh\u00e1bor\u00edtatlanabb vizes \u00e9l\u0151hely, ahol a rendk\u00edv\u00fcl ritka mocs\u00e1ri tekn\u0151s is el\u0151fordul. Rendk\u00edv\u00fcl gazdag mad\u00e1rvil\u00e1ggal rendelkezik, a ter\u00fcleten k\u00f6lt a sz\u00fcrke g\u00e9m, a b\u00f6l\u00f6mbika, a v\u00edzity\u00fak, a barna r\u00e9tih\u00e9ja, sz\u00e1rcsa hogy csak p\u00e1rat eml\u00edts\u00fcnk. A mocs\u00e1r k\u00f6r\u00fcl tan\u00f6sv\u00e9ny kalauzolja az ide l\u00e1togat\u00f3kat.<\/span><\/p>\n<p style=\"text-align: left;\"><span style=\"text-decoration: underline;\"><span style=\"font-size: 14pt;\"><strong>A programot rossz id\u0151 eset\u00e9n is megtartjuk!<\/strong><\/span><\/span><\/p>\n<p style=\"text-align: left;\"><span style=\"font-size: 14pt; text-align: justify;\">Tov\u00e1bbi inform\u00e1ci\u00f3k <strong><a href=\"http:\/\/kirandulastippek.hu\/budapest\/merzse-mocsar\" target=\"_blank\" rel=\"noopener noreferrer\">IDE<\/a><\/strong> kattintva \u00e9rhet\u0151k el!<\/span><\/p>\n<div style=\"font-size: 16px;\" align=\"center\">\n<div>\n<p style=\"float: right;\"><span style=\"font-size: 16px;\">Budapest, 2017 szeptember<br \/><\/span><\/p>\n<\/div>\n<\/div>\n<\/section>\n<\/div>\n","protected":false},"excerpt":{"rendered":"<p>\u00d6kokir\u00e1ndul\u00e1s &#8211; 2017. szeptember 30. (szombat) Helysz\u00edn: Merzse-mocs\u00e1r, Vida-domb (Budapest, XVII. ker\u00fclet).Utaz\u00e1shoz sz\u00fcks\u00e9ges: 2 buszjegy.Indul\u00e1s: tal\u00e1lkoz\u00f3 09:00 \u00f3rakor az \u00d6rs vez\u00e9r t\u00e9ren (a gomb\u00e1n\u00e1l).\u00c9rkez\u00e9s: ugyanide ~14:00 \u00f3rakor.T\u00e1v: ~6km, k\u00f6nny\u0171, s\u00edk&hellip;<\/p>\n","protected":false},"author":1,"featured_media":219,"comment_status":"closed","ping_status":"open","sticky":false,"template":"","format":"standard","meta":{"_jetpack_memberships_contains_paid_content":false,"footnotes":""},"categories":[7],"tags":[],"class_list":["post-220","post","type-post","status-publish","format-standard","has-post-thumbnail","hentry","category-oko-hirek"],"jetpack_featured_media_url":"https:\/\/mezosuli.hu\/wp-content\/uploads\/2017\/09\/merzse_mocsar_550px.png","jetpack_sharing_enabled":true,"_links":{"self":[{"href":"https:\/\/mezosuli.hu\/index.php?rest_route=\/wp\/v2\/posts\/220","targetHints":{"allow":["GET"]}}],"collection":[{"href":"https:\/\/mezosuli.hu\/index.php?rest_route=\/wp\/v2\/posts"}],"about":[{"href":"https:\/\/mezosuli.hu\/index.php?rest_route=\/wp\/v2\/types\/post"}],"author":[{"embeddable":true,"href":"https:\/\/mezosuli.hu\/index.php?rest_route=\/wp\/v2\/users\/1"}],"replies":[{"embeddable":true,"href":"https:\/\/mezosuli.hu\/index.php?rest_route=%2Fwp%2Fv2%2Fcomments&post=220"}],"version-history":[{"count":1,"href":"https:\/\/mezosuli.hu\/index.php?rest_route=\/wp\/v2\/posts\/220\/revisions"}],"predecessor-version":[{"id":2339,"href":"https:\/\/mezosuli.hu\/index.php?rest_route=\/wp\/v2\/posts\/220\/revisions\/2339"}],"wp:featuredmedia":[{"embeddable":true,"href":"https:\/\/mezosuli.hu\/index.php?rest_route=\/wp\/v2\/media\/219"}],"wp:attachment":[{"href":"https:\/\/mezosuli.hu\/index.php?rest_route=%2Fwp%2Fv2%2Fmedia&parent=220"}],"wp:term":[{"taxonomy":"category","embeddable":true,"href":"https:\/\/mezosuli.hu\/index.php?rest_route=%2Fwp%2Fv2%2Fcategories&post=220"},{"taxonomy":"post_tag","embeddable":true,"href":"https:\/\/mezosuli.hu\/index.php?rest_route=%2Fwp%2Fv2%2Ftags&post=220"}],"curies":[{"name":"wp","href":"https:\/\/api.w.org\/{rel}","templated":true}]}}