{"id":222,"date":"2017-09-22T14:03:17","date_gmt":"2017-09-22T12:03:17","guid":{"rendered":"https:\/\/uj.mezosuli.hu\/?p=222"},"modified":"2026-03-20T15:09:05","modified_gmt":"2026-03-20T14:09:05","slug":"idopontvaltozas-alapitvanyi-tanfolyamok","status":"publish","type":"post","link":"https:\/\/mezosuli.hu\/?p=222","title":{"rendered":"Id\u0151pontv\u00e1ltoz\u00e1s &#8211; Alap\u00edtv\u00e1nyi tanfolyamok"},"content":{"rendered":"<hr \/>\n<div align=\"center\">\n<section style=\"font-size: 16px; font-family: 'Raleway', sans-serif;\">\n<p style=\"font-size: 16px; text-align: justify;\"><span style=\"color: maroon; font-size: 20pt; font-variant-caps: small-caps; letter-spacing: 1px; font-family: 'Open Sans', sans-serif;\">Id\u0151pontv\u00e1ltoz\u00e1sok<\/span><\/p>\n<p style=\"text-align: justify;\"><span style=\"font-size: 18pt;\"><br \/>\nTisztelt Sz\u00fcl\u0151k!<\/span><\/p>\n<p style=\"text-align: justify;\"><span style=\"font-size: 14pt;\"><br \/>\nN\u00e9h\u00e1ny alap\u00edtv\u00e1nyi tanfolyamunk (az al\u00e1bbiakban <span style=\"color: #ff0000;\">piros<\/span> kiemel\u00e9ssel jelezz\u00fck) id\u0151pontja megv\u00e1ltozott.<br \/>\n<\/span><\/p>\n<p><a href=\"index.php?option=com_jce&amp;view=popup&amp;tmpl=component\"><img decoding=\"async\" src=\"https:\/\/uj.mezosuli.hu\/wp-content\/uploads\/2017\/09\/diakokert_alapitvany_tanfolyamai_2017-2018_k.png\" alt=\"diakokert alapitvany tanfolyamai 2017 2018 k\" \/><\/a><\/p>\n<p style=\"text-align: justify;\"><span style=\"font-size: 14pt;\">K\u00e9rem, okt\u00f3ber 1-j\u00e9t\u0151l eszerint szervezz\u00e9k gyermek\u00fck d\u00e9lut\u00e1ni programj\u00e1t.<br \/>\n<\/span><\/p>\n<p style=\"text-align: justify;\"><span style=\"font-size: 14pt;\">Budapest, 2017.09.21.<br \/>\n<\/span><\/p>\n<div style=\"font-size: 16px;\" align=\"center\">\n<div>\n<p style=\"float: right;\"><span style=\"font-size: 16px;\">Mostaf\u00e1n\u00e9 Gomb\u00e1r Erzs\u00e9bet<br \/>\nint\u00e9zm\u00e9nyvezet\u0151<br \/>\n<\/span><\/p>\n<p>&nbsp;<\/p>\n<p>&nbsp;<\/p>\n<\/div>\n<\/div>\n<\/section>\n<\/div>\n","protected":false},"excerpt":{"rendered":"<p>Id\u0151pontv\u00e1ltoz\u00e1sok Tisztelt Sz\u00fcl\u0151k! N\u00e9h\u00e1ny alap\u00edtv\u00e1nyi tanfolyamunk (az al\u00e1bbiakban piros kiemel\u00e9ssel jelezz\u00fck) id\u0151pontja megv\u00e1ltozott. K\u00e9rem, okt\u00f3ber 1-j\u00e9t\u0151l eszerint szervezz\u00e9k gyermek\u00fck d\u00e9lut\u00e1ni programj\u00e1t. Budapest, 2017.09.21. Mostaf\u00e1n\u00e9 Gomb\u00e1r Erzs\u00e9bet int\u00e9zm\u00e9nyvezet\u0151 &nbsp; &nbsp;<\/p>\n","protected":false},"author":1,"featured_media":0,"comment_status":"closed","ping_status":"open","sticky":false,"template":"","format":"standard","meta":{"_jetpack_memberships_contains_paid_content":false,"footnotes":""},"categories":[39],"tags":[],"class_list":["post-222","post","type-post","status-publish","format-standard","hentry","category-2017-hirarchivum"],"jetpack_featured_media_url":"","jetpack_sharing_enabled":true,"_links":{"self":[{"href":"https:\/\/mezosuli.hu\/index.php?rest_route=\/wp\/v2\/posts\/222","targetHints":{"allow":["GET"]}}],"collection":[{"href":"https:\/\/mezosuli.hu\/index.php?rest_route=\/wp\/v2\/posts"}],"about":[{"href":"https:\/\/mezosuli.hu\/index.php?rest_route=\/wp\/v2\/types\/post"}],"author":[{"embeddable":true,"href":"https:\/\/mezosuli.hu\/index.php?rest_route=\/wp\/v2\/users\/1"}],"replies":[{"embeddable":true,"href":"https:\/\/mezosuli.hu\/index.php?rest_route=%2Fwp%2Fv2%2Fcomments&post=222"}],"version-history":[{"count":2,"href":"https:\/\/mezosuli.hu\/index.php?rest_route=\/wp\/v2\/posts\/222\/revisions"}],"predecessor-version":[{"id":3636,"href":"https:\/\/mezosuli.hu\/index.php?rest_route=\/wp\/v2\/posts\/222\/revisions\/3636"}],"wp:attachment":[{"href":"https:\/\/mezosuli.hu\/index.php?rest_route=%2Fwp%2Fv2%2Fmedia&parent=222"}],"wp:term":[{"taxonomy":"category","embeddable":true,"href":"https:\/\/mezosuli.hu\/index.php?rest_route=%2Fwp%2Fv2%2Fcategories&post=222"},{"taxonomy":"post_tag","embeddable":true,"href":"https:\/\/mezosuli.hu\/index.php?rest_route=%2Fwp%2Fv2%2Ftags&post=222"}],"curies":[{"name":"wp","href":"https:\/\/api.w.org\/{rel}","templated":true}]}}