{"id":231,"date":"2017-09-27T10:24:50","date_gmt":"2017-09-27T08:24:50","guid":{"rendered":"https:\/\/uj.mezosuli.hu\/?p=231"},"modified":"2026-03-20T15:10:10","modified_gmt":"2026-03-20T14:10:10","slug":"teszedd-onkentesen-a-tiszta-magyarorszagert","status":"publish","type":"post","link":"https:\/\/mezosuli.hu\/?p=231","title":{"rendered":"TeSzedd! \u2013 \u00d6nk\u00e9ntesen a tiszta Magyarorsz\u00e1g\u00e9rt!"},"content":{"rendered":"<hr \/>\n<div align=\"center\">\n<section style=\"font-size: 16px;\">\n<p style=\"font-size: 16px; text-align: justify;\"><span style=\"color: #008000; font-size: 20pt; font-variant-caps: small-caps; letter-spacing: 1px; font-family: Raleway, sans-serif;\">TeSzedd! \u2013 \u00d6nk\u00e9ntesen a tiszta Magyarorsz\u00e1g\u00e9rt!<\/span><\/p>\n<p style=\"text-align: justify;\"><span style=\"font-size: 14pt; font-family: helvetica;\"><br \/>\n<img loading=\"lazy\" decoding=\"async\" class=\" alignleft size-full wp-image-224\" style=\"margin: -15px 10px 10px; vertical-align: top; display: inline-block; float: left;\" src=\"https:\/\/uj.mezosuli.hu\/wp-content\/uploads\/2017\/09\/TeSzedd_logo_200x137px.png\" alt=\"TeSzedd logo 200x137px\" width=\"180\" height=\"123\" \/><span style=\"padding-top: 25px;\">Iskol\u00e1nk id\u00e9n szeptember 15-\u00e9n, m\u00e1r 2. alkalommal csatlakozott ehhez az orsz\u00e1gos m\u00e9ret\u0171 mozgalomhoz, hogy megtiszt\u00edtsuk iskol\u00e1nk k\u00f6rny\u00e9k\u00e9t, s egy tiszt\u00e1bb k\u00f6rnyezetben \u00e9lhess\u00fcnk.<\/span><\/span><\/p>\n<p style=\"text-align: justify;\"><span style=\"font-size: 14pt; font-family: helvetica;\">K\u00e9r\u00fcnk minden feln\u0151ttet \u00e9s gyermeket: <span style=\"color: #008000;\"><strong>Eg\u00e9sz \u00e9vben \u00f3vja, v\u00e9dje k\u00f6rnyezet\u00e9t!<\/strong><\/span><\/span><br \/>\n<span style=\"font-family: helvetica;\"><span style=\"font-size: 14pt;\"><br \/>\n<\/span><\/span><\/p>\n<p><span style=\"font-size: 14pt;\"><a href=\"https:\/\/uj.mezosuli.hu\/wp-content\/uploads\/2017\/09\/tsz_01_1024x768px.png\" target=\"_blank\" rel=\"noopener noreferrer\"><img decoding=\"async\" style=\"margin-right: 5px;\" src=\"https:\/\/uj.mezosuli.hu\/wp-content\/uploads\/2017\/09\/tsz_01_t_240x180.png\" alt=\"tsz 01 t 240x180\" \/><\/a><a href=\"https:\/\/uj.mezosuli.hu\/wp-content\/uploads\/2017\/09\/tsz_02_1024x768px.png\" target=\"_blank\" rel=\"noopener noreferrer\"><img decoding=\"async\" style=\"margin-right: 5px; margin-left: 5px;\" src=\"https:\/\/uj.mezosuli.hu\/wp-content\/uploads\/2017\/09\/tsz_02_t_240x180.png\" alt=\"tsz 02 t 240x180\" \/><\/a><a href=\"https:\/\/uj.mezosuli.hu\/wp-content\/uploads\/2017\/09\/tsz_03_1024x768px.png\" target=\"_blank\" rel=\"noopener noreferrer\"><img decoding=\"async\" style=\"margin-left: 5px;\" src=\"https:\/\/uj.mezosuli.hu\/wp-content\/uploads\/2017\/09\/tsz_03_t_240x180.png\" alt=\"tsz 03 t 240x180\" \/><\/a><\/span><\/p>\n<p style=\"text-align: justify;\"><span style=\"font-family: helvetica;\"><span style=\"font-size: 14pt;\"><br \/>\nGondolkozzunk k\u00f6rnyezettudatosan!\u00a0\u00a0<\/span><span style=\"font-size: 14pt;\">Ne szemetelj\u00fcnk!\u00a0\u00a0<\/span><span style=\"font-size: 14pt;\">Ha lehet\u0151s\u00e9g van r\u00e1, akkor szelekt\u00edven gy\u0171jts\u00fck a hullad\u00e9kot!<\/span><\/span><\/p>\n<div style=\"font-size: 16px;\" align=\"center\">\n<div>\n<p style=\"float: right;\"><span style=\"font-size: 16px;\"><span style=\"font-family: helvetica;\">Budapest, 2017 szeptember<\/span><br \/>\n<\/span><\/p>\n<\/div>\n<\/div>\n<\/section>\n<\/div>\n","protected":false},"excerpt":{"rendered":"<p>TeSzedd! \u2013 \u00d6nk\u00e9ntesen a tiszta Magyarorsz\u00e1g\u00e9rt! Iskol\u00e1nk id\u00e9n szeptember 15-\u00e9n, m\u00e1r 2. alkalommal csatlakozott ehhez az orsz\u00e1gos m\u00e9ret\u0171 mozgalomhoz, hogy megtiszt\u00edtsuk iskol\u00e1nk k\u00f6rny\u00e9k\u00e9t, s egy tiszt\u00e1bb k\u00f6rnyezetben \u00e9lhess\u00fcnk. K\u00e9r\u00fcnk minden&hellip;<\/p>\n","protected":false},"author":1,"featured_media":0,"comment_status":"closed","ping_status":"open","sticky":false,"template":"","format":"standard","meta":{"_jetpack_memberships_contains_paid_content":false,"footnotes":""},"categories":[39],"tags":[],"class_list":["post-231","post","type-post","status-publish","format-standard","hentry","category-2017-hirarchivum"],"jetpack_featured_media_url":"","jetpack_sharing_enabled":true,"_links":{"self":[{"href":"https:\/\/mezosuli.hu\/index.php?rest_route=\/wp\/v2\/posts\/231","targetHints":{"allow":["GET"]}}],"collection":[{"href":"https:\/\/mezosuli.hu\/index.php?rest_route=\/wp\/v2\/posts"}],"about":[{"href":"https:\/\/mezosuli.hu\/index.php?rest_route=\/wp\/v2\/types\/post"}],"author":[{"embeddable":true,"href":"https:\/\/mezosuli.hu\/index.php?rest_route=\/wp\/v2\/users\/1"}],"replies":[{"embeddable":true,"href":"https:\/\/mezosuli.hu\/index.php?rest_route=%2Fwp%2Fv2%2Fcomments&post=231"}],"version-history":[{"count":2,"href":"https:\/\/mezosuli.hu\/index.php?rest_route=\/wp\/v2\/posts\/231\/revisions"}],"predecessor-version":[{"id":3638,"href":"https:\/\/mezosuli.hu\/index.php?rest_route=\/wp\/v2\/posts\/231\/revisions\/3638"}],"wp:attachment":[{"href":"https:\/\/mezosuli.hu\/index.php?rest_route=%2Fwp%2Fv2%2Fmedia&parent=231"}],"wp:term":[{"taxonomy":"category","embeddable":true,"href":"https:\/\/mezosuli.hu\/index.php?rest_route=%2Fwp%2Fv2%2Fcategories&post=231"},{"taxonomy":"post_tag","embeddable":true,"href":"https:\/\/mezosuli.hu\/index.php?rest_route=%2Fwp%2Fv2%2Ftags&post=231"}],"curies":[{"name":"wp","href":"https:\/\/api.w.org\/{rel}","templated":true}]}}