{"id":232,"date":"2017-09-27T15:47:59","date_gmt":"2017-09-27T13:47:59","guid":{"rendered":"https:\/\/uj.mezosuli.hu\/?p=232"},"modified":"2026-03-17T14:26:27","modified_gmt":"2026-03-17T13:26:27","slug":"oko-hirek-2017-09-13","status":"publish","type":"post","link":"https:\/\/mezosuli.hu\/?p=232","title":{"rendered":"\u00d6ko-h\u00edrek 2017.09.13"},"content":{"rendered":"<hr \/>\n<div>\n<p><span style=\"font-size: 20pt; font-variant: small-caps; letter-spacing: 1px; color: #008000;\">Kedves sz\u00fcl\u0151k!<\/span><\/p>\n<section style=\"line-height: 190%;\">\n<div style=\"font-size: 16px;\" align=\"justify;\">\n<p>Megkezd\u0151d\u00f6tt az \u00faj tan\u00e9v. Az&nbsp;\u00d6KO munkacsoport k\u00f6sz\u00f6nti a h\u00edreinket olvas\u00f3kat. Tov\u00e1bbra is&nbsp; folytatjuk&nbsp; k\u00f6rnyezetv\u00e9delmi \u00e9s szeml\u00e9letform\u00e1l\u00f3 munk\u00e1nkat.<\/p>\n<p>\u00c9v eleji&nbsp; &#8222;<strong><span style=\"color: #008000;\">Z\u00d6LD<\/span><\/strong>&#8221;&nbsp;programjaink:<\/p>\n<ul>\n<li><strong>Szeptember 15-e ( p\u00e9ntek ):<\/strong>&nbsp;A&nbsp;<strong><span style=\"color: #008000;\">TeSzedd!&nbsp;Mozgalom<\/span><\/strong>hoz val\u00f3&nbsp;csatlakoz\u00e1ssal&nbsp;n\u00e9h\u00e1ny&nbsp;\u00f6nk\u00e9ntes oszt\u00e1ly&nbsp;megtiszt\u00edtja&nbsp;az iskol\u00e1nk&nbsp;k\u00f6rny\u00e9k\u00e9t&nbsp;a&nbsp;szem\u00e9tt\u0151l.&nbsp;A t\u00f6bbi oszt\u00e1ly az \u00e9p\u00fcletben, az oszt\u00e1lyokat teszi rendbe.\n<\/li>\n<li><strong>Szeptember 16-a (szombat):<\/strong> <span style=\"color: #008000;\"><strong>Takar\u00edt\u00e1si Vil\u00e1gnap<\/strong><\/span> \u2013 K\u00e9r\u00fcnk minden k\u00f6rnyezetszeret\u0151 olvas\u00f3t, hogy ezen a h\u00e9tv\u00e9g\u00e9n vonj\u00e1k be gyermekeiket az otthoni takar\u00edt\u00e1sba!\n<\/li>\n<li><strong>Szeptember 22-e (p\u00e9ntek): <span style=\"color: #008000;\">Eur\u00f3pai Aut\u00f3mentes Nap<\/span><\/strong>\u2013on&nbsp;az als\u00f3s tanul\u00f3knak&nbsp;aszfaltrajzversenyt rendez\u00fcnk. A nagyobbak ker\u00e9kp\u00e1rt\u00far\u00e1n vehetnek r\u00e9szt. (A r\u00e9szleteket plak\u00e1ton hirdetj\u00fck. K\u00eds\u00e9rj\u00e9k figyelemmel a bej\u00e1rati ajt\u00f3n l\u00e9v\u0151 ki\u00edr\u00e1sokat!) K\u00e9rj\u00fck \u00d6n\u00f6ket, hogy ezen a napon a t\u00f6megk\u00f6zleked\u00e9st haszn\u00e1lj\u00e1k a szem\u00e9lyg\u00e9pkocsik helyett!\n<\/li>\n<li><strong>Okt\u00f3ber 4-e (szerda) \u00e9s 5-e (cs\u00fct\u00f6rt\u00f6k): <span style=\"color: #008000;\">Pap\u00edrgy\u0171jt\u00e9s<\/span><\/strong>!&nbsp;Mind a k\u00e9t napon 7 \u00e9s 8&nbsp; \u00f3ra, illetve&nbsp;14&nbsp;\u00e9s&nbsp;18&nbsp;\u00f3ra&nbsp;k\u00f6z\u00f6tt&nbsp;lehet&nbsp;hozni az&nbsp;\u00f6sszek\u00f6t\u00f6z\u00f6tt&nbsp;pap\u00edrt az&nbsp;iskola&nbsp;udvar\u00e1ra. 1&nbsp;tonna&nbsp;pap\u00edrral&nbsp;kb.&nbsp;12&nbsp;feln\u0151tt&nbsp;f\u00e1t&nbsp;tudunk&nbsp;meg\u00f3vni&nbsp;a&nbsp;kiv\u00e1g\u00e1st\u00f3l!!! Legyen&nbsp;k\u00f6z\u00f6s&nbsp;\u00fcgy\u00fcnk a f\u00e1k&nbsp;megment\u00e9se!<\/li>\n<\/ul>\n<\/div>\n<\/section>\n<\/div>\n<p>&nbsp;<\/p>\n<p style=\"float: left;\"><span style=\"font-size: 12pt;\">\u00d6ko munkacsoport<\/span><\/p>\n<div style=\"left: 0; position: relative;\">\n<p style=\"float: right;\"><span style=\"font-size: 12pt;\">Budapest, 2017.09.13.<br \/><\/span><\/p>\n<\/div>\n<p><span style=\"font-size: 12.0pt; line-height: 115%; font-family: 'Times New Roman',serif; mso-fareast-font-family: PMingLiU; mso-fareast-theme-font: minor-fareast; mso-ansi-language: HU; mso-fareast-language: ZH-TW; mso-bidi-language: AR-SA;\"><\/span><\/p>\n","protected":false},"excerpt":{"rendered":"<p>Kedves sz\u00fcl\u0151k! Megkezd\u0151d\u00f6tt az \u00faj tan\u00e9v. Az&nbsp;\u00d6KO munkacsoport k\u00f6sz\u00f6nti a h\u00edreinket olvas\u00f3kat. Tov\u00e1bbra is&nbsp; folytatjuk&nbsp; k\u00f6rnyezetv\u00e9delmi \u00e9s szeml\u00e9letform\u00e1l\u00f3 munk\u00e1nkat. \u00c9v eleji&nbsp; &#8222;Z\u00d6LD&#8221;&nbsp;programjaink: Szeptember 15-e ( p\u00e9ntek ):&nbsp;A&nbsp;TeSzedd!&nbsp;Mozgalomhoz val\u00f3&nbsp;csatlakoz\u00e1ssal&nbsp;n\u00e9h\u00e1ny&nbsp;\u00f6nk\u00e9ntes oszt\u00e1ly&nbsp;megtiszt\u00edtja&nbsp;az iskol\u00e1nk&nbsp;k\u00f6rny\u00e9k\u00e9t&nbsp;a&nbsp;szem\u00e9tt\u0151l.&nbsp;A&hellip;<\/p>\n","protected":false},"author":1,"featured_media":0,"comment_status":"closed","ping_status":"open","sticky":false,"template":"","format":"standard","meta":{"_jetpack_memberships_contains_paid_content":false,"footnotes":""},"categories":[7],"tags":[],"class_list":["post-232","post","type-post","status-publish","format-standard","hentry","category-oko-hirek"],"jetpack_featured_media_url":"","jetpack_sharing_enabled":true,"_links":{"self":[{"href":"https:\/\/mezosuli.hu\/index.php?rest_route=\/wp\/v2\/posts\/232","targetHints":{"allow":["GET"]}}],"collection":[{"href":"https:\/\/mezosuli.hu\/index.php?rest_route=\/wp\/v2\/posts"}],"about":[{"href":"https:\/\/mezosuli.hu\/index.php?rest_route=\/wp\/v2\/types\/post"}],"author":[{"embeddable":true,"href":"https:\/\/mezosuli.hu\/index.php?rest_route=\/wp\/v2\/users\/1"}],"replies":[{"embeddable":true,"href":"https:\/\/mezosuli.hu\/index.php?rest_route=%2Fwp%2Fv2%2Fcomments&post=232"}],"version-history":[{"count":1,"href":"https:\/\/mezosuli.hu\/index.php?rest_route=\/wp\/v2\/posts\/232\/revisions"}],"predecessor-version":[{"id":2471,"href":"https:\/\/mezosuli.hu\/index.php?rest_route=\/wp\/v2\/posts\/232\/revisions\/2471"}],"wp:attachment":[{"href":"https:\/\/mezosuli.hu\/index.php?rest_route=%2Fwp%2Fv2%2Fmedia&parent=232"}],"wp:term":[{"taxonomy":"category","embeddable":true,"href":"https:\/\/mezosuli.hu\/index.php?rest_route=%2Fwp%2Fv2%2Fcategories&post=232"},{"taxonomy":"post_tag","embeddable":true,"href":"https:\/\/mezosuli.hu\/index.php?rest_route=%2Fwp%2Fv2%2Ftags&post=232"}],"curies":[{"name":"wp","href":"https:\/\/api.w.org\/{rel}","templated":true}]}}