{"id":239,"date":"2017-10-04T10:35:13","date_gmt":"2017-10-04T08:35:13","guid":{"rendered":"https:\/\/uj.mezosuli.hu\/?p=239"},"modified":"2026-03-17T14:26:27","modified_gmt":"2026-03-17T13:26:27","slug":"oko-hirek-2017-10-03","status":"publish","type":"post","link":"https:\/\/mezosuli.hu\/?p=239","title":{"rendered":"\u00d6ko-h\u00edrek 2017.10.03"},"content":{"rendered":"<hr \/>\n<p><span style=\"font-family: 'trebuchet ms', geneva;\"><em><span style=\"font-size: 12pt;\">&#8222;Itt van az \u0151sz, itt van \u00fajra&#8230;&#8221;<\/span><\/em><\/span><\/p>\n<div>\n<p><span style=\"font-size: 16px;\"><strong><span style=\"font-size: 14pt;\">Okt\u00f3ber<\/span><\/strong>i <\/span><span style=\"font-size: 16px;\">programjaink:<\/span><\/p>\n<section style=\"line-height: 190%;\">\n<div style=\"font-size: 16px;\" align=\"justify;\">\n<ul>\n<li><strong>Okt\u00f3ber 4-e (szerda):<\/strong>&nbsp;<span style=\"color: #008000;\"><b>\u00c1llatok vil\u00e1gnapja<br \/><\/b><\/span>A felel\u0151s \u00e1llattart\u00e1sra \u00e9s a gazd\u00e1tlan \u00e1llatok helyzet\u00e9re szeretn\u00e9nk felh\u00edvni tanul\u00f3ink \u00e9s a sz\u00fcl\u0151k figyelm\u00e9t. Ez\u00e9rt <strong><span style=\"color: #ff0000;\">okt\u00f3ber 15-ig<\/span><\/strong> v\u00e1rjuk a felaj\u00e1nlott \u00e1llateledeleket a port\u00e1n\u00e1l tal\u00e1lhat\u00f3 gy\u0171jt\u0151pontn\u00e1l.\n<\/li>\n<li><strong>Okt\u00f3ber 5-e (cs\u00fct\u00f6rt\u00f6k):<\/strong>&nbsp;<span style=\"color: #008000;\"><strong>Rajzverseny &#8211; Eredm\u00e9nyhirdet\u00e9s<br \/><\/strong><\/span>Az Aut\u00f3mentes Nap alkalm\u00e1b\u00f3l meghirdetett als\u00f3s rajzp\u00e1ly\u00e1zat eredm\u00e9ny\u00e9nek kihirdet\u00e9se. Az alkot\u00e1sokat az iskola facebook oldal\u00e1n lehet megtekinteni.\n<\/li>\n<li><strong>Okt\u00f3ber utols\u00f3 munkanapja (kedd): <span style=\"color: #008000;\">Takar\u00e9koss\u00e1gi vil\u00e1gnap<br \/><\/span><\/strong>Eml\u00e9kezz\u00fcnk meg err\u0151l a napr\u00f3l! De ne csak ezen a napon takar\u00e9koskodjunk k\u00f6rnyezet\u00fcnk er\u0151forr\u00e1saival! Az \u00e9v minden napj\u00e1n \u00e9lj\u00fcnk k\u00f6rnyezettudatosan!\n<\/li>\n<\/ul>\n<p><strong>Folyamatos teend\u0151ink:<\/strong><\/div>\n<ul>\n<li style=\"font-size: 16px;\">Az iskola <strong><span style=\"color: #008000;\">Kiskert<\/span><\/strong>-j\u00e9nek \u00e1pol\u00e1sa!<\/li>\n<li style=\"font-size: 16px;\">A <strong><span style=\"color: #008000;\">Mad\u00e1retet\u0151k<\/span><\/strong> el\u0151k\u00e9sz\u00edt\u00e9se a t\u00e9li h\u00f3napokra<\/li>\n<\/ul>\n<\/section>\n<\/div>\n<p>&nbsp;<\/p>\n<p style=\"float: left;\"><span style=\"font-size: 12pt;\">\u00d6ko munkacsoport<\/span><\/p>\n<div style=\"left: 0; position: relative;\">\n<p style=\"float: right;\"><span style=\"font-size: 12pt;\">Budapest, 2017.10.03.<br \/><\/span><\/p>\n<\/div>\n<p><span style=\"font-size: 12.0pt; line-height: 115%; font-family: 'Times New Roman',serif; mso-fareast-font-family: PMingLiU; mso-fareast-theme-font: minor-fareast; mso-ansi-language: HU; mso-fareast-language: ZH-TW; mso-bidi-language: AR-SA;\"><\/span><\/p>\n","protected":false},"excerpt":{"rendered":"<p>&#8222;Itt van az \u0151sz, itt van \u00fajra&#8230;&#8221; Okt\u00f3beri programjaink: Okt\u00f3ber 4-e (szerda):&nbsp;\u00c1llatok vil\u00e1gnapjaA felel\u0151s \u00e1llattart\u00e1sra \u00e9s a gazd\u00e1tlan \u00e1llatok helyzet\u00e9re szeretn\u00e9nk felh\u00edvni tanul\u00f3ink \u00e9s a sz\u00fcl\u0151k figyelm\u00e9t. Ez\u00e9rt okt\u00f3ber 15-ig&hellip;<\/p>\n","protected":false},"author":1,"featured_media":0,"comment_status":"closed","ping_status":"open","sticky":false,"template":"","format":"standard","meta":{"_jetpack_memberships_contains_paid_content":false,"footnotes":""},"categories":[7],"tags":[],"class_list":["post-239","post","type-post","status-publish","format-standard","hentry","category-oko-hirek"],"jetpack_featured_media_url":"","jetpack_sharing_enabled":true,"_links":{"self":[{"href":"https:\/\/mezosuli.hu\/index.php?rest_route=\/wp\/v2\/posts\/239","targetHints":{"allow":["GET"]}}],"collection":[{"href":"https:\/\/mezosuli.hu\/index.php?rest_route=\/wp\/v2\/posts"}],"about":[{"href":"https:\/\/mezosuli.hu\/index.php?rest_route=\/wp\/v2\/types\/post"}],"author":[{"embeddable":true,"href":"https:\/\/mezosuli.hu\/index.php?rest_route=\/wp\/v2\/users\/1"}],"replies":[{"embeddable":true,"href":"https:\/\/mezosuli.hu\/index.php?rest_route=%2Fwp%2Fv2%2Fcomments&post=239"}],"version-history":[{"count":1,"href":"https:\/\/mezosuli.hu\/index.php?rest_route=\/wp\/v2\/posts\/239\/revisions"}],"predecessor-version":[{"id":2472,"href":"https:\/\/mezosuli.hu\/index.php?rest_route=\/wp\/v2\/posts\/239\/revisions\/2472"}],"wp:attachment":[{"href":"https:\/\/mezosuli.hu\/index.php?rest_route=%2Fwp%2Fv2%2Fmedia&parent=239"}],"wp:term":[{"taxonomy":"category","embeddable":true,"href":"https:\/\/mezosuli.hu\/index.php?rest_route=%2Fwp%2Fv2%2Fcategories&post=239"},{"taxonomy":"post_tag","embeddable":true,"href":"https:\/\/mezosuli.hu\/index.php?rest_route=%2Fwp%2Fv2%2Ftags&post=239"}],"curies":[{"name":"wp","href":"https:\/\/api.w.org\/{rel}","templated":true}]}}