{"id":252,"date":"2017-11-10T09:00:56","date_gmt":"2017-11-10T08:00:56","guid":{"rendered":"https:\/\/uj.mezosuli.hu\/?p=252"},"modified":"2026-03-20T15:08:19","modified_gmt":"2026-03-20T14:08:19","slug":"oktober-23-i-unnepseg-2017","status":"publish","type":"post","link":"https:\/\/mezosuli.hu\/?p=252","title":{"rendered":"Okt\u00f3ber 23-i \u00fcnneps\u00e9g (2017)"},"content":{"rendered":"<hr \/>\n<div style=\"font-family: 'Raleway', sans-serif; line-height: 24px;\">\n<section style=\"font-size: 16px;\">\n<p style=\"font-size: 16px; text-align: justify; font-family: 'Open Sans', sans-serif; font-weight: 500;\"><span style=\"color: #ff6600; font-size: 20pt; font-variant-caps: small-caps; letter-spacing: 1pt;\">1956. okt\u00f3ber 23.<\/span><\/p>\n<p>&nbsp;<\/p>\n<p style=\"line-height: 24px; margin-right: 10px;\"><span style=\"font-size: 14pt;\"><span style=\"padding-top: 25px;\">Iskol\u00e1nkban okt\u00f3ber 20-\u00e1n megeml\u00e9kezt\u00fcnk az 1956-os forradalom \u00e9s szabads\u00e1gharc esem\u00e9nyeir\u0151l.\u00a0A 6.d oszt\u00e1ly el\u0151ad\u00e1s\u00e1ban megelevenedett a 20 nap t\u00f6rt\u00e9nete.<br \/>\n<\/span><\/span><\/p>\n<p style=\"line-height: 24px; margin-right: 10px; text-align: center;\"><img loading=\"lazy\" decoding=\"async\" class=\" size-full wp-image-251\" style=\"display: block; margin-left: auto; margin-right: auto;\" src=\"https:\/\/uj.mezosuli.hu\/wp-content\/uploads\/2017\/11\/oktober_23.png\" alt=\"\" width=\"700\" height=\"340\" srcset=\"https:\/\/mezosuli.hu\/wp-content\/uploads\/2017\/11\/oktober_23.png 700w, https:\/\/mezosuli.hu\/wp-content\/uploads\/2017\/11\/oktober_23-300x146.png 300w\" sizes=\"auto, (max-width: 700px) 100vw, 700px\" \/><\/p>\n<p style=\"line-height: 24px; margin-right: 10px;\"><span style=\"font-size: 14pt;\"><span style=\"padding-top: 25px;\">Egy 14 \u00e9ves fi\u00fa napl\u00f3ban meg\u00f6r\u00f6k\u00edtett feljegyz\u00e9sei, valamint versek \u00e9s dalok seg\u00edts\u00e9g\u00e9vel \u00e9letre kelt a t\u00f6rt\u00e9nelem.<\/span><\/span><\/p>\n<div style=\"font-size: 16px;\" align=\"center\">\n<p style=\"font-size: 14px;\">Tov\u00e1bbi k\u00e9pek a <a href=\"index.php\/2016-02-09-12-12-30\/2016-02-09-12-12-54\/2017-2018-as-tanev\/category\/30-oktober-23-i-unnepseg\">gal\u00e9ri\u00e1ban&#8230;<\/a><\/p>\n<div>\n<p style=\"float: right;\"><span style=\"font-size: 16px; font-family: 'Raleway', sans-serif;\">Budapest, 2017 okt\u00f3ber<br \/>\n<\/span><\/p>\n<\/div>\n<\/div>\n<\/section>\n<p>&nbsp;<\/p>\n<\/div>\n","protected":false},"excerpt":{"rendered":"<p>1956. okt\u00f3ber 23. &nbsp; Iskol\u00e1nkban okt\u00f3ber 20-\u00e1n megeml\u00e9kezt\u00fcnk az 1956-os forradalom \u00e9s szabads\u00e1gharc esem\u00e9nyeir\u0151l.\u00a0A 6.d oszt\u00e1ly el\u0151ad\u00e1s\u00e1ban megelevenedett a 20 nap t\u00f6rt\u00e9nete. Egy 14 \u00e9ves fi\u00fa napl\u00f3ban meg\u00f6r\u00f6k\u00edtett feljegyz\u00e9sei, valamint&hellip;<\/p>\n","protected":false},"author":1,"featured_media":0,"comment_status":"closed","ping_status":"open","sticky":false,"template":"","format":"standard","meta":{"_jetpack_memberships_contains_paid_content":false,"footnotes":""},"categories":[39],"tags":[],"class_list":["post-252","post","type-post","status-publish","format-standard","hentry","category-2017-hirarchivum"],"jetpack_featured_media_url":"","jetpack_sharing_enabled":true,"_links":{"self":[{"href":"https:\/\/mezosuli.hu\/index.php?rest_route=\/wp\/v2\/posts\/252","targetHints":{"allow":["GET"]}}],"collection":[{"href":"https:\/\/mezosuli.hu\/index.php?rest_route=\/wp\/v2\/posts"}],"about":[{"href":"https:\/\/mezosuli.hu\/index.php?rest_route=\/wp\/v2\/types\/post"}],"author":[{"embeddable":true,"href":"https:\/\/mezosuli.hu\/index.php?rest_route=\/wp\/v2\/users\/1"}],"replies":[{"embeddable":true,"href":"https:\/\/mezosuli.hu\/index.php?rest_route=%2Fwp%2Fv2%2Fcomments&post=252"}],"version-history":[{"count":2,"href":"https:\/\/mezosuli.hu\/index.php?rest_route=\/wp\/v2\/posts\/252\/revisions"}],"predecessor-version":[{"id":3634,"href":"https:\/\/mezosuli.hu\/index.php?rest_route=\/wp\/v2\/posts\/252\/revisions\/3634"}],"wp:attachment":[{"href":"https:\/\/mezosuli.hu\/index.php?rest_route=%2Fwp%2Fv2%2Fmedia&parent=252"}],"wp:term":[{"taxonomy":"category","embeddable":true,"href":"https:\/\/mezosuli.hu\/index.php?rest_route=%2Fwp%2Fv2%2Fcategories&post=252"},{"taxonomy":"post_tag","embeddable":true,"href":"https:\/\/mezosuli.hu\/index.php?rest_route=%2Fwp%2Fv2%2Ftags&post=252"}],"curies":[{"name":"wp","href":"https:\/\/api.w.org\/{rel}","templated":true}]}}