{"id":260,"date":"2017-11-13T09:39:06","date_gmt":"2017-11-13T08:39:06","guid":{"rendered":"https:\/\/uj.mezosuli.hu\/?p=260"},"modified":"2026-03-17T14:26:27","modified_gmt":"2026-03-17T13:26:27","slug":"oko-hirek-2017-11-03","status":"publish","type":"post","link":"https:\/\/mezosuli.hu\/?p=260","title":{"rendered":"\u00d6ko-h\u00edrek 2017.11.03"},"content":{"rendered":"<hr \/>\n<p><span style=\"font-size: 16px;\"><span style=\"font-size: 14pt;\"><strong>November<\/strong><\/span> h\u00f3napban az al\u00e1bbi programok v\u00e1rhat\u00f3ak<\/span><span style=\"font-size: 16px;\">:<\/span><\/p>\n<div>\n<section style=\"line-height: 190%;\">\n<div style=\"font-size: 16px;\" align=\"justify;\">\n<ul>\n<li>Avargy\u0171jt\u00e9s az iskola udvar\u00e1n<\/li>\n<li><span>Mad\u00e1retet\u0151k kihelyez\u00e9se, madarak gondoz\u00e1sa<\/span><\/li>\n<li><span style=\"color: #008000;\">\u00d6ko Iskol\u00e1k Tal\u00e1lkoz\u00f3ja<\/span>: <em>workshop<\/em><\/li>\n<li>Csatlakoz\u00e1s az <span style=\"color: #008000;\">Eur\u00f3pai Hullad\u00e9kcs\u00f6kkent\u00e9si H\u00e9t<\/span>hez<\/li>\n<\/ul>\n<p><strong><span style=\"font-size: 16px;\">Folyamatos programjaink:<\/span><\/strong><\/div>\n<ul>\n<li style=\"font-size: 16px;\"><span style=\"font-size: 16px;\"><span style=\"color: #008000;\">CSERE\u2013BERE&nbsp;POLC<\/span>&nbsp;fel\u00faj\u00edt\u00e1sa.<\/span><\/li>\n<li style=\"font-size: 16px; text-align: justify;\"><span style=\"font-size: 16px;\"><span style=\"color: #008000;\">\u00d6K\u00d6&nbsp;k\u00f6nyvt\u00e1r&nbsp;l\u00e9trehoz\u00e1sa.<\/span>&nbsp;Olyan&nbsp;k\u00f6nyveket&nbsp;v\u00e1runk, melyek m\u00e1r feleslegess\u00e9 v\u00e1ltak&nbsp;otthon, de&nbsp;nem&nbsp; szeretn\u00e9nek kidobni.<\/span><\/li>\n<li style=\"font-size: 16px; text-align: justify;\"><span style=\"font-size: 16px;\"><span style=\"color: #008000;\"><em>&#8222;Adj&nbsp;\u00faj&nbsp;\u00e9letet&nbsp;t\u00e1rgyaidnak!&#8221;<\/em><\/span>&nbsp;ki\u00e1ll\u00edt\u00e1s&nbsp;szervez\u00e9se. Van elromlott vagy feleslegess\u00e9 v\u00e1lt t\u00e1rgy van otthon? Nem kell&nbsp;kidobni. Jav\u00edts\u00e1k&nbsp;meg!&nbsp;K\u00e9sz\u00edtsenek&nbsp;\u00faj&nbsp;t\u00e1rgyat bel\u0151le! Hozz\u00e1k&nbsp; be az iskol\u00e1ba, mi ki\u00e1ll\u00edtjuk. V\u00e1rjuk a kreat\u00edv&nbsp;megold\u00e1sokat! K\u00e9rj\u00fck a sz\u00fcl\u0151ket, seg\u00edts\u00e9k gyermekeiket \u00f6tleteik megval\u00f3s\u00edt\u00e1s\u00e1ban! <strong>November 27-ig<\/strong> v\u00e1rjuk az alkot\u00e1sokat.<\/span><\/li>\n<li style=\"font-size: 16px;\"><span><strong>27-e h\u00e9tf\u0151:<\/strong> Az <span style=\"color: #008000;\">Eur\u00f3pai Hullad\u00e9kcs\u00f6kkent\u00e9si H\u00e9t<\/span> lez\u00e1r\u00e1sa.<\/span><\/li>\n<\/ul>\n<div>&nbsp;<\/div>\n<\/section>\n<\/div>\n<p style=\"float: left;\"><span style=\"font-size: 12pt;\">\u00d6ko munkacsoport<\/span><\/p>\n<div style=\"left: 0; position: relative;\">\n<p style=\"float: right;\"><span style=\"font-size: 12pt;\">Budapest, 2017.11.03.<br \/><\/span><\/p>\n<\/div>\n<p><span style=\"font-size: 12.0pt; line-height: 115%; font-family: 'Times New Roman',serif; mso-fareast-font-family: PMingLiU; mso-fareast-theme-font: minor-fareast; mso-ansi-language: HU; mso-fareast-language: ZH-TW; mso-bidi-language: AR-SA;\"><\/span><\/p>\n","protected":false},"excerpt":{"rendered":"<p>November h\u00f3napban az al\u00e1bbi programok v\u00e1rhat\u00f3ak: Avargy\u0171jt\u00e9s az iskola udvar\u00e1n Mad\u00e1retet\u0151k kihelyez\u00e9se, madarak gondoz\u00e1sa \u00d6ko Iskol\u00e1k Tal\u00e1lkoz\u00f3ja: workshop Csatlakoz\u00e1s az Eur\u00f3pai Hullad\u00e9kcs\u00f6kkent\u00e9si H\u00e9thez Folyamatos programjaink: CSERE\u2013BERE&nbsp;POLC&nbsp;fel\u00faj\u00edt\u00e1sa. \u00d6K\u00d6&nbsp;k\u00f6nyvt\u00e1r&nbsp;l\u00e9trehoz\u00e1sa.&nbsp;Olyan&nbsp;k\u00f6nyveket&nbsp;v\u00e1runk, melyek m\u00e1r feleslegess\u00e9&hellip;<\/p>\n","protected":false},"author":1,"featured_media":0,"comment_status":"closed","ping_status":"open","sticky":false,"template":"","format":"standard","meta":{"_jetpack_memberships_contains_paid_content":false,"footnotes":""},"categories":[7],"tags":[],"class_list":["post-260","post","type-post","status-publish","format-standard","hentry","category-oko-hirek"],"jetpack_featured_media_url":"","jetpack_sharing_enabled":true,"_links":{"self":[{"href":"https:\/\/mezosuli.hu\/index.php?rest_route=\/wp\/v2\/posts\/260","targetHints":{"allow":["GET"]}}],"collection":[{"href":"https:\/\/mezosuli.hu\/index.php?rest_route=\/wp\/v2\/posts"}],"about":[{"href":"https:\/\/mezosuli.hu\/index.php?rest_route=\/wp\/v2\/types\/post"}],"author":[{"embeddable":true,"href":"https:\/\/mezosuli.hu\/index.php?rest_route=\/wp\/v2\/users\/1"}],"replies":[{"embeddable":true,"href":"https:\/\/mezosuli.hu\/index.php?rest_route=%2Fwp%2Fv2%2Fcomments&post=260"}],"version-history":[{"count":1,"href":"https:\/\/mezosuli.hu\/index.php?rest_route=\/wp\/v2\/posts\/260\/revisions"}],"predecessor-version":[{"id":2473,"href":"https:\/\/mezosuli.hu\/index.php?rest_route=\/wp\/v2\/posts\/260\/revisions\/2473"}],"wp:attachment":[{"href":"https:\/\/mezosuli.hu\/index.php?rest_route=%2Fwp%2Fv2%2Fmedia&parent=260"}],"wp:term":[{"taxonomy":"category","embeddable":true,"href":"https:\/\/mezosuli.hu\/index.php?rest_route=%2Fwp%2Fv2%2Fcategories&post=260"},{"taxonomy":"post_tag","embeddable":true,"href":"https:\/\/mezosuli.hu\/index.php?rest_route=%2Fwp%2Fv2%2Ftags&post=260"}],"curies":[{"name":"wp","href":"https:\/\/api.w.org\/{rel}","templated":true}]}}