{"id":264,"date":"2017-11-14T11:13:35","date_gmt":"2017-11-14T10:13:35","guid":{"rendered":"https:\/\/uj.mezosuli.hu\/?p=264"},"modified":"2026-03-20T15:06:04","modified_gmt":"2026-03-20T14:06:04","slug":"felfedezouton-zugloi-filharmonia","status":"publish","type":"post","link":"https:\/\/mezosuli.hu\/?p=264","title":{"rendered":"Felfedez\u0151\u00faton &#8211; Zugl\u00f3i Filharm\u00f3nia"},"content":{"rendered":"<hr \/>\n<div style=\"font-family: 'Raleway', sans-serif; line-height: 24px;\">\n<section style=\"font-size: 16px;\">\n<div>\n<p style=\"font-size: 16px; text-align: justify; font-family: 'Open Sans', sans-serif; font-weight: 500;\"><span style=\"color: #ff6600; font-size: 20pt; font-variant-caps: small-caps; letter-spacing: 1pt;\">Zenei felfedez\u00e9s a f\u00f6ldrajzi felfedez\u0151 utc\u00e1j\u00e1ban<\/span><\/p>\n<p>&nbsp;<\/p>\n<p class=\"clearfix\" style=\"line-height: 24px; margin-right: 10px; text-align: justify;\"><span style=\"font-size: 14pt;\"><span style=\"padding-top: 25px;\"><a href=\"https:\/\/uj.mezosuli.hu\/wp-content\/uploads\/2017\/11\/felfedezouton_2017_november.pdf\" target=\"_blank\" rel=\"noopener noreferrer\"><img loading=\"lazy\" decoding=\"async\" style=\"margin: 5px 0px 0px 15px; display: inline-block; float: right;\" src=\"https:\/\/uj.mezosuli.hu\/wp-content\/uploads\/2017\/11\/felfedezouton_2017_november.png\" alt=\"Felfedez\u0151\u00faton - m\u0171sorf\u00fczet\" width=\"200\" height=\"190\" \/><\/a>V\u00e9letlen vagy sorsszer\u0171? A Zugl\u00f3i Szent Istv\u00e1n Zeneh\u00e1z a Colombus utc\u00e1ban tev\u00e9kenykedik. Mi \u00e9vr\u0151l \u00e9vre a felfedez\u0151 haj\u00f3j\u00e1r\u00f3l sz\u00e1llunk partra egy \u00fajabb zenei vil\u00e1gba. \u201eJ\u00f3l\u00f6lt\u00f6z\u00f6tten\u201d egyenruh\u00e1ban, \u201eA rosszul \u0151rz\u00f6tt l\u00e1ny\u201d c\u00edm\u0171 koncerten ism\u00e9t k\u00fcl\u00f6nleges \u00e9lm\u00e9nyben volt r\u00e9sze a Dr. Mez\u0151 Ferenc \u00c1ltal\u00e1nos Iskola k\u00f6zel 400 f\u0151s k\u00f6z\u00f6ss\u00e9gnek.<\/span><\/span><\/p>\n<p>Ig\u00e9nyes komolyzenei v\u00e1logat\u00e1s, humorral p\u00e1ros\u00edtva. Eleg\u00e1ns mozdulatok \u00e9s m\u0171v\u00e9szien bemutatott esetlens\u00e9g. Zeneszerz\u0151k karikat\u00far\u00e1ban \u00e1br\u00e1zolva. Oscar-d\u00edjas anim\u00e1ci\u00f3s film. Orfeusszal az alvil\u00e1gban, pezsg\u0151s vari\u00e1ci\u00f3ban kicsit \u00e1zottan, \u00e1llatokkal m\u00e1s dimenzi\u00f3ban,- f\u00fclre, szemre hat\u00f3 \u00e9lm\u00e9nyek sora. Z\u00e1borszky K\u00e1lm\u00e1n \u00e9s a Zugl\u00f3i Filharm\u00f3nikusok vitalit\u00e1sa, Solymosi Tari Em\u0151ke \u00e9rdekes magyar\u00e1zata, egyedi hangsz\u00edne, mosolygoss\u00e1 tette arcunkat, lelk\u00fcnket.<\/p>\n<p>Szerencs\u00e9sek vagyunk, hogy zugl\u00f3i pedag\u00f3gusok \u00e9s tanul\u00f3k vagyunk. Z\u00e1borszky K\u00e1lm\u00e1n, a filharm\u00f3nikusok karmestere, elk\u00f6telezett, meghat\u00e1roz\u00f3 szem\u00e9lyis\u00e9g, a zenei kult\u00fara nagyk\u00f6vete a ker\u00fcletben. Hagyom\u00e1nyos, komplex hangversenyei sok \u00e9ve magas sz\u00ednvonal\u00fa m\u0171v\u00e9szeti \u00e9lm\u00e9nyt k\u00f6zvet\u00edtenek t\u00f6bb ezer tanul\u00f3nak. A komolyzen\u00e9vel val\u00f3 tal\u00e1lkoz\u00e1s saj\u00e1tos, \u00e9rt\u00e9kes form\u00e1j\u00e1t teremti meg.<br \/>\n<img loading=\"lazy\" decoding=\"async\" class=\" size-full wp-image-263\" style=\"display: block; margin-left: auto; margin-right: auto; margin-top: 30px;\" src=\"https:\/\/uj.mezosuli.hu\/wp-content\/uploads\/2017\/11\/felfedezouton_6d_nagyterem.png\" alt=\"felfedezouton 6d nagyterem\" width=\"700\" height=\"371\" srcset=\"https:\/\/mezosuli.hu\/wp-content\/uploads\/2017\/11\/felfedezouton_6d_nagyterem.png 700w, https:\/\/mezosuli.hu\/wp-content\/uploads\/2017\/11\/felfedezouton_6d_nagyterem-300x159.png 300w\" sizes=\"auto, (max-width: 700px) 100vw, 700px\" \/><\/p>\n<\/div>\n<div>\n<div style=\"font-size: 16px;\" align=\"center\">\n<p style=\"font-size: 14px;\">A nagyteremben a 6.d-vel<\/p>\n<div>\n<p class=\"clearfix\" style=\"line-height: 24px; margin-right: 10px; text-align: justify;\"><span style=\"font-size: 14pt;\"><span style=\"padding-top: 25px;\">\u00c1ld\u00e1sos munk\u00e1j\u00e1\u00e9rt k\u00f6sz\u00f6netemet fejezem ki a Dr. Mez\u0151 Ferenc \u00c1ltal\u00e1nos Iskola nev\u00e9ben.<br \/>\n<\/span><\/span><\/p>\n<\/div>\n<div><\/div>\n<\/div>\n<div align=\"center\">\n<p style=\"float: right;\"><span style=\"font-size: 16px; font-family: 'Raleway', sans-serif;\">Mostaf\u00e1n\u00e9 Gomb\u00e1r Erzs\u00e9bet<br \/>\nint\u00e9zm\u00e9nyvezet\u0151<br \/>\nBudapest, 2017. november 14.<br \/>\n<\/span><\/p>\n<\/div>\n<\/div>\n<\/section>\n<p>&nbsp;<\/p>\n<\/div>\n","protected":false},"excerpt":{"rendered":"<p>Zenei felfedez\u00e9s a f\u00f6ldrajzi felfedez\u0151 utc\u00e1j\u00e1ban &nbsp; V\u00e9letlen vagy sorsszer\u0171? A Zugl\u00f3i Szent Istv\u00e1n Zeneh\u00e1z a Colombus utc\u00e1ban tev\u00e9kenykedik. Mi \u00e9vr\u0151l \u00e9vre a felfedez\u0151 haj\u00f3j\u00e1r\u00f3l sz\u00e1llunk partra egy \u00fajabb zenei&hellip;<\/p>\n","protected":false},"author":1,"featured_media":0,"comment_status":"closed","ping_status":"open","sticky":false,"template":"","format":"standard","meta":{"_jetpack_memberships_contains_paid_content":false,"footnotes":""},"categories":[39],"tags":[],"class_list":["post-264","post","type-post","status-publish","format-standard","hentry","category-2017-hirarchivum"],"jetpack_featured_media_url":"","jetpack_sharing_enabled":true,"_links":{"self":[{"href":"https:\/\/mezosuli.hu\/index.php?rest_route=\/wp\/v2\/posts\/264","targetHints":{"allow":["GET"]}}],"collection":[{"href":"https:\/\/mezosuli.hu\/index.php?rest_route=\/wp\/v2\/posts"}],"about":[{"href":"https:\/\/mezosuli.hu\/index.php?rest_route=\/wp\/v2\/types\/post"}],"author":[{"embeddable":true,"href":"https:\/\/mezosuli.hu\/index.php?rest_route=\/wp\/v2\/users\/1"}],"replies":[{"embeddable":true,"href":"https:\/\/mezosuli.hu\/index.php?rest_route=%2Fwp%2Fv2%2Fcomments&post=264"}],"version-history":[{"count":2,"href":"https:\/\/mezosuli.hu\/index.php?rest_route=\/wp\/v2\/posts\/264\/revisions"}],"predecessor-version":[{"id":3630,"href":"https:\/\/mezosuli.hu\/index.php?rest_route=\/wp\/v2\/posts\/264\/revisions\/3630"}],"wp:attachment":[{"href":"https:\/\/mezosuli.hu\/index.php?rest_route=%2Fwp%2Fv2%2Fmedia&parent=264"}],"wp:term":[{"taxonomy":"category","embeddable":true,"href":"https:\/\/mezosuli.hu\/index.php?rest_route=%2Fwp%2Fv2%2Fcategories&post=264"},{"taxonomy":"post_tag","embeddable":true,"href":"https:\/\/mezosuli.hu\/index.php?rest_route=%2Fwp%2Fv2%2Ftags&post=264"}],"curies":[{"name":"wp","href":"https:\/\/api.w.org\/{rel}","templated":true}]}}