{"id":283,"date":"2017-11-24T13:01:02","date_gmt":"2017-11-24T12:01:02","guid":{"rendered":"https:\/\/uj.mezosuli.hu\/?p=283"},"modified":"2026-03-20T15:05:37","modified_gmt":"2026-03-20T14:05:37","slug":"elsosegelynyujtas-2017-11-23","status":"publish","type":"post","link":"https:\/\/mezosuli.hu\/?p=283","title":{"rendered":"Els\u0151seg\u00e9lyny\u00fajt\u00e1s &#8211; 2017.11.23"},"content":{"rendered":"<hr \/>\n<div class=\"clearfix\" align=\"center\">\n<section style=\"font-size: 16px; font-family: 'Raleway', sans-serif; line-height: 24px;\">\n<p style=\"font-size: 16px; text-align: justify;\"><span style=\"color: #ff6600; font-size: 20pt; font-variant-caps: small-caps; letter-spacing: 1px; font-family: 'Open Sans', sans-serif; font-weight: 500;\">Els\u0151seg\u00e9lyny\u00fajt\u00e1s<\/span><\/p>\n<p>&nbsp;<\/p>\n<p style=\"text-align: justify;\"><span style=\"font-size: 14pt;\"><span style=\"font-size: 14pt;\">&#8222;Horv\u00e1th Lilla vagyok a Magyar Ifj\u00fas\u00e1gi V\u00f6r\u00f6skereszt \u00f6nk\u00e9ntes els\u0151seg\u00e9lyny\u00fajt\u00f3 el\u0151ad\u00f3ja. A mai napon az iskol\u00e1ban 6. \u00e9s 7. oszt\u00e1lyosokkal foglalkoztam. Megtanultuk<\/span><\/span><\/p>\n<ul>\n<li style=\"text-align: justify;\"><span style=\"font-size: 14pt;\"><span style=\"font-size: 14pt;\">hogyan kell kezelni egy \u00e1jul\u00e1sos embert,<\/span><\/span><\/li>\n<li style=\"text-align: justify;\"><span style=\"font-size: 14pt;\"><span style=\"font-size: 14pt;\">mik a stabil oldalfektet\u00e9s l\u00e9p\u00e9sei \u00e9s<\/span><\/span><\/li>\n<li style=\"text-align: justify;\"><span style=\"font-size: 14pt;\"><span style=\"font-size: 14pt;\">hogyan v\u00e9gezz\u00fck az \u00fajra \u00e9leszt\u00e9st.<\/span><\/span><\/li>\n<\/ul>\n<p style=\"text-align: justify;\"><span style=\"font-size: 14pt;\"><span style=\"font-size: 14pt;\">A di\u00e1kok nyitottak \u00e9s \u00e9rdekl\u0151d\u0151k voltak \u00e9s a gyakorlatoknak k\u00f6sz\u00f6nhet\u0151en j\u00f3l el is saj\u00e1t\u00edtott\u00e1k az els\u0151seg\u00e9ly ny\u00fajt\u00e1s legfontosabb elemeit. \u00dagy gondolom a program el\u00e9rte a c\u00e9lj\u00e1t, hiszen az els\u0151seg\u00e9ly oktat\u00e1s m\u00e1r fiatal korban is l\u00e9tfontoss\u00e1g\u00fa saj\u00e1t maguk \u00e9s t\u00e1rsaik meg\u00f3v\u00e1sa c\u00e9lj\u00e1b\u00f3l.&#8221;<br \/>\n<span style=\"font-family: 'Marck Script', cursive, sans-serif; font-size: 16pt; float: right;\">\u2013 Horv\u00e1th Lilla<\/span><\/span><br \/>\n<\/span><\/p>\n<p style=\"text-align: justify;\">\n<p><span style=\"font-size: 14pt;\"><a href=\"https:\/\/uj.mezosuli.hu\/wp-content\/uploads\/2017\/11\/elsosegelynyujtas_01.jpg\" target=\"_blank\" rel=\"noopener noreferrer\"><img decoding=\"async\" style=\"margin-right: 5px;\" src=\"https:\/\/uj.mezosuli.hu\/wp-content\/uploads\/2017\/11\/elsosegelynyujtas_01_t.jpg\" alt=\"elsosegelynyujtas 01\" \/><\/a><a href=\"https:\/\/uj.mezosuli.hu\/wp-content\/uploads\/2017\/11\/elsosegelynyujtas_02.jpg\" target=\"_blank\" rel=\"noopener noreferrer\"><img decoding=\"async\" style=\"margin-right: 5px; margin-left: 5px;\" src=\"https:\/\/uj.mezosuli.hu\/wp-content\/uploads\/2017\/11\/elsosegelynyujtas_02_t.jpg\" alt=\"elsosegelynyujtas 02\" \/><\/a><a href=\"https:\/\/uj.mezosuli.hu\/wp-content\/uploads\/2017\/11\/elsosegelynyujtas_03.jpg\" target=\"_blank\" rel=\"noopener noreferrer\"><img decoding=\"async\" style=\"margin-left: 5px;\" src=\"https:\/\/uj.mezosuli.hu\/wp-content\/uploads\/2017\/11\/elsosegelynyujtas_03_t.jpg\" alt=\"elsosegelynyujtas\" \/><\/a><\/span><\/p>\n<p style=\"font-size: 14px;\">Tov\u00e1bbi k\u00e9pek a <a href=\"index.php\/2016-02-09-12-12-30\/2016-02-09-12-12-54\/2017-2018-as-tanev\/category\/32-elsosegelynyujtas-2017-11-23\" target=\"_self\">gal\u00e9ri\u00e1ban<\/a>&#8230;<\/p>\n<div style=\"font-size: 16px;\" align=\"center\">\n<div>\n<p style=\"float: right;\"><span style=\"font-size: 16px; font-family: 'Raleway', sans-serif;\">Budapest, 2017. november 23.<br \/>\n<\/span><\/p>\n<\/div>\n<\/div>\n<\/section>\n<\/div>\n","protected":false},"excerpt":{"rendered":"<p>Els\u0151seg\u00e9lyny\u00fajt\u00e1s &nbsp; &#8222;Horv\u00e1th Lilla vagyok a Magyar Ifj\u00fas\u00e1gi V\u00f6r\u00f6skereszt \u00f6nk\u00e9ntes els\u0151seg\u00e9lyny\u00fajt\u00f3 el\u0151ad\u00f3ja. A mai napon az iskol\u00e1ban 6. \u00e9s 7. oszt\u00e1lyosokkal foglalkoztam. Megtanultuk hogyan kell kezelni egy \u00e1jul\u00e1sos embert, mik&hellip;<\/p>\n","protected":false},"author":1,"featured_media":0,"comment_status":"closed","ping_status":"open","sticky":false,"template":"","format":"standard","meta":{"_jetpack_memberships_contains_paid_content":false,"footnotes":""},"categories":[39],"tags":[],"class_list":["post-283","post","type-post","status-publish","format-standard","hentry","category-2017-hirarchivum"],"jetpack_featured_media_url":"","jetpack_sharing_enabled":true,"_links":{"self":[{"href":"https:\/\/mezosuli.hu\/index.php?rest_route=\/wp\/v2\/posts\/283","targetHints":{"allow":["GET"]}}],"collection":[{"href":"https:\/\/mezosuli.hu\/index.php?rest_route=\/wp\/v2\/posts"}],"about":[{"href":"https:\/\/mezosuli.hu\/index.php?rest_route=\/wp\/v2\/types\/post"}],"author":[{"embeddable":true,"href":"https:\/\/mezosuli.hu\/index.php?rest_route=\/wp\/v2\/users\/1"}],"replies":[{"embeddable":true,"href":"https:\/\/mezosuli.hu\/index.php?rest_route=%2Fwp%2Fv2%2Fcomments&post=283"}],"version-history":[{"count":2,"href":"https:\/\/mezosuli.hu\/index.php?rest_route=\/wp\/v2\/posts\/283\/revisions"}],"predecessor-version":[{"id":3629,"href":"https:\/\/mezosuli.hu\/index.php?rest_route=\/wp\/v2\/posts\/283\/revisions\/3629"}],"wp:attachment":[{"href":"https:\/\/mezosuli.hu\/index.php?rest_route=%2Fwp%2Fv2%2Fmedia&parent=283"}],"wp:term":[{"taxonomy":"category","embeddable":true,"href":"https:\/\/mezosuli.hu\/index.php?rest_route=%2Fwp%2Fv2%2Fcategories&post=283"},{"taxonomy":"post_tag","embeddable":true,"href":"https:\/\/mezosuli.hu\/index.php?rest_route=%2Fwp%2Fv2%2Ftags&post=283"}],"curies":[{"name":"wp","href":"https:\/\/api.w.org\/{rel}","templated":true}]}}