{"id":286,"date":"2017-12-01T10:54:32","date_gmt":"2017-12-01T09:54:32","guid":{"rendered":"https:\/\/uj.mezosuli.hu\/?p=286"},"modified":"2026-03-17T10:53:41","modified_gmt":"2026-03-17T09:53:41","slug":"emlekut-az-1000-eves-hatar-menten-2017-10-09-13","status":"publish","type":"post","link":"https:\/\/mezosuli.hu\/?p=286","title":{"rendered":"2017.10.09-13. &#8211; Eml\u00e9k\u00fat az 1000 \u00e9ves hat\u00e1r ment\u00e9n"},"content":{"rendered":"<div class=\"txF_raleway tx16t\">\n<p class=\"tx_headline txc_blue mb_20x\">Besz\u00e1mol\u00f3<\/p>\n<p><strong>T\u00e9ma:<\/strong> Tanulm\u00e1nyi kir\u00e1ndul\u00e1s az 1000 \u00e9ves hat\u00e1r ment\u00e9n<br \/><strong>Az utaz\u00e1s id\u0151pontja:<\/strong> 2017. okt\u00f3ber 09-13.<br \/><strong>Az utaz\u00e1s id\u0151tartama:<\/strong> 5 nap<br \/><strong>A kir\u00e1ndul\u00e1s c\u00e9lja:<\/strong> Erd\u00e9ly felfedez\u00e9se, term\u00e9szeti, t\u00f6rt\u00e9nelmi \u00e9s kultur\u00e1lis \u00e9rt\u00e9keinek megismertet\u00e9se a tanul\u00f3kkal. V\u00e9gigj\u00e1rjuk az eml\u00e9keinket az 1000 \u00e9ves hat\u00e1r ment\u00e9n, hogy megismerkedj\u00fcnk a t\u00f6rt\u00e9nelmi Erd\u00e9ly magyar vonatkoz\u00e1saival.<\/p>\n<p style=\"text-align: right;\"><em>(a besz\u00e1mol\u00f3 k\u00e9pes prezent\u00e1ci\u00f3ja <a href=\"https:\/\/uj.mezosuli.hu\/wp-content\/uploads\/2017\/12\/hatartalanul_kirandulas_2017100913.pptx\" target=\"_blank\" rel=\"noopener noreferrer\">IDE<\/a> kattintva t\u00f6lthet\u0151 le)<\/em><\/p>\n<p>Az Emberi Er\u0151forr\u00e1s T\u00e1mogat\u00e1skezel\u0151 \u00e1ltal ki\u00edrt Hat\u00e1rtalanul! p\u00e1ly\u00e1zat keret\u00e9n bel\u00fcl a Dr. Mez\u0151 Ferenc \u00c1ltal\u00e1nos Iskola 66 tanul\u00f3ja \u00e9s 7 pedag\u00f3gusa 5 napot t\u00f6lthetett el az \u0151szi sz\u00ednekben pomp\u00e1z\u00f3 Erd\u00e9ly t\u00f6rt\u00e9nelmi eml\u00e9kekben gazdag vid\u00e9k\u00e9n. Az orsz\u00e1g ebben az \u00e9vszakban is csod\u00e1latos fest\u0151i l\u00e1tv\u00e1nyt ny\u00fajt a vad K\u00e1rp\u00e1tokt\u00f3l a szel\u00edd erd\u00e9lyi t\u00e1jakig.<\/p>\n<p>B\u00edzunk benne, hogy a p\u00e1ly\u00e1zat megval\u00f3s\u00edt\u00e1s\u00e1val t\u00e1mogathattuk gyermekeink magyars\u00e1gtudat\u00e1nak er\u0151s\u00edt\u00e9s\u00e9t, hiszen megismerik egym\u00e1s kult\u00far\u00e1j\u00e1t, \u00e9letvitel\u00e9t \u00e9s hagyom\u00e1nyait, ez\u00e1ltal nyitottabb\u00e1 \u00e9s toler\u00e1nsabbakk\u00e1 v\u00e1lnak.<br \/>Utaz\u00e1sunkat a Student Lines Utaz\u00e1si Iroda seg\u00edts\u00e9g\u00e9vel bonyol\u00edtottuk le.<\/p>\n<p>&nbsp;<\/p>\n<p class=\"tx_headline txc_blue mb_20x\">1. nap &#8211; okt\u00f3ber 09. h\u00e9tf\u0151<\/p>\n<p>Az 1. nap hajnal\u00e1n hossz\u00fa b\u00facs\u00faz\u00e1s ut\u00e1n egy hat\u00e1rozott mozdulattal tett\u00fck ki a Hat\u00e1rtalanul feliratot a busz elej\u00e9re egy mindenki \u00e1ltal j\u00f3l l\u00e1that\u00f3 helyre. V\u00e9gtelen hossz\u00fa utaz\u00e1s k\u00f6vetkezett. Magyarorsz\u00e1g hat\u00e1r\u00e1t \u00c1rt\u00e1ndon kereszt\u00fcl l\u00e9pt\u00fck \u00e1t.<\/p>\n<p>Els\u0151 utunk Nagyv\u00e1radra vezetett, mely alig n\u00e9h\u00e1ny km-re fekszik a magyar hat\u00e1rt\u00f3l. Ett\u0151l a v\u00e1rost\u00f3l elv\u00e1laszthatatlan a csodat\u00e9v\u0151 Szent L\u00e1szl\u00f3 kir\u00e1ly kultusza. Itt eltemetett, k\u00e9s\u0151bb szentt\u00e9 avatott kir\u00e1ly s\u00edrja eur\u00f3pai jelleg\u0171 zar\u00e1ndokhelly\u00e9 v\u00e1lt. Mi is megtekintett\u00fck Szent L\u00e1szl\u00f3 erekly\u00e9it a P\u00fcsp\u00f6ki Sz\u00e9kesegyh\u00e1zban. Megn\u00e9zt\u00fck a P\u00fcsp\u00f6ki Palot\u00e1t \u00e9s a Kanonok-sort, ahol egykor a magasabb rang\u00fa papok laktak. Majd belv\u00e1rosi s\u00e9t\u00e1t tett\u00fcnk a K\u00f6r\u00f6s- part ment\u00e9n. Elhaladtunk a Szigligeti Sz\u00ednh\u00e1z mellett \u00e9s a h\u00edres EMKE K\u00e1v\u00e9h\u00e1z el\u0151tt, ahol Ady Endre el\u0151sz\u00f6r tal\u00e1lkozott L\u00e9d\u00e1val.<\/p>\n<p>Utunk folytat\u00f3dott Erd\u00e9ly kapuj\u00e1n\u00e1l. A Kir\u00e1ly-h\u00e1g\u00f3n\u00e1l \u00e1lltunk meg, melynek a t\u00f6rt\u00e9nelem folyam\u00e1n nemcsak gazdas\u00e1gi, hanem kultur\u00e1lis szerepe is igen nagy volt. Itt k\u00e9sz\u00fcltek az els\u0151 csoportk\u00e9pek, az els\u0151 szelfik.<br \/>A kora esti \u00f3r\u00e1kban B\u00e1nffyhunyad k\u00f6zpontj\u00e1ba a reform\u00e1tus templomhoz \u00e9rkezt\u00fcnk meg. A v\u00e1ros f\u00f6ldrajzi elhelyezked\u00e9se \u00e9s m\u00e9rete folyt\u00e1n Kalotaszeg k\u00f6zpontj\u00e1nak sz\u00e1m\u00edt. A templom jellegzetes kalotaszegi st\u00edlusban \u00e9p\u00fclt. Berendez\u00e9s\u00e9t rendk\u00edv\u00fcl sz\u00e9p \u00edr\u00e1sos varrottasok d\u00edsz\u00edtik, \u00e9s a fafaragott sz\u00f3sz\u00e9k is felejthetetlen volt. Sz\u00e1jt\u00e1tva n\u00e9zt\u00fck \u00e9s hallgattuk a templomban tartott kisel\u0151ad\u00e1st.<\/p>\n<p>Nemcsak a varrottas k\u00e9zimunk\u00e1k, a n\u00e9pviselet vagy a k\u00f6rny\u00e9k K\u00f3s K\u00e1rolyt is megihlet\u0151 r\u00e9gi templomai \u00e9rdekeltek minket, hanem a h\u00edres cifra palot\u00e1kat is l\u00e1tni akartuk, ami most v\u00e9gre siker\u00fclt is. Buszra \u00fclve a h\u00edres cifra palot\u00e1kat is l\u00e1thattuk, melyeket a helyi ol\u00e1hcig\u00e1nyok \u00e9p\u00edttett\u00e9k maguknak.<br \/>K\u00e9s\u0151 esti \u00f3r\u00e1kban \u00e9rkezt\u00fcnk meg kolozsv\u00e1ri sz\u00e1ll\u00e1sunkra.<\/p>\n<p>&nbsp;<\/p>\n<p class=\"tx_headline txc_blue mb_20x\">2. nap &#8211; okt\u00f3ber 10. kedd<\/p>\n<p>Kor\u00e1n kellett keln\u00fcnk minden nap, ha azt akartuk, hogy a tervezett programok teljes\u00fcljenek.<\/p>\n<p>Sz\u00e9kelyf\u00f6ld egyik f\u0151 l\u00e1tv\u00e1nyoss\u00e1ga, Parajd volt az els\u0151 c\u00e9l\u00e1llom\u00e1sunk. Eur\u00f3p\u00e1ban egyed\u00fcl\u00e1ll\u00f3 heliotermikus tulajdons\u00e1g\u00e1r\u00f3l, a s\u00f3vid\u00e9k kialakul\u00e1s\u00e1r\u00f3l \u00e9s a s\u00f3 \u00e9lettani hat\u00e1s\u00e1r\u00f3l hallgattunk kisel\u0151ad\u00e1st a buszon. Ezt k\u00f6vet\u0151en a S\u00f3b\u00e1nya m\u00e9ly\u00e9re hatoltunk, ahol kider\u00edtett\u00fck, hogy mi mindenre haszn\u00e1lj\u00e1k az erd\u00e9lyiek, gazdas\u00e1guk legjelent\u0151sebb kincsesl\u00e1d\u00e1j\u00e1t, \u201eSz\u00e9kelyf\u00f6ld gy\u00f6ngyfeh\u00e9r izzads\u00e1g\u00e1t\u201d. A csillog\u00f3 s\u00f3falak k\u00f6z\u00f6tt rendk\u00edv\u00fcli l\u00e1tv\u00e1nyban volt r\u00e9sz\u00fcnk: Eur\u00f3pa els\u0151 s\u00f3b\u00e1nya-borpinc\u00e9je, f\u00f6ldalatti kezel\u0151b\u00e1zis, m\u00fazeum, j\u00e1tsz\u00f3t\u00e9r, aj\u00e1nd\u00e9kboltok, vend\u00e9gl\u0151 \u00e9s k\u00e1v\u00e9z\u00f3 v\u00e1rta a be\u00e9rkez\u0151 l\u00e1togat\u00f3kat. Var\u00e1zslatos l\u00e1tv\u00e1nyt ny\u00fajtott az 1993 \u00f3ta m\u0171k\u00f6d\u0151, 120 m m\u00e9lyen tal\u00e1lhat\u00f3 f\u00f6ldalatti \u00f6komenikus k\u00e1polna, amit Nepomuki Szent J\u00e1nos, a s\u00f3b\u00e1ny\u00e1szok v\u00e9d\u0151szentje tisztelet\u00e9re szenteltek f\u00f6l.<\/p>\n<p>K\u00f6vetkez\u0151 \u00fatic\u00e9lunk: Sz\u00e9kelyf\u00f6ld m\u00e1sik legjelent\u0151sebb k\u00f6zpontja, Korond volt. Korond, mint iparm\u0171v\u00e9szeti, idegenforgalmi \u00e9s m\u0171vel\u0151d\u00e9si k\u00f6zpont fontos \u00e1llom\u00e1s utunk sor\u00e1n.<br \/>A telep\u00fcl\u00e9s neve szorosan \u00f6sszeforrt a n\u00e9pm\u0171v\u00e9szettel, k\u00fcl\u00f6n\u00f6sen a fazekass\u00e1ggal. A \u201ekorondi\u201d \u00f6nmag\u00e1ban is egy m\u00e1rkan\u00e9v. Siker\u00fclt eljutni egy k\u00e9zm\u0171ves csal\u00e1dhoz, ahol a h\u00e1zigazda elmes\u00e9lte a korongoz\u00f3 fazekas mesterek \u00e9let\u00e9t, k\u00f6zben bemutat\u00f3 foglalkoz\u00e1st tartott nek\u00fcnk. Alkot\u00e1sait megtekinthett\u00fck \u00e9s rengeteg elk\u00e9sz\u00fclt term\u00e9k k\u00f6z\u00f6tt tudtunk v\u00e1logatni.<\/p>\n<p>Az id\u0151 gyorsan haladt. A h\u00edres sz\u00e9kely \u00edr\u00f3, Tam\u00e1si \u00c1ron sz\u00fcl\u0151faluja fel\u00e9 indultunk. Farkaslaka a magyar irodalom klasszikus zar\u00e1ndokhelye. A sz\u00e9kelys\u00e9g nagy \u00edr\u00f3ja a v\u00e1ros nyugati sz\u00e9l\u00e9n, a r\u00f3mai katolikus templom \u00e9s temet\u0151 m\u00f6g\u00f6tti vir\u00e1gos parkban, a k\u00e9t cserefa k\u00f6z\u00f6tt nyugszik. Tam\u00e1si v\u00e9gakarata volt, hogy sz\u00fcl\u0151faluj\u00e1ban, Farkaslak\u00e1n helyezz\u00e9k \u00f6r\u00f6k nyugalomra. A s\u00edrhelyhez a parkol\u00f3 mellett emelt sz\u00e9kelykapu alatt \u00e1thaladva, egy kis s\u00e9t\u00e1nyon jutottunk el. A s\u00edr m\u00f6g\u00f6tt a Tam\u00e1si-eml\u00e9km\u0171n\u00e9l tisztelet\u00fcnket tett\u00fck, megkoszor\u00faztuk \u00e9s k\u00f6z\u00f6sen elszavaltuk a himnuszt. Az eml\u00e9km\u0171 k\u00f6zel\u00e9ben l\u00e1thattuk a Trianoni eml\u00e9km\u0171vet is.<\/p>\n<p>A nap v\u00e9g\u00e9n az \u00faj sz\u00e1ll\u00e1shelyre \u00e9rkezt\u00fcnk meg, Cs\u00edkr\u00e1kosra.<\/p>\n<p>&nbsp;<\/p>\n<p class=\"tx_headline txc_blue mb_20x\">3. nap &#8211; okt\u00f3ber 11. szerda<\/p>\n<p>A d\u00e9lel\u0151tti \u00f3r\u00e1kban a vend\u00e9gl\u00e1t\u00f3 falu, Cs\u00edkr\u00e1kos nevezetess\u00e9geit n\u00e9zt\u00fck meg \u00e9s ell\u00e1togattunk a Cserei Mih\u00e1ly \u00c1ltal\u00e1nos Iskol\u00e1ba is. Di\u00e1kok \u00e9s tan\u00e1rai szeretettel fogadtak benn\u00fcnket. El\u0151adtuk az \u00e9nekkarunk \u00e1ltal \u00f6ssze\u00e1ll\u00edtott erd\u00e9lyi n\u00e9pdalcsokrot \u00e9s egy K\u00e1ny\u00e1di S\u00e1ndor verset. Di\u00e1kjaink \u00e1tadt\u00e1k a Budapesten elk\u00e9sz\u00edtett, \u00f6sszegy\u0171jt\u00f6tt \u00e9s becsomagolt aj\u00e1nd\u00e9kcsomagokat. K\u00f6z\u00f6s sportrendezv\u00e9nyen vett\u00fcnk r\u00e9szt. Vegyes csapatokb\u00f3l \u00f6ssze\u00e1ll\u00edtott sorversenyen \u00e9s iskol\u00e1k k\u00f6z\u00f6tti focimeccsen \u00e9rezhett\u00fck a sportol\u00e1s, a j\u00e1t\u00e9k \u00e9s az \u00f6sszetartoz\u00e1s \u00e9lm\u00e9ny\u00e9t.<\/p>\n<p>Majd Gyergy\u00f3szentmikl\u00f3s fel\u00e9 vett\u00fck az ir\u00e1nyt, n\u00e9prajzi, r\u00e9g\u00e9szeti \u00e9s k\u00e9pz\u0151m\u0171v\u00e9szeti ki\u00e1ll\u00edt\u00e1s v\u00e1rt r\u00e1nk, a n\u00e9prajzi eml\u00e9keket bemutat\u00f3 Tariszny\u00e1s M\u00e1rton M\u00fazeum. Tariszny\u00e1s M\u00e1rton gy\u0171jt\u0151- \u00e9s kutat\u00f3munk\u00e1j\u00e1t dics\u00e9rik a fakitermel\u00e9s \u00e9s fafeldolgoz\u00e1s m\u00f3dozatait szeml\u00e9ltet\u0151 t\u00e1rgyak. N\u00e9pviseleti \u00e9s \u00e1sv\u00e1nyki\u00e1ll\u00edt\u00e1sban is gy\u00f6ny\u00f6rk\u00f6dhett\u00fcnk.<\/p>\n<p>Tanulm\u00e1nyi utunk sor\u00e1n sok id\u0151t t\u00f6lt\u00f6tt\u00fcnk utaz\u00e1ssal. Ilyenkor megragadtuk az alkalmat a buszon l\u00e9v\u0151 telev\u00edzi\u00f3t kihaszn\u00e1lva Erd\u00e9ly nevezetess\u00e9geir\u0151l sz\u00f3l\u00f3 \u00fatifilmeket \u00e9s a Tam\u00e1si \u00c1ron: \u00c1bel Amerik\u00e1ban c\u00edm\u0171 filmet n\u00e9zt\u00fck meg.<\/p>\n<p>D\u00e9lut\u00e1ni \u00fati c\u00e9lunk a Gyilkos-t\u00f3 \u00e9s a B\u00e9k\u00e1s-szoros t\u00e9rs\u00e9ge k\u00f6vetkezett. A Hagym\u00e1s-patak v\u00f6lgy\u00e9n kereszt\u00fcl, hamarosan el\u00e9rt\u00fcnk a 983 m magasan elter\u00fcl\u0151 egyed\u00fcl\u00e1ll\u00f3 term\u00e9szeti kuri\u00f3zumhoz, a Gyilkos-t\u00f3hoz. A \u201egyilkos hely\u201d meg\u00e1zott talaja lecs\u00faszott a v\u00f6lgybe \u00e9s elz\u00e1rta az ott foly\u00f3 patakok medr\u00e9t. A t\u00f3 keletkez\u00e9s\u00e9nek sz\u00e1mos legend\u00e1j\u00e1t \u201eer\u0151s\u00edti\u201d a misztikus hangulat, melyet a t\u00f3 medr\u00e9b\u0151l m\u00e9g ma is ki\u00e1ll\u00f3 megk\u00f6vesedett fat\u00f6rzsek l\u00e1tv\u00e1nya tesz teljess\u00e9. Itt v\u00e9gre volt lehet\u0151s\u00e9g\u00fcnk megk\u00f3stolni a h\u00edres, par\u00e1zson k\u00e9sz\u00edtett erd\u00e9lyi k\u00fcrt\u00f6s kal\u00e1csot is.<\/p>\n<p>A Gyilkos-t\u00f3 ut\u00e1n a B\u00e9k\u00e1s-patak ment\u00e9n \u00e9rkezt\u00fcnk a B\u00e9k\u00e1s-szoroshoz. A szoros fel\u00e9 az \u00fat bal oldal\u00e1n el\u0151sz\u00f6r a T\u00fcnd\u00e9rkert szikl\u00e1i k\u00eds\u00e9rtek benn\u00fcnket, majd egy hatalmas sziklak\u00e9pz\u0151dm\u00e9ny t\u0171nt f\u00f6l, a tetej\u00e9n \u00f3ri\u00e1si kereszttel. A v\u00f6lgy egyre jobban sz\u0171k\u00fclt, k\u00e9toldalt mellett\u00fcnk 200-300 m-es f\u00fcgg\u0151leges sziklafalak k\u00eds\u00e9rt\u00e9k utunkat, amelyek t\u00f6v\u00e9ben element\u00e1ris er\u0151vel szor\u00edtott mag\u00e1nak helyet a v\u00e1gtat\u00f3 B\u00e9k\u00e1s-patak. M\u00e9szk\u0151be v\u00e1jt hasad\u00e9kv\u00f6lgyben s\u00e9t\u00e1ltunk v\u00e9gig Eur\u00f3pa egyik term\u00e9szeti ritkas\u00e1ga ment\u00e9n. Sz\u00e9d\u00edt\u0151en magas sziklaszirtek, z\u00fag\u00f3 hegyi patakok, kisebb-nagyobb v\u00edzes\u00e9sek, barlangok alkotj\u00e1k a szoros l\u00e1tnival\u00f3it.<\/p>\n<p>Felejthetetlen napi programok \u00e9s l\u00e1tv\u00e1nyoss\u00e1gok ut\u00e1n visszaindultunk a cs\u00edkr\u00e1kosi sz\u00e1ll\u00e1shely\u00fcnkre.<\/p>\n<p>&nbsp;<\/p>\n<p class=\"tx_headline txc_blue mb_20x\">4. nap &#8211; okt\u00f3ber 12. cs\u00fct\u00f6rt\u00f6k<\/p>\n<p>Napi programunk els\u0151 \u00e1llom\u00e1sa Gyimesi-h\u00e1g\u00f3n \u00e1thaladva a Cs\u00e1ng\u00f3f\u00f6ld k\u00f6vetkezett. Pusztin\u00e1ra \u00e9rkezt\u00fcnk. Lak\u00f3i r\u00f3mai katolikus vall\u00e1s\u00fa gyimesi cs\u00e1ng\u00f3k, a sz\u00e9kelys\u00e9g egyik saj\u00e1tos etnikai csoportja.<br \/>Pusztina az egyik olyan falu Cs\u00e1ng\u00f3f\u00f6ld\u00f6n, ahol m\u00e9g szinte mindenki besz\u00e9l magyarul. A falut a 18. sz\u00e1zad v\u00e9g\u00e9n a m\u00e1d\u00e9falvi v\u00e9rengz\u00e9st k\u00f6vet\u0151en kiv\u00e1ndorolt cs\u00edki sz\u00e9kelyek alap\u00edtott\u00e1k. Cs\u00e1ng\u00f3k \u00e1ltal haszn\u00e1lt magyar nyelv a magyar nyelvt\u0151l nagyon sokban elt\u00e9r, \u00edgy van akinek els\u0151re nehezen \u00e9rthet\u0151. A Pusztinai Magyar H\u00e1zban hagyom\u00e1ny\u0151rz\u0151 el\u0151ad\u00e1st hallgattunk, k\u00f6z\u00f6sen \u00e9nekelt\u00fcnk \u00e9s k\u00f6z\u00f6s t\u00e1ncot lejtett\u00fcnk. Vid\u00e1m hangulatban folytattuk tov\u00e1bb az utunkat.<\/p>\n<p>Kora d\u00e9lut\u00e1n eljutottunk a Gyimesb\u00fckkn\u00e9l tal\u00e1lhat\u00f3 ezer\u00e9ves hat\u00e1rhoz, ahol v\u00e9get \u00e9rt az orsz\u00e1g, melyet Istv\u00e1n kir\u00e1ly M\u00e1ria kegyeibe aj\u00e1nlott. A Gyimesi-szoros jobb oldal\u00e1n m\u00e9g l\u00e1that\u00f3k az egykori R\u00e1k\u00f3czi-v\u00e1r romjai, melyet Bethlen G\u00e1bor \u00e9p\u00edttetett 1626-ban. Napjainkban zar\u00e1ndokhely lett az ezer \u00e9ves hat\u00e1r, \u00e9vente t\u00f6bb mint 10.000 ember l\u00e1togatja meg, \u00e9s minden \u00e9vben meg\u00e9rkezik a Boldogasszony zar\u00e1ndokvonat a vas\u00fat\u00e1llom\u00e1sra.<\/p>\n<p>Folytattuk utunkat Cs\u00edkszereda ir\u00e1ny\u00e1ba. Ezt a v\u00e1rost Cs\u00edkszereda Sz\u00e9kelyf\u00f6ld \u201ef\u0151v\u00e1rosak\u00e9nt\u201d emlegetik. R\u00e9gi ismer\u0151s\u00fcnk, a Cs\u00edkszered\u00e1n \u00e9l\u0151 Bese Zolt\u00e1n \u00fajs\u00e1g\u00edr\u00f3 k\u00eds\u00e9ret\u00e9ben az Olimpiai Eml\u00e9km\u0171vet tekintett\u00fck meg \u00e9s egyben meg is koszor\u00faztuk.<\/p>\n<p>A nap folyam\u00e1n t\u00f6rt\u00e9nt egy kis buszjav\u00edt\u00e1s, majd hat\u00f3s\u00e1gi ellen\u0151rz\u00e9s miatt a tov\u00e1bbi helyi programot nem tudtuk teljes\u00edteni, tov\u00e1bb kellett az utunkat folytatni.<\/p>\n<p>Erd\u00e9ly legh\u00edresebb b\u00facs\u00faj\u00e1r\u00f3hely\u00e9re \u00e9rkezt\u00fcnk meg. Cs\u00edkszered\u00e1hoz tartoz\u00f3 Cs\u00edksomly\u00f3n rendezik meg minden \u00e9vben a messze f\u00f6ldr\u0151l h\u00edres p\u00fcnk\u00f6sdi b\u00facs\u00fat, amely a legnagyobb katolikus vall\u00e1si rendezv\u00e9ny Erd\u00e9lyben. L\u00e1thattuk a cs\u00edksomly\u00f3i ferences kegytemplomot, f\u0151olt\u00e1r\u00e1n f\u00e1b\u00f3l k\u00e9sz\u00fclt M\u00e1ria szobor tal\u00e1lhat\u00f3, feltehet\u0151en a legnagyobb kegyszobor a vil\u00e1gon. A kegytemplomot els\u0151sorban a csodat\u00e9v\u0151 szoborral azonos\u00edtj\u00e1k, messze f\u00f6ldr\u0151l is ell\u00e1togatnak fejet hajtani M\u00e1ria szobra el\u0151tt.<\/p>\n<p>Elf\u00e1radva, de igen nagy \u00e9lm\u00e9nnyel ment\u00fcnk vissza a cs\u00edkr\u00e1kosi sz\u00e1ll\u00e1shely\u00fcnkre.<\/p>\n<p>&nbsp;<\/p>\n<p class=\"tx_headline txc_blue mb_20x\">5. nap &#8211; okt\u00f3ber 13. p\u00e9ntek<\/p>\n<p>Az utols\u00f3 nap hajnal\u00e1n f\u00e1radtan \u00e9bredve \u00e9s \u00e1lmosan indultunk hazafel\u00e9, sajnos hamar eltelt ez a p\u00e1r nap. \u00datk\u00f6zben Magyarorsz\u00e1g fel\u00e9 Kolozsv\u00e1ron \u00fajra meg\u00e1lltunk. Hunyadi M\u00e1ty\u00e1s magyar kir\u00e1ly, Bocskai Istv\u00e1n erd\u00e9lyi fejedelem, a h\u00edres matematikus, Bolyai J\u00e1nos, a nemeuklideszi geometria megalap\u00edt\u00f3ja, Rem\u00e9nyik S\u00e1ndor k\u00f6lt\u0151 sz\u00fcl\u0151v\u00e1rosa k\u00f6vetkezett. Kolozsv\u00e1r mindig is Erd\u00e9ly egyik legnagyobb v\u00e1rosa volt, ahol a legnevesebb t\u00f6rt\u00e9nelmi szem\u00e9lyis\u00e9gek tev\u00e9kenykedtek, legnevesebb kir\u00e1lyaink, fejedelmeink fordultak meg egy-egy orsz\u00e1ggy\u0171l\u00e9s alkalm\u00e1val. Majd minden sarkon van olyan eml\u00e9k, amely a magyar t\u00f6rt\u00e9nelemhez \u00e9s kult\u00far\u00e1hoz k\u00f6thet\u0151. Megn\u00e9zt\u00fck a belv\u00e1rosban tal\u00e1lhat\u00f3 M\u00e1ty\u00e1s kir\u00e1ly lovas szobr\u00e1t, a szobor m\u00f6g\u00f6tt \u00e1ll\u00f3 Szent Mih\u00e1ly templomot, M\u00e1ty\u00e1s kir\u00e1ly sz\u00fcl\u0151h\u00e1z\u00e1t, Babe\u0282-Bolyai Tudom\u00e1nyegyetemet \u00e9s a H\u00e1zsong\u00e1rdi temet\u0151t. R\u00f6gt\u00f6nz\u00f6tt t\u00f6rt\u00e9nelem\u00f3r\u00e1t hallgattunk v\u00e9gig a buszon, majd a f\u0151t\u00e9ren.<\/p>\n<p>Megn\u00e9zt\u00fck a Szent Mih\u00e1ly katolikus templomot, ami egy gy\u00f6ny\u00f6r\u0171 g\u00f3tikus \u00e9p\u00fclet, \u00e9s egyben Erd\u00e9ly egyik f\u0151 kultikus helye. Mellette emelkedik M\u00e1ty\u00e1s kir\u00e1ly lovasszobra, amit Fadrusz J\u00e1nos szobr\u00e1szm\u0171v\u00e9sz k\u00e9sz\u00edtett. Talapzata mellett l\u00e1ttuk a Fekete sereg vez\u00e9reit: Magyar Bal\u00e1zst, Kinizsi P\u00e1lt, B\u00e1thory Istv\u00e1nt \u00e9s Szapolyai J\u00e1nost. A m\u0171 gipszmodellj\u00e9t 1900-ban a p\u00e1rizsi vil\u00e1gki\u00e1ll\u00edt\u00e1son arany\u00e9remmel jutalmazt\u00e1k.<br \/>M\u00e1ty\u00e1s kir\u00e1ly sz\u00fcl\u0151h\u00e1za is a k\u00f6zpontban van, \u00e9s egyben Kolozsv\u00e1r legr\u00e9gibb emeletes h\u00e1za, ami jelenleg a M\u0171v\u00e9szeti \u00e9s Design Egyetem \u00e9p\u00fclete. Ut\u00e1na \u00e1ts\u00e9t\u00e1ltunk a H\u00e1zsong\u00e1rdi temet\u0151h\u00f6z.<\/p>\n<p>Eur\u00f3pa egyik legr\u00e9gebbi temet\u0151jek\u00e9nt a sok \u00e9vsz\u00e1zados magyar \u00edr\u00e1sbelis\u00e9g nagyjainak v\u00e9gs\u0151 nyughelye. K\u00f6z\u00fcl\u00fck Ap\u00e1czai Csere J\u00e1nost \u00e9s Dsida Jen\u0151 s\u00edrj\u00e1t n\u00e9zt\u00fck meg.<br \/>Sietve hazafel\u00e9 m\u00e9g utols\u00f3 \u00e1llom\u00e1sk\u00e9nt K\u0151r\u00f6sf\u0151n \u00e1lltunk meg. N\u00e9gy fatornyas reform\u00e1tus templomot \u00e9s a mellette felavatott h\u0151si hal\u00e1lt halt Vasv\u00e1ri P\u00e1l eml\u00e9km\u0171v\u00e9t, kopjaf\u00e1j\u00e1t l\u00e1thattunk.<\/p>\n<p>V\u00e9g\u00fcl a magyar hat\u00e1r fel\u00e9 vett\u00fck az ir\u00e1nyt. Hazafel\u00e9 tartva tot\u00f3-kv\u00edz j\u00e1t\u00e9kot tartottunk a buszon, melyet ott azonnal \u00e9rt\u00e9kelt\u00fcnk, \u00e9s a j\u00f3l v\u00e1laszad\u00f3kat aj\u00e1nd\u00e9kokkal jutalmaztuk. K\u00e9s\u0151 este volt m\u00e1r, v\u00e9gtelen hossz\u00fa utaz\u00e1s kezd\u0151d\u00f6tt ism\u00e9t. \u00c1rt\u00e1ndn\u00e1l l\u00e9pt\u00fcnk \u00e1t magyar ter\u00fcletre. \u00c9jf\u00e9l k\u00f6r\u00fcl \u00e9rkezt\u00fcnk meg a Dr. Mez\u0151 Ferenc \u00c1ltal\u00e1nos Iskol\u00e1nkhoz. Mindenki boldogan \u00e9s f\u00e1radtan \u00f6lelhette meg a r\u00e9gen l\u00e1tott csal\u00e1dtagokat. J\u00f6tt a h\u00e9tv\u00e9ge, kipihenhett\u00fck a hossz\u00fa utaz\u00e1s f\u00e1radalmait.<\/p>\n<p>&nbsp;<\/p>\n<p class=\"tx_headline txc_blue mb_20x\">\u00d6sszegz\u00e9s:<\/p>\n<p>A program sor\u00e1n jeles magyarok l\u00e1bnyomait k\u00f6vetve k\u00f6rbeutaztuk Erd\u00e9ly sz\u00e9ps\u00e9ges t\u00e1jait, felid\u00e9zt\u00fck nemzeti t\u00f6rt\u00e9nelm\u00fcnk esem\u00e9nyeit, ad\u00f3ztunk h\u00edres magyarok eml\u00e9ke el\u0151tt. A napjaink zs\u00fafoltak voltak, a programot tartani kellett, rengeteg c\u00e9lt t\u0171zt\u00fcnk ki minden egyes napra, m\u00e9gis hihetetlen volt sz\u00e1momra, hogy majdnem mindent siker\u00fclt megn\u00e9zn\u00fcnk, \u00e9s emellett v\u00e9gig kitartott mindenkiben a lelkesed\u00e9s.<br \/>A programokat sikeresen megval\u00f3s\u00edtottuk, a tervezett tev\u00e9kenys\u00e9gekkel egy\u00fctt. A tanul\u00f3k \u00e9lm\u00e9nyekkel gazdagon t\u00e9rtek haza erd\u00e9lyi utaz\u00e1sukr\u00f3l. Olyan inform\u00e1ci\u00f3kat \u00e9s ismereteket szereztek, melyeket k\u00fcl\u00f6nb\u00f6z\u0151 tan\u00f3r\u00e1kon is felhaszn\u00e1lhatnak, \u00e9s a k\u00e9s\u0151bbiekben is kamatoztathatnak az \u00e9letben. Kir\u00e1ndul\u00e1sunk v\u00e9g\u00e9n t\u00f6bben jelezt\u00e9k, ha lehet\u0151s\u00e9g\u00fck ad\u00f3dik, akkor \u00fajra ell\u00e1togatnak az Erd\u00e9lyi ter\u00fcletekre.<br \/>Tapasztaltuk, hogy vend\u00e9gszeretet, hagyom\u00e1nyok, fenyvesek \u00e9s hegyek minden\u00fctt &#8211; Erd\u00e9ly Eur\u00f3pa egyik legszebb vid\u00e9ke!<\/p>\n<p style=\"text-align: right;\"><span class=\"txF_hand tx16t\">\u201eAz\u00e9rt vagyunk a vil\u00e1gon, hogy valahol otthon legy\u00fcnk benne\u201d<\/span><br \/>\u2013 <em>Tam\u00e1si \u00c1ron<\/em><\/p>\n<\/div>\n","protected":false},"excerpt":{"rendered":"<p>Besz\u00e1mol\u00f3 T\u00e9ma: Tanulm\u00e1nyi kir\u00e1ndul\u00e1s az 1000 \u00e9ves hat\u00e1r ment\u00e9nAz utaz\u00e1s id\u0151pontja: 2017. okt\u00f3ber 09-13.Az utaz\u00e1s id\u0151tartama: 5 napA kir\u00e1ndul\u00e1s c\u00e9lja: Erd\u00e9ly felfedez\u00e9se, term\u00e9szeti, t\u00f6rt\u00e9nelmi \u00e9s kultur\u00e1lis \u00e9rt\u00e9keinek megismertet\u00e9se a tanul\u00f3kkal.&hellip;<\/p>\n","protected":false},"author":1,"featured_media":0,"comment_status":"closed","ping_status":"open","sticky":false,"template":"","format":"standard","meta":{"_jetpack_memberships_contains_paid_content":false,"footnotes":""},"categories":[32],"tags":[],"class_list":["post-286","post","type-post","status-publish","format-standard","hentry","category-hatartalanul"],"jetpack_featured_media_url":"","jetpack_sharing_enabled":true,"_links":{"self":[{"href":"https:\/\/mezosuli.hu\/index.php?rest_route=\/wp\/v2\/posts\/286","targetHints":{"allow":["GET"]}}],"collection":[{"href":"https:\/\/mezosuli.hu\/index.php?rest_route=\/wp\/v2\/posts"}],"about":[{"href":"https:\/\/mezosuli.hu\/index.php?rest_route=\/wp\/v2\/types\/post"}],"author":[{"embeddable":true,"href":"https:\/\/mezosuli.hu\/index.php?rest_route=\/wp\/v2\/users\/1"}],"replies":[{"embeddable":true,"href":"https:\/\/mezosuli.hu\/index.php?rest_route=%2Fwp%2Fv2%2Fcomments&post=286"}],"version-history":[{"count":1,"href":"https:\/\/mezosuli.hu\/index.php?rest_route=\/wp\/v2\/posts\/286\/revisions"}],"predecessor-version":[{"id":3298,"href":"https:\/\/mezosuli.hu\/index.php?rest_route=\/wp\/v2\/posts\/286\/revisions\/3298"}],"wp:attachment":[{"href":"https:\/\/mezosuli.hu\/index.php?rest_route=%2Fwp%2Fv2%2Fmedia&parent=286"}],"wp:term":[{"taxonomy":"category","embeddable":true,"href":"https:\/\/mezosuli.hu\/index.php?rest_route=%2Fwp%2Fv2%2Fcategories&post=286"},{"taxonomy":"post_tag","embeddable":true,"href":"https:\/\/mezosuli.hu\/index.php?rest_route=%2Fwp%2Fv2%2Ftags&post=286"}],"curies":[{"name":"wp","href":"https:\/\/api.w.org\/{rel}","templated":true}]}}