{"id":290,"date":"2017-12-08T12:24:28","date_gmt":"2017-12-08T11:24:28","guid":{"rendered":"https:\/\/uj.mezosuli.hu\/?p=290"},"modified":"2026-03-20T14:30:22","modified_gmt":"2026-03-20T13:30:22","slug":"allateledel-gyujtes-2017-11-10","status":"publish","type":"post","link":"https:\/\/mezosuli.hu\/?p=290","title":{"rendered":"\u00c1llateledel gy\u0171jt\u00e9s &#8211; 2017.11.10"},"content":{"rendered":"<div class=\"txF_raleway tx16t\">\n<p><!--p class=\"tx_headline txc_green\">\u00c1llateledel gy\u0171jt\u00e9s<\/p!-->\n<div class=\"header_img_container\">\n<p><img loading=\"lazy\" decoding=\"async\" class=\" size-full wp-image-289\" src=\"https:\/\/uj.mezosuli.hu\/wp-content\/uploads\/2017\/12\/allateledel_gyujtes_00_t.jpg\" alt=\"\" width=\"700\" height=\"463\" srcset=\"https:\/\/mezosuli.hu\/wp-content\/uploads\/2017\/12\/allateledel_gyujtes_00_t.jpg 700w, https:\/\/mezosuli.hu\/wp-content\/uploads\/2017\/12\/allateledel_gyujtes_00_t-300x198.jpg 300w\" sizes=\"auto, (max-width: 700px) 100vw, 700px\" \/><\/p>\n<div class=\"header_img_caption tx_headline txc_green\">\u00c1llateledel gy\u0171jt\u00e9s<\/div>\n<\/div>\n<p>&nbsp;<\/p>\n<p>November 10-\u00e9n tisztelet\u00e9t tett\u00e9k n\u00e1lunk a HEROSZ (Hermann Ott\u00f3 Magyar Orsz\u00e1gos \u00c1llat- \u00e9s Term\u00e9szetv\u00e9d\u0151 Egyes\u00fclet) k\u00e9tl\u00e1b\u00fa, n\u00e9gyl\u00e1b\u00fa \u00e9s l\u00e1batlan k\u00e9pvisel\u0151i.<\/p>\n<p>Az el\u0151bbi szem\u00e9ly\u00e9ben az egyes\u00fclet munkat\u00e1rs\u00e1t tisztelhett\u00fck, aki egy filmszt\u00e1rnak is beill\u0151 k\u00f6ly\u00f6k cirmos hat\u00e1sos assziszt\u00e1l\u00e1s\u00e1val ismertetett meg minket a k\u00f3bor \u00e1llatok aggaszt\u00f3 k\u00f6r\u00fclm\u00e9nyeivel, a megel\u0151z\u0151 ivartalan\u00edt\u00e1s fontoss\u00e1g\u00e1val, illetve hogy mit tehet\u00fcnk, ha tal\u00e1lunk egy k\u00f3bor j\u00f3sz\u00e1got. Megtudhattuk azt is, hogyan v\u00e1lhatunk felel\u0151s \u00e1llattart\u00f3v\u00e1, szeret\u0151, gondos gazdiv\u00e1.<\/p>\n<p>A v\u00e9g\u00e9n az extra meglepet\u00e9s sem maradt el: a szt\u00e1rvend\u00e9g egy h\u00fas-v\u00e9r sziv\u00e1rv\u00e1nyos boa volt, melyet a megjelent ID\u00d6K-k\u00e9pvisel\u0151k meg is \u00e9rinthettek!<\/p>\n<p>Mi is \u00e1tadtuk az iskol\u00e1ban gy\u0171jt\u00f6tt adom\u00e1nyokat. K\u00f6sz\u00f6nj\u00fck ez\u00faton is mindenkinek, aki hozz\u00e1j\u00e1rult!<\/p>\n<p>Az egyes\u00fclet munkat\u00e1rsa szavait azzal z\u00e1rta, hogy b\u00e1rcsak ne lenne sz\u00fcks\u00e9g a hozz\u00e1juk hasonl\u00f3 \u00e1llatotthonokra. Mi is ezt k\u00edv\u00e1njuk, de am\u00edg vannak, pr\u00f3b\u00e1ljuk seg\u00edteni \u00e1ld\u00e1sos munk\u00e1jukat!<\/p>\n<p><button class=\"accordion\">Tov\u00e1bbi k\u00e9pek az esem\u00e9nyr\u0151l&#8230;<\/button><\/p>\n<div class=\"panel\">\n\n<\/div>\n<div class=\"txF_raleway tx14x\">\n<p style=\"float: right;\">Budapest, 2017. november<\/p>\n<\/div>\n<\/div>\n<p><script type=\"text\/javascript\">var acc=document.getElementsByClassName(\"accordion\");var i;for(i=0;i<acc.length;i++){acc[i].onclick=function(){this.classList.toggle(\"active\");var panel=this.nextElementSibling;if(panel.style.maxHeight){panel.style.maxHeight=null;}else{panel.style.maxHeight=panel.scrollHeight+\"px\";}}}<\/script><\/p>\n","protected":false},"excerpt":{"rendered":"<p>\u00c1llateledel gy\u0171jt\u00e9s &nbsp; November 10-\u00e9n tisztelet\u00e9t tett\u00e9k n\u00e1lunk a HEROSZ (Hermann Ott\u00f3 Magyar Orsz\u00e1gos \u00c1llat- \u00e9s Term\u00e9szetv\u00e9d\u0151 Egyes\u00fclet) k\u00e9tl\u00e1b\u00fa, n\u00e9gyl\u00e1b\u00fa \u00e9s l\u00e1batlan k\u00e9pvisel\u0151i. Az el\u0151bbi szem\u00e9ly\u00e9ben az egyes\u00fclet munkat\u00e1rs\u00e1t tisztelhett\u00fck,&hellip;<\/p>\n","protected":false},"author":1,"featured_media":0,"comment_status":"closed","ping_status":"open","sticky":false,"template":"","format":"standard","meta":{"_jetpack_memberships_contains_paid_content":false,"footnotes":""},"categories":[39],"tags":[],"class_list":["post-290","post","type-post","status-publish","format-standard","hentry","category-2017-hirarchivum"],"jetpack_featured_media_url":"","jetpack_sharing_enabled":true,"_links":{"self":[{"href":"https:\/\/mezosuli.hu\/index.php?rest_route=\/wp\/v2\/posts\/290","targetHints":{"allow":["GET"]}}],"collection":[{"href":"https:\/\/mezosuli.hu\/index.php?rest_route=\/wp\/v2\/posts"}],"about":[{"href":"https:\/\/mezosuli.hu\/index.php?rest_route=\/wp\/v2\/types\/post"}],"author":[{"embeddable":true,"href":"https:\/\/mezosuli.hu\/index.php?rest_route=\/wp\/v2\/users\/1"}],"replies":[{"embeddable":true,"href":"https:\/\/mezosuli.hu\/index.php?rest_route=%2Fwp%2Fv2%2Fcomments&post=290"}],"version-history":[{"count":2,"href":"https:\/\/mezosuli.hu\/index.php?rest_route=\/wp\/v2\/posts\/290\/revisions"}],"predecessor-version":[{"id":3591,"href":"https:\/\/mezosuli.hu\/index.php?rest_route=\/wp\/v2\/posts\/290\/revisions\/3591"}],"wp:attachment":[{"href":"https:\/\/mezosuli.hu\/index.php?rest_route=%2Fwp%2Fv2%2Fmedia&parent=290"}],"wp:term":[{"taxonomy":"category","embeddable":true,"href":"https:\/\/mezosuli.hu\/index.php?rest_route=%2Fwp%2Fv2%2Fcategories&post=290"},{"taxonomy":"post_tag","embeddable":true,"href":"https:\/\/mezosuli.hu\/index.php?rest_route=%2Fwp%2Fv2%2Ftags&post=290"}],"curies":[{"name":"wp","href":"https:\/\/api.w.org\/{rel}","templated":true}]}}