{"id":294,"date":"2017-12-11T16:49:55","date_gmt":"2017-12-11T15:49:55","guid":{"rendered":"https:\/\/uj.mezosuli.hu\/?p=294"},"modified":"2026-03-20T15:01:37","modified_gmt":"2026-03-20T14:01:37","slug":"elso-osztalyosok-avatasa-2017-12-06","status":"publish","type":"post","link":"https:\/\/mezosuli.hu\/?p=294","title":{"rendered":"Els\u0151 oszt\u00e1lyosok avat\u00e1sa &#8211; 2017.12.06."},"content":{"rendered":"<div class=\"txF_raleway tx16t\">\n<p><!--p class=\"tx_headline txc_orange\">Els\u0151 oszt\u00e1lyosok avat\u00e1si \u00fcnneps\u00e9ge<\/p!-->\n<div class=\"header_img_container\">\n<p><img loading=\"lazy\" decoding=\"async\" class=\" size-full wp-image-293\" src=\"https:\/\/uj.mezosuli.hu\/wp-content\/uploads\/2017\/12\/elso_osztalyosok_avatasi_unnepsege.jpg\" alt=\"\" width=\"700\" height=\"362\" srcset=\"https:\/\/mezosuli.hu\/wp-content\/uploads\/2017\/12\/elso_osztalyosok_avatasi_unnepsege.jpg 700w, https:\/\/mezosuli.hu\/wp-content\/uploads\/2017\/12\/elso_osztalyosok_avatasi_unnepsege-300x155.jpg 300w\" sizes=\"auto, (max-width: 700px) 100vw, 700px\" \/><\/p>\n<div class=\"header_img_caption tx_headline txc_orange\">Els\u0151 oszt\u00e1lyosok avat\u00e1si \u00fcnneps\u00e9ge<\/div>\n<\/div>\n<p>&nbsp;<\/p>\n<p>2017. december 6-\u00e1n, imm\u00e1r 15. \u00e9ve, az iskola hagyom\u00e1nyai szerint a els\u0151 oszt\u00e1lyosok hivatalosan is &#8222;Mez\u0151ss\u00e9&#8221; avanzs\u00e1ltak. Ezen \u00fcnneps\u00e9g alkalm\u00e1val, a 4.a m\u0171sora, a pr\u00f3bat\u00e9telek \u00e9s a fogadalom let\u00e9tele ut\u00e1n minden els\u0151 oszt\u00e1lyos tanul\u00f3nk megkapta a naps\u00e1rga nyakkend\u0151t, illetve s\u00e1lat.<\/p>\n<p>Kicsik \u00e9s nagyok \u00f6r\u00f6m\u00e9re a 2.a oszt\u00e1ly kis mesej\u00e1t\u00e9kkal z\u00e1rta az avat\u00e1si \u00fcnneps\u00e9get.<\/p>\n<div align=\"center\"><iframe loading=\"lazy\" src=\"\/\/www.youtube.com\/embed\/xRayD--9kd0?autoplay=0&amp;showinfo=0&amp;controls=0&amp;showinfo=0&amp;iv_load_policy=3&amp;rel=0\" width=\"700\" height=\"394\" frameborder=\"0\" allowfullscreen=\"allowfullscreen\"><\/iframe><\/div>\n<p>&nbsp;<\/p>\n<p><button class=\"accordion\">Tov\u00e1bbi k\u00e9pek az esem\u00e9nyr\u0151l&#8230;<\/button><\/p>\n<div class=\"panel\">\n\n<\/div>\n<div class=\"txF_raleway tx14x\">\n<p style=\"float: right;\">Budapest, 2017. december 6.<\/p>\n<\/div>\n<\/div>\n<p><script type=\"text\/javascript\">var acc=document.getElementsByClassName(\"accordion\");var i;for(i=0;i<acc.length;i++){acc[i].onclick=function(){this.classList.toggle(\"active\");var panel=this.nextElementSibling;if(panel.style.maxHeight){panel.style.maxHeight=null;}else{panel.style.maxHeight=panel.scrollHeight+\"px\";}}}<\/script><\/p>\n","protected":false},"excerpt":{"rendered":"<p>Els\u0151 oszt\u00e1lyosok avat\u00e1si \u00fcnneps\u00e9ge &nbsp; 2017. december 6-\u00e1n, imm\u00e1r 15. \u00e9ve, az iskola hagyom\u00e1nyai szerint a els\u0151 oszt\u00e1lyosok hivatalosan is &#8222;Mez\u0151ss\u00e9&#8221; avanzs\u00e1ltak. Ezen \u00fcnneps\u00e9g alkalm\u00e1val, a 4.a m\u0171sora, a pr\u00f3bat\u00e9telek&hellip;<\/p>\n","protected":false},"author":1,"featured_media":0,"comment_status":"closed","ping_status":"open","sticky":false,"template":"","format":"standard","meta":{"_jetpack_memberships_contains_paid_content":false,"footnotes":""},"categories":[39],"tags":[],"class_list":["post-294","post","type-post","status-publish","format-standard","hentry","category-2017-hirarchivum"],"jetpack_featured_media_url":"","jetpack_sharing_enabled":true,"_links":{"self":[{"href":"https:\/\/mezosuli.hu\/index.php?rest_route=\/wp\/v2\/posts\/294","targetHints":{"allow":["GET"]}}],"collection":[{"href":"https:\/\/mezosuli.hu\/index.php?rest_route=\/wp\/v2\/posts"}],"about":[{"href":"https:\/\/mezosuli.hu\/index.php?rest_route=\/wp\/v2\/types\/post"}],"author":[{"embeddable":true,"href":"https:\/\/mezosuli.hu\/index.php?rest_route=\/wp\/v2\/users\/1"}],"replies":[{"embeddable":true,"href":"https:\/\/mezosuli.hu\/index.php?rest_route=%2Fwp%2Fv2%2Fcomments&post=294"}],"version-history":[{"count":2,"href":"https:\/\/mezosuli.hu\/index.php?rest_route=\/wp\/v2\/posts\/294\/revisions"}],"predecessor-version":[{"id":3626,"href":"https:\/\/mezosuli.hu\/index.php?rest_route=\/wp\/v2\/posts\/294\/revisions\/3626"}],"wp:attachment":[{"href":"https:\/\/mezosuli.hu\/index.php?rest_route=%2Fwp%2Fv2%2Fmedia&parent=294"}],"wp:term":[{"taxonomy":"category","embeddable":true,"href":"https:\/\/mezosuli.hu\/index.php?rest_route=%2Fwp%2Fv2%2Fcategories&post=294"},{"taxonomy":"post_tag","embeddable":true,"href":"https:\/\/mezosuli.hu\/index.php?rest_route=%2Fwp%2Fv2%2Ftags&post=294"}],"curies":[{"name":"wp","href":"https:\/\/api.w.org\/{rel}","templated":true}]}}