{"id":296,"date":"2017-12-12T13:13:32","date_gmt":"2017-12-12T12:13:32","guid":{"rendered":"https:\/\/uj.mezosuli.hu\/?p=296"},"modified":"2026-03-20T15:02:42","modified_gmt":"2026-03-20T14:02:42","slug":"versenyeredmeny-2017-12-12","status":"publish","type":"post","link":"https:\/\/mezosuli.hu\/?p=296","title":{"rendered":"Versenyeredm\u00e9ny &#8211; 2017.12.12."},"content":{"rendered":"<div style=\"font-family: 'Raleway', sans-serif;\" align=\"center\">\n<section style=\"font-size: 16px;\">\n<p style=\"font-size: 16px; text-align: justify; font-family: 'Open Sans', sans-serif; font-weight: 500;\"><span style=\"color: #ff6600; font-size: 20pt; font-variant-caps: small-caps; letter-spacing: 1pt;\">Versenyeredm\u00e9ny!<\/span><\/p>\n<hr \/>\n<p style=\"text-align: justify; line-height: 24px; margin-right: 10px;\"><span style=\"font-size: 14pt;\"><br \/>\n<img loading=\"lazy\" decoding=\"async\" class=\" alignleft size-full wp-image-245\" style=\"margin: 0px 20px 30px 5px; vertical-align: top; display: inline-block; float: left;\" src=\"https:\/\/uj.mezosuli.hu\/wp-content\/uploads\/2017\/11\/verseny_eredmeny_2_helyezet.png\" alt=\"Verseny - 2. helyez\u00e9s\" width=\"100\" height=\"100\" \/><img loading=\"lazy\" decoding=\"async\" class=\" alignright size-full wp-image-295\" style=\"margin: 0px 0px 0px 20px; vertical-align: top; display: inline-block; float: right;\" src=\"https:\/\/uj.mezosuli.hu\/wp-content\/uploads\/2017\/12\/juhasz_luca.jpg\" alt=\"Verseny - 2. helyez\u00e9s\" width=\"200\" height=\"200\" srcset=\"https:\/\/mezosuli.hu\/wp-content\/uploads\/2017\/12\/juhasz_luca.jpg 200w, https:\/\/mezosuli.hu\/wp-content\/uploads\/2017\/12\/juhasz_luca-150x150.jpg 150w\" sizes=\"auto, (max-width: 200px) 100vw, 200px\" \/><span style=\"padding-top: 25px;\"><strong>Juh\u00e1sz Luca<\/strong> 8.d oszt\u00e1lyos tanul\u00f3nk a Magyar Nyelv \u00e9s Irodalom kateg\u00f3ri\u00e1ban rendezett Simonyi Zsigmond K\u00e1rp\u00e1t-medencei helyes\u00edr\u00e1si verseny ker\u00fcleti fordul\u00f3j\u00e1n <strong><span style=\"color: #ff6600;\">2. helyez\u00e9st<\/span><\/strong> \u00e9rt el.<\/span><\/span><\/p>\n<p style=\"text-align: justify; line-height: 24px; margin-right: 10px;\"><em><span style=\"font-size: 14pt;\"><span style=\"padding-top: 25px;\">felk\u00e9sz\u00edt\u0151 tan\u00e1ra: S\u00e1ndor Gizella<\/span><\/span><\/em><\/p>\n<p>&nbsp;<\/p>\n<p style=\"text-align: justify; line-height: 24px; margin-right: 10px;\"><span style=\"font-size: 14pt;\"><span style=\"padding-top: 25px;\">A verseny tov\u00e1bbi helyezettjei:<\/span><\/span><\/p>\n<ul>\n<li style=\"text-align: justify; line-height: 24px; margin-right: 10px;\"><span style=\"font-size: 14pt;\"><span style=\"padding-top: 25px;\"><strong>Bartha Zs\u00f3fia<\/strong>\u00a0&#8211; 6.d oszt\u00e1ly &#8211; <span style=\"color: #ff6600;\">4. helyez\u00e9s<\/span> &#8211; (<em>felk\u00e9sz\u00edt\u0151 tan\u00e1ra: Pataki Andrea<\/em>)<\/span><\/span><\/li>\n<li style=\"text-align: justify; line-height: 24px; margin-right: 10px;\"><span style=\"font-size: 14pt;\"><span style=\"padding-top: 25px;\"><strong>H. Nagy Lili<\/strong>\u00a0&#8211; 5.b oszt\u00e1ly &#8211; <span style=\"color: #ff6600;\">4. helyez\u00e9s<\/span>\u00a0&#8211; (<em>felk\u00e9sz\u00edt\u0151 tan\u00e1ra: Kov\u00e1cs Margit<\/em>)<\/span><\/span><\/li>\n<li style=\"text-align: justify; line-height: 24px; margin-right: 10px;\"><span style=\"font-size: 14pt;\"><span style=\"padding-top: 25px;\"><strong>Rimasz\u00e9csi Laura<\/strong>\u00a0&#8211; 7.d oszt\u00e1ly &#8211;\u00a0<span style=\"color: #ff6600;\">7. helyez\u00e9s<\/span> &#8211; (<em>felk\u00e9sz\u00edt\u0151 tan\u00e1ra: S\u00e1ndor Gizella<\/em>)<\/span><\/span><\/li>\n<\/ul>\n<p>&nbsp;<\/p>\n<p class=\"clearfix\" style=\"text-align: right;\"><span style=\"font-size: 14pt;\">Gratul\u00e1lunk a helyezetteknek \u00e9s a felk\u00e9sz\u00edt\u0151 tan\u00e1roknak!<\/span><br \/>\n<span style=\"font-family: helvetica;\"><span style=\"font-size: 14pt;\"><br \/>\n<\/span><\/span><\/p>\n<div style=\"font-size: 16px;\" align=\"center\">\n<div>\n<p style=\"float: right;\"><span style=\"font-size: 16px; font-family: 'Raleway', sans-serif;\">Budapest, 2017. december<br \/>\n<\/span><\/p>\n<\/div>\n<\/div>\n<\/section>\n<\/div>\n","protected":false},"excerpt":{"rendered":"<p>Versenyeredm\u00e9ny! Juh\u00e1sz Luca 8.d oszt\u00e1lyos tanul\u00f3nk a Magyar Nyelv \u00e9s Irodalom kateg\u00f3ri\u00e1ban rendezett Simonyi Zsigmond K\u00e1rp\u00e1t-medencei helyes\u00edr\u00e1si verseny ker\u00fcleti fordul\u00f3j\u00e1n 2. helyez\u00e9st \u00e9rt el. felk\u00e9sz\u00edt\u0151 tan\u00e1ra: S\u00e1ndor Gizella &nbsp; A&hellip;<\/p>\n","protected":false},"author":1,"featured_media":0,"comment_status":"closed","ping_status":"open","sticky":false,"template":"","format":"standard","meta":{"_jetpack_memberships_contains_paid_content":false,"footnotes":""},"categories":[39],"tags":[],"class_list":["post-296","post","type-post","status-publish","format-standard","hentry","category-2017-hirarchivum"],"jetpack_featured_media_url":"","jetpack_sharing_enabled":true,"_links":{"self":[{"href":"https:\/\/mezosuli.hu\/index.php?rest_route=\/wp\/v2\/posts\/296","targetHints":{"allow":["GET"]}}],"collection":[{"href":"https:\/\/mezosuli.hu\/index.php?rest_route=\/wp\/v2\/posts"}],"about":[{"href":"https:\/\/mezosuli.hu\/index.php?rest_route=\/wp\/v2\/types\/post"}],"author":[{"embeddable":true,"href":"https:\/\/mezosuli.hu\/index.php?rest_route=\/wp\/v2\/users\/1"}],"replies":[{"embeddable":true,"href":"https:\/\/mezosuli.hu\/index.php?rest_route=%2Fwp%2Fv2%2Fcomments&post=296"}],"version-history":[{"count":2,"href":"https:\/\/mezosuli.hu\/index.php?rest_route=\/wp\/v2\/posts\/296\/revisions"}],"predecessor-version":[{"id":3628,"href":"https:\/\/mezosuli.hu\/index.php?rest_route=\/wp\/v2\/posts\/296\/revisions\/3628"}],"wp:attachment":[{"href":"https:\/\/mezosuli.hu\/index.php?rest_route=%2Fwp%2Fv2%2Fmedia&parent=296"}],"wp:term":[{"taxonomy":"category","embeddable":true,"href":"https:\/\/mezosuli.hu\/index.php?rest_route=%2Fwp%2Fv2%2Fcategories&post=296"},{"taxonomy":"post_tag","embeddable":true,"href":"https:\/\/mezosuli.hu\/index.php?rest_route=%2Fwp%2Fv2%2Ftags&post=296"}],"curies":[{"name":"wp","href":"https:\/\/api.w.org\/{rel}","templated":true}]}}