{"id":303,"date":"2017-12-18T11:15:20","date_gmt":"2017-12-18T10:15:20","guid":{"rendered":"https:\/\/uj.mezosuli.hu\/?p=303"},"modified":"2026-03-20T13:56:10","modified_gmt":"2026-03-20T12:56:10","slug":"2017-11-26-lidl-egeszsegnap","status":"publish","type":"post","link":"https:\/\/mezosuli.hu\/?p=303","title":{"rendered":"2017.11.26 &#8211; LIDL Eg\u00e9szs\u00e9gnap"},"content":{"rendered":"<div class=\"txF_raleway tx16t\" style=\"margin-bottom: 35px;\">\n<p><!--p class=\"tx_headline txc_green\">Eg\u00e9szs\u00e9gnap<\/p!-->\n<div class=\"header_img_container\">\n<p><img loading=\"lazy\" decoding=\"async\" class=\" size-full wp-image-299\" src=\"https:\/\/uj.mezosuli.hu\/wp-content\/uploads\/2017\/12\/lidl_egeszsegnap_00.jpg\" alt=\"\" width=\"700\" height=\"466\" srcset=\"https:\/\/mezosuli.hu\/wp-content\/uploads\/2017\/12\/lidl_egeszsegnap_00.jpg 700w, https:\/\/mezosuli.hu\/wp-content\/uploads\/2017\/12\/lidl_egeszsegnap_00-300x200.jpg 300w\" sizes=\"auto, (max-width: 700px) 100vw, 700px\" \/><\/p>\n<div class=\"header_img_caption tx_headline txc_green\">Eg\u00e9szs\u00e9gnap<\/div>\n<\/div>\n<p>&nbsp;<\/p>\n<p style=\"padding-bottom: 15px;\">K\u00f6sz\u00f6netemet szeretn\u00e9m kifejezni a Dr. Mez\u0151 Ferenc \u00c1ltal\u00e1nos Iskola valamennyi tanul\u00f3ja \u00e9s pedag\u00f3gusa nev\u00e9ben a 2017.11.24-\u00e9n megrendezett Eg\u00e9szs\u00e9gnap szervez\u00e9s\u00e9\u00e9rt, gazdag programj\u00e1\u00e9rt, a seg\u00edt\u0151 anim\u00e1torok gyermekcentrikus munk\u00e1j\u00e1\u00e9rt \u00e9s a Lidl Magyarorsz\u00e1g Bt. t\u00e1mogat\u00e1s\u00e1\u00e9rt.<\/p>\n<p style=\"padding-bottom: 15px;\">Nagy \u00f6r\u00f6m\u00f6mre szolg\u00e1lt, hogy iskol\u00e1nkat v\u00e1lasztott\u00e1k a program lebonyol\u00edt\u00e1s\u00e1hoz. Gyerekeinknek ezen a napon nem mindennapi \u00e9lm\u00e9nyben volt r\u00e9sz\u00fck.\u00a0Koll\u00e9g\u00e1im, a tanul\u00f3k, a sz\u00fcl\u0151k r\u00e9sz\u00e9r\u0151l is csak elismer\u0151, \u00e9s k\u00f6sz\u00f6n\u0151 szavakat tov\u00e1bb\u00edthatok. A gyerekek egy r\u00e9sze \u00fagy nyilatkozott, hogy ez volt a tan\u00e9v legjobb napja.<\/p>\n<div style=\"padding-bottom: 15px;\" align=\"center\"><img loading=\"lazy\" decoding=\"async\" class=\" size-full wp-image-300\" style=\"margin-right: 5px;\" src=\"https:\/\/uj.mezosuli.hu\/wp-content\/uploads\/2017\/12\/lidl_egeszsegnap_01_t.jpg\" alt=\"egeszsegnap 01\" width=\"240\" height=\"160\" \/> <img loading=\"lazy\" decoding=\"async\" class=\" size-full wp-image-301\" style=\"margin-right: 5px; margin-left: 5px;\" src=\"https:\/\/uj.mezosuli.hu\/wp-content\/uploads\/2017\/12\/lidl_egeszsegnap_42_t.jpg\" alt=\"egeszsegnap 02\" width=\"240\" height=\"160\" \/> <img loading=\"lazy\" decoding=\"async\" class=\" size-full wp-image-302\" style=\"margin-left: 5px;\" src=\"https:\/\/uj.mezosuli.hu\/wp-content\/uploads\/2017\/12\/lidl_egeszsegnap_72_t.jpg\" alt=\"egeszsegnap 03\" width=\"240\" height=\"160\" \/><\/div>\n<p style=\"padding-bottom: 15px;\">K\u00f6sz\u00f6nj\u00fck a szervez\u00e9st, az anim\u00e1torok profizmus\u00e1t, kedves, seg\u00edt\u0151, emberi hozz\u00e1\u00e1ll\u00e1s\u00e1t, a Lidl Magyarorsz\u00e1g Bt. szponzor\u00e1l\u00e1s\u00e1t.<\/p>\n<p style=\"padding-bottom: 15px;\">Sokat tanultunk valamennyien ezen a napon az eg\u00e9szs\u00e9gr\u0151l \u00e9s sok eg\u00e9szs\u00e9ges, \u00edzletes z\u00f6lds\u00e9get, gy\u00fcm\u00f6lcs\u00f6t fogyaszthattunk j\u00f3\u00e9tv\u00e1ggyal.\u00a0B\u00edzunk abban, hogy egy\u00fcttm\u0171k\u00f6d\u00e9s\u00fcnk a k\u00f6vetkez\u0151 tan\u00e9vben is folytat\u00f3dik, hiszen rendk\u00edv\u00fcl n\u00e9pszer\u0171 volt az \u00d6n\u00f6k \u00e1ltal k\u00edn\u00e1lt programok sora.<\/p>\n<p style=\"padding-bottom: 15px;\"><strong>K\u00f6sz\u00f6nj\u00fck az eg\u00e9sz napos \u00e9lm\u00e9nyt!<\/strong><\/p>\n<p><button class=\"accordion\">Tov\u00e1bbi k\u00e9pek az esem\u00e9nyr\u0151l&#8230;<\/button><\/p>\n<div class=\"panel\">\n\n<\/div>\n<div class=\"txF_raleway tx14x\">\n<p style=\"float: right; text-align: center; line-height: 18px;\">Mostaf\u00e1n\u00e9 Gomb\u00e1r Erzs\u00e9bet<br \/>\nint\u00e9zm\u00e9nyvezet\u0151<br \/>\nBudapest, 2017. november 27.<\/p>\n<\/div>\n<\/div>\n<p><script type=\"text\/javascript\">var acc=document.getElementsByClassName(\"accordion\");var i;for(i=0;i<acc.length;i++){acc[i].onclick=function(){this.classList.toggle(\"active\");var panel=this.nextElementSibling;if(panel.style.maxHeight){panel.style.maxHeight=null;}else{panel.style.maxHeight=panel.scrollHeight+\"px\";}}}<\/script><\/p>\n","protected":false},"excerpt":{"rendered":"<p>Eg\u00e9szs\u00e9gnap &nbsp; K\u00f6sz\u00f6netemet szeretn\u00e9m kifejezni a Dr. Mez\u0151 Ferenc \u00c1ltal\u00e1nos Iskola valamennyi tanul\u00f3ja \u00e9s pedag\u00f3gusa nev\u00e9ben a 2017.11.24-\u00e9n megrendezett Eg\u00e9szs\u00e9gnap szervez\u00e9s\u00e9\u00e9rt, gazdag programj\u00e1\u00e9rt, a seg\u00edt\u0151 anim\u00e1torok gyermekcentrikus munk\u00e1j\u00e1\u00e9rt \u00e9s a&hellip;<\/p>\n","protected":false},"author":1,"featured_media":0,"comment_status":"closed","ping_status":"open","sticky":false,"template":"","format":"standard","meta":{"_jetpack_memberships_contains_paid_content":false,"footnotes":""},"categories":[39],"tags":[],"class_list":["post-303","post","type-post","status-publish","format-standard","hentry","category-2017-hirarchivum"],"jetpack_featured_media_url":"","jetpack_sharing_enabled":true,"_links":{"self":[{"href":"https:\/\/mezosuli.hu\/index.php?rest_route=\/wp\/v2\/posts\/303","targetHints":{"allow":["GET"]}}],"collection":[{"href":"https:\/\/mezosuli.hu\/index.php?rest_route=\/wp\/v2\/posts"}],"about":[{"href":"https:\/\/mezosuli.hu\/index.php?rest_route=\/wp\/v2\/types\/post"}],"author":[{"embeddable":true,"href":"https:\/\/mezosuli.hu\/index.php?rest_route=\/wp\/v2\/users\/1"}],"replies":[{"embeddable":true,"href":"https:\/\/mezosuli.hu\/index.php?rest_route=%2Fwp%2Fv2%2Fcomments&post=303"}],"version-history":[{"count":2,"href":"https:\/\/mezosuli.hu\/index.php?rest_route=\/wp\/v2\/posts\/303\/revisions"}],"predecessor-version":[{"id":3540,"href":"https:\/\/mezosuli.hu\/index.php?rest_route=\/wp\/v2\/posts\/303\/revisions\/3540"}],"wp:attachment":[{"href":"https:\/\/mezosuli.hu\/index.php?rest_route=%2Fwp%2Fv2%2Fmedia&parent=303"}],"wp:term":[{"taxonomy":"category","embeddable":true,"href":"https:\/\/mezosuli.hu\/index.php?rest_route=%2Fwp%2Fv2%2Fcategories&post=303"},{"taxonomy":"post_tag","embeddable":true,"href":"https:\/\/mezosuli.hu\/index.php?rest_route=%2Fwp%2Fv2%2Ftags&post=303"}],"curies":[{"name":"wp","href":"https:\/\/api.w.org\/{rel}","templated":true}]}}