{"id":305,"date":"2018-01-02T23:17:30","date_gmt":"2018-01-02T22:17:30","guid":{"rendered":"https:\/\/uj.mezosuli.hu\/?p=305"},"modified":"2026-03-20T13:57:17","modified_gmt":"2026-03-20T12:57:17","slug":"2017-12-15-luca-nap","status":"publish","type":"post","link":"https:\/\/mezosuli.hu\/?p=305","title":{"rendered":"2017.12.15 &#8211; Luca-nap"},"content":{"rendered":"<div class=\"txF_raleway tx16t\" style=\"margin-bottom: 35px;\">\n<p><!--p class=\"tx_headline txc_orange\">Luca-nap<\/p!-->\n<div class=\"header_img_container\">\n<p><img loading=\"lazy\" decoding=\"async\" class=\" size-full wp-image-304\" src=\"https:\/\/uj.mezosuli.hu\/wp-content\/uploads\/2018\/01\/boszorkanyok_napja.png\" alt=\"\" width=\"700\" height=\"460\" srcset=\"https:\/\/mezosuli.hu\/wp-content\/uploads\/2018\/01\/boszorkanyok_napja.png 700w, https:\/\/mezosuli.hu\/wp-content\/uploads\/2018\/01\/boszorkanyok_napja-300x197.png 300w\" sizes=\"auto, (max-width: 700px) 100vw, 700px\" \/><\/p>\n<div class=\"header_img_caption tx_headline txc_orange\">Luca-nap<\/div>\n<\/div>\n<p>&nbsp;<\/p>\n<p style=\"padding-bottom: 15px;\">Mikul\u00e1s \u00e9s Kar\u00e1csony k\u00f6z\u00f6tt a december jeles napja, a Luca nap az id\u00e9n szerd\u00e1ra esett. Iskol\u00e1nkban december 15-\u00e9n, p\u00e9nteken rendezt\u00fck meg a Boszork\u00e1nyok \u00dcnnep\u00e9t. Rendezv\u00e9ny\u00fcnk\u00f6n nagyok \u00e9s kicsik sokas\u00e1ga vett r\u00e9szt.<\/p>\n<p style=\"padding-bottom: 15px;\">Lehetett sik\u00edtozni az Elvar\u00e1zsolt kast\u00e9lyban, meghallgathatt\u00e1k J\u00f3sn\u0151ink j\u00f3slatait, \u00fcgyeskedhettek Biri n\u00e9nje b\u00fctyk\u00f6ld\u00e9j\u00e9ben. Meg\u00edzlelhett\u00e9k a b\u00fcf\u00e9 k\u00edn\u00e1lat\u00e1t, mehettek teah\u00e1zba \u00e9s ehettek a m\u00e1r elmaradhatatlan csoki sz\u00f6k\u0151k\u00fatb\u00f3l. Volt henna-fest\u00e9s \u00e9s csill\u00e1mtetov\u00e1l\u00e1s, horoszp\u00f3k \u00e9s j\u00e1t\u00e9kbarlang.<\/p>\n<p style=\"padding-bottom: 15px;\">A rendezv\u00e9ny z\u00e1r\u00e1sak\u00e9nt a cs\u00fafs\u00e1g versenyen \u00e9rt\u00e9kes aj\u00e1nd\u00e9kokat nyertek az indul\u00f3k.<\/p>\n<p style=\"padding-bottom: 15px;\">Ez\u00faton k\u00f6sz\u00f6n\u00f6m koll\u00e9g\u00e1im munk\u00e1j\u00e1t \u00e9s a sz\u00fcl\u0151k t\u00e1mogat\u00e1s\u00e1t.<\/p>\n<p><button class=\"accordion\">K\u00e9pek az esem\u00e9nyr\u0151l&#8230;<\/button><\/p>\n<div class=\"panel\">\n\n<\/div>\n<div class=\"txF_raleway tx14x\">\n<p style=\"float: right; text-align: center; line-height: 18px;\">Popp Judit<br \/>\na Mez\u0151 Tandem Egyes\u00fclet Eln\u00f6ke<br \/>\nBudapest, 2017. december 15.<\/p>\n<\/div>\n<\/div>\n<p><script type=\"text\/javascript\">var acc=document.getElementsByClassName(\"accordion\");var i;for(i=0;i<acc.length;i++){acc[i].onclick=function(){this.classList.toggle(\"active\");var panel=this.nextElementSibling;if(panel.style.maxHeight){panel.style.maxHeight=null;}else{panel.style.maxHeight=panel.scrollHeight+\"px\";}}}<\/script><\/p>\n","protected":false},"excerpt":{"rendered":"<p>Luca-nap &nbsp; Mikul\u00e1s \u00e9s Kar\u00e1csony k\u00f6z\u00f6tt a december jeles napja, a Luca nap az id\u00e9n szerd\u00e1ra esett. Iskol\u00e1nkban december 15-\u00e9n, p\u00e9nteken rendezt\u00fck meg a Boszork\u00e1nyok \u00dcnnep\u00e9t. Rendezv\u00e9ny\u00fcnk\u00f6n nagyok \u00e9s kicsik&hellip;<\/p>\n","protected":false},"author":1,"featured_media":0,"comment_status":"closed","ping_status":"open","sticky":false,"template":"","format":"standard","meta":{"_jetpack_memberships_contains_paid_content":false,"footnotes":""},"categories":[39],"tags":[],"class_list":["post-305","post","type-post","status-publish","format-standard","hentry","category-2017-hirarchivum"],"jetpack_featured_media_url":"","jetpack_sharing_enabled":true,"_links":{"self":[{"href":"https:\/\/mezosuli.hu\/index.php?rest_route=\/wp\/v2\/posts\/305","targetHints":{"allow":["GET"]}}],"collection":[{"href":"https:\/\/mezosuli.hu\/index.php?rest_route=\/wp\/v2\/posts"}],"about":[{"href":"https:\/\/mezosuli.hu\/index.php?rest_route=\/wp\/v2\/types\/post"}],"author":[{"embeddable":true,"href":"https:\/\/mezosuli.hu\/index.php?rest_route=\/wp\/v2\/users\/1"}],"replies":[{"embeddable":true,"href":"https:\/\/mezosuli.hu\/index.php?rest_route=%2Fwp%2Fv2%2Fcomments&post=305"}],"version-history":[{"count":2,"href":"https:\/\/mezosuli.hu\/index.php?rest_route=\/wp\/v2\/posts\/305\/revisions"}],"predecessor-version":[{"id":3542,"href":"https:\/\/mezosuli.hu\/index.php?rest_route=\/wp\/v2\/posts\/305\/revisions\/3542"}],"wp:attachment":[{"href":"https:\/\/mezosuli.hu\/index.php?rest_route=%2Fwp%2Fv2%2Fmedia&parent=305"}],"wp:term":[{"taxonomy":"category","embeddable":true,"href":"https:\/\/mezosuli.hu\/index.php?rest_route=%2Fwp%2Fv2%2Fcategories&post=305"},{"taxonomy":"post_tag","embeddable":true,"href":"https:\/\/mezosuli.hu\/index.php?rest_route=%2Fwp%2Fv2%2Ftags&post=305"}],"curies":[{"name":"wp","href":"https:\/\/api.w.org\/{rel}","templated":true}]}}