{"id":3208,"date":"2026-03-16T16:33:45","date_gmt":"2026-03-16T15:33:45","guid":{"rendered":"https:\/\/mezosuli.hu\/?p=3208"},"modified":"2026-03-20T10:56:35","modified_gmt":"2026-03-20T09:56:35","slug":"1848-1849-es-forradalom-es-szabadsagharc-emlekezete-2026","status":"publish","type":"post","link":"https:\/\/mezosuli.hu\/?p=3208","title":{"rendered":"1848-1849-es forradalom \u00e9s szabads\u00e1gharc eml\u00e9kezete 2026"},"content":{"rendered":"<p><span style=\"font-size: 18px;\">2026.03.13-\u00e1n 9.00-t\u00f3l \u00fcnnepi megeml\u00e9kez\u00e9st tartottunk az iskola tornaterm\u00e9ben.\u00a0<\/span><\/p>\n<p><span style=\"font-size: 18px;\">A m\u0171sort a 6.c \u00e9s 6.a oszt\u00e1lyos tanul\u00f3k k\u00e9sz\u00edtett\u00e9k Varg\u00e1n\u00e9 G\u00e1sp\u00e1r Val\u00e9ria \u00e9s Sz\u00fccs Eszter tan\u00e1rn\u0151k vezet\u00e9s\u00e9vel.\u00a0<\/span><\/p>\n<p><span style=\"font-size: 18px;\">A m\u0171sorban a pr\u00f3zai r\u00e9szeket zen\u00e9s-t\u00e1ncos \u00e9s \u00e9nekes bet\u00e9tek d\u00edsz\u00edtett\u00e9k.\u00a0<\/span><\/p>\n<p><img loading=\"lazy\" decoding=\"async\" class=\"alignnone size-medium wp-image-3210\" src=\"https:\/\/mezosuli.hu\/wp-content\/uploads\/2026\/03\/Marcius-15-250x210.png\" alt=\"\" width=\"250\" height=\"210\" \/><\/p>\n<p><span style=\"font-size: 18px;\">Az \u00fcnnepi m\u0171sort az <a href=\"https:\/\/www.youtube.com\/watch?v=wUOn4M6A4Sw\">al\u00e1bbi linken<\/a> tekinthetik meg.\u00a0<\/span><\/p>\n<p><span style=\"font-size: 18px;\">11 \u00f3r\u00e1t\u00f3l az als\u00f3s tanul\u00f3k Szabados Huba \u00e9s nagypap\u00e1ja husz\u00e1rbemutat\u00f3j\u00e1t tekinthett\u00e9k meg.\u00a0<\/span><\/p>\n<p><img loading=\"lazy\" decoding=\"async\" class=\"alignnone size-medium wp-image-3211\" src=\"https:\/\/mezosuli.hu\/wp-content\/uploads\/2026\/03\/635551d0-79f2-4b9b-9252-14f8440a56f6-188x250.jpg\" alt=\"\" width=\"188\" height=\"250\" srcset=\"https:\/\/mezosuli.hu\/wp-content\/uploads\/2026\/03\/635551d0-79f2-4b9b-9252-14f8440a56f6-188x250.jpg 188w, https:\/\/mezosuli.hu\/wp-content\/uploads\/2026\/03\/635551d0-79f2-4b9b-9252-14f8440a56f6-768x1024.jpg 768w, https:\/\/mezosuli.hu\/wp-content\/uploads\/2026\/03\/635551d0-79f2-4b9b-9252-14f8440a56f6-1152x1536.jpg 1152w, https:\/\/mezosuli.hu\/wp-content\/uploads\/2026\/03\/635551d0-79f2-4b9b-9252-14f8440a56f6.jpg 1536w\" sizes=\"auto, (max-width: 188px) 100vw, 188px\" \/><\/p>\n","protected":false},"excerpt":{"rendered":"<p>2026.03.13-\u00e1n 9.00-t\u00f3l \u00fcnnepi megeml\u00e9kez\u00e9st tartottunk az iskola tornaterm\u00e9ben.\u00a0 A m\u0171sort a 6.c \u00e9s 6.a oszt\u00e1lyos tanul\u00f3k k\u00e9sz\u00edtett\u00e9k Varg\u00e1n\u00e9 G\u00e1sp\u00e1r Val\u00e9ria \u00e9s Sz\u00fccs Eszter tan\u00e1rn\u0151k vezet\u00e9s\u00e9vel.\u00a0 A m\u0171sorban a pr\u00f3zai r\u00e9szeket&hellip;<\/p>\n","protected":false},"author":1,"featured_media":0,"comment_status":"closed","ping_status":"open","sticky":false,"template":"","format":"standard","meta":{"_jetpack_memberships_contains_paid_content":false,"footnotes":""},"categories":[8,6],"tags":[],"class_list":["post-3208","post","type-post","status-publish","format-standard","hentry","category-banner-hirek","category-hirek"],"jetpack_featured_media_url":"","jetpack_sharing_enabled":true,"_links":{"self":[{"href":"https:\/\/mezosuli.hu\/index.php?rest_route=\/wp\/v2\/posts\/3208","targetHints":{"allow":["GET"]}}],"collection":[{"href":"https:\/\/mezosuli.hu\/index.php?rest_route=\/wp\/v2\/posts"}],"about":[{"href":"https:\/\/mezosuli.hu\/index.php?rest_route=\/wp\/v2\/types\/post"}],"author":[{"embeddable":true,"href":"https:\/\/mezosuli.hu\/index.php?rest_route=\/wp\/v2\/users\/1"}],"replies":[{"embeddable":true,"href":"https:\/\/mezosuli.hu\/index.php?rest_route=%2Fwp%2Fv2%2Fcomments&post=3208"}],"version-history":[{"count":2,"href":"https:\/\/mezosuli.hu\/index.php?rest_route=\/wp\/v2\/posts\/3208\/revisions"}],"predecessor-version":[{"id":3212,"href":"https:\/\/mezosuli.hu\/index.php?rest_route=\/wp\/v2\/posts\/3208\/revisions\/3212"}],"wp:attachment":[{"href":"https:\/\/mezosuli.hu\/index.php?rest_route=%2Fwp%2Fv2%2Fmedia&parent=3208"}],"wp:term":[{"taxonomy":"category","embeddable":true,"href":"https:\/\/mezosuli.hu\/index.php?rest_route=%2Fwp%2Fv2%2Fcategories&post=3208"},{"taxonomy":"post_tag","embeddable":true,"href":"https:\/\/mezosuli.hu\/index.php?rest_route=%2Fwp%2Fv2%2Ftags&post=3208"}],"curies":[{"name":"wp","href":"https:\/\/api.w.org\/{rel}","templated":true}]}}