{"id":325,"date":"2018-02-27T10:47:32","date_gmt":"2018-02-27T09:47:32","guid":{"rendered":"https:\/\/uj.mezosuli.hu\/?p=325"},"modified":"2026-03-20T14:11:18","modified_gmt":"2026-03-20T13:11:18","slug":"2018-02-22-versenyeredmeny-zuglo-kupa","status":"publish","type":"post","link":"https:\/\/mezosuli.hu\/?p=325","title":{"rendered":"2018.02.22 &#8211; Versenyeredm\u00e9ny &#8211; Zugl\u00f3 Kupa"},"content":{"rendered":"<div style=\"font-family: 'Raleway', sans-serif;\" align=\"center\">\n<section style=\"font-size: 16px;\">\n<p style=\"font-size: 16px; text-align: justify; font-family: 'Open Sans', sans-serif; font-weight: 500;\"><span style=\"color: #ff6600; font-size: 20pt; font-variant-caps: small-caps; letter-spacing: 1pt;\">Versenyeredm\u00e9ny!<\/span><\/p>\n<hr \/>\n<p style=\"text-align: justify; line-height: 24px; margin-right: 10px;\"><span style=\"font-size: 14pt;\"><br \/>\n<img loading=\"lazy\" decoding=\"async\" class=\" alignleft size-full wp-image-321\" style=\"margin: 0px 20px 30px 5px; vertical-align: top; display: inline-block; float: left;\" src=\"https:\/\/uj.mezosuli.hu\/wp-content\/uploads\/2018\/02\/verseny_eredmeny_3_helyezet.png\" alt=\"Verseny - 3. helyez\u00e9s\" width=\"100\" height=\"100\" \/><img loading=\"lazy\" decoding=\"async\" class=\" alignright size-full wp-image-324\" style=\"margin: 0px 0px 0px 20px; vertical-align: top; display: inline-block; float: right;\" src=\"https:\/\/uj.mezosuli.hu\/wp-content\/uploads\/2018\/02\/kosarcsapat-scaled.jpg\" alt=\"Verseny - 3. helyez\u00e9s\" width=\"400\" height=\"279\" \/><span style=\"padding-top: 25px;\">Iskol\u00e1nk\u00a05. \u00e9s 6. \u00e9vfolyamos tanul\u00f3kb\u00f3l \u00e1ll\u00f3 csapata a Sport kateg\u00f3ri\u00e1ban rendezett 2018-as Zugl\u00f3 Kupa Kos\u00e1rlabda verseny III. korcsoportj\u00e1ban a ker\u00fcleti fordul\u00f3n <strong><span style=\"color: #ff6600;\">3. helyez\u00e9st<\/span><\/strong> \u00e9rt el.<\/span><\/span><\/p>\n<p style=\"text-align: justify; line-height: 24px; margin-right: 10px;\"><em><span style=\"font-size: 14pt;\"><span style=\"padding-top: 25px;\">felk\u00e9sz\u00edt\u0151 tan\u00e1ruk: Filipovics Tam\u00e1sn\u00e9<\/span><\/span><\/em><\/p>\n<p>&nbsp;<\/p>\n<p style=\"text-align: justify; line-height: 24px; margin-right: 10px;\"><span style=\"font-size: 14pt;\"><span style=\"padding-top: 25px;\">A kos\u00e1rcsapat tagjai:<\/span><\/span><\/p>\n<ul>\n<li style=\"text-align: justify; line-height: 24px; margin-right: 10px;\"><span style=\"font-size: 14pt;\"><span style=\"padding-top: 25px;\"><strong>Buday Sebesty\u00e9n<\/strong> &#8211; 6.c oszt\u00e1ly<\/span><\/span><\/li>\n<li style=\"text-align: justify; line-height: 24px; margin-right: 10px;\"><span style=\"font-size: 14pt;\"><span style=\"padding-top: 25px;\"><strong>Dobos Gerg\u0151<\/strong> &#8211; 5.c oszt\u00e1ly<\/span><\/span><\/li>\n<li style=\"text-align: justify; line-height: 24px; margin-right: 10px;\"><span style=\"font-size: 14pt;\"><span style=\"padding-top: 25px;\"><strong>Doszpot Soma<\/strong> &#8211; 5.d oszt\u00e1ly<\/span><\/span><\/li>\n<li style=\"text-align: justify; line-height: 24px; margin-right: 10px;\"><span style=\"font-size: 14pt;\"><span style=\"padding-top: 25px;\"><strong>Havasi \u00c1d\u00e1m<\/strong> &#8211; 5.c oszt\u00e1ly<\/span><\/span><\/li>\n<li style=\"text-align: justify; line-height: 24px; margin-right: 10px;\"><span style=\"font-size: 14pt;\"><span style=\"padding-top: 25px;\"><strong>Hevesi \u00c1kos<\/strong> &#8211; 5.d oszt\u00e1ly<\/span><\/span><\/li>\n<li style=\"text-align: justify; line-height: 24px; margin-right: 10px;\"><span style=\"font-size: 14pt;\"><span style=\"padding-top: 25px;\"><strong>Husz\u00e1r Andr\u00e1s<\/strong> &#8211; 6.c oszt\u00e1ly<\/span><\/span><\/li>\n<li style=\"text-align: justify; line-height: 24px; margin-right: 10px;\"><span style=\"font-size: 14pt;\"><span style=\"padding-top: 25px;\"><strong>Jenei Benedek<\/strong> &#8211; 5.b oszt\u00e1ly<\/span><\/span><\/li>\n<li style=\"text-align: justify; line-height: 24px; margin-right: 10px;\"><span style=\"font-size: 14pt;\"><span style=\"padding-top: 25px;\"><strong>P\u00f6\u0151r Nimr\u00f3d<\/strong> &#8211; 6.a oszt\u00e1ly<\/span><\/span><\/li>\n<li style=\"text-align: justify; line-height: 24px; margin-right: 10px;\"><span style=\"font-size: 14pt;\"><span style=\"padding-top: 25px;\"><strong>Rakovics Marcell<\/strong> &#8211; 6.a oszt\u00e1ly<\/span><\/span><\/li>\n<li style=\"text-align: justify; line-height: 24px; margin-right: 10px;\"><span style=\"font-size: 14pt;\"><span style=\"padding-top: 25px;\"><strong>R\u00e1kosy Marcell<\/strong> &#8211; 6.c oszt\u00e1ly<\/span><\/span><\/li>\n<li style=\"text-align: justify; line-height: 24px; margin-right: 10px;\"><span style=\"font-size: 14pt;\"><span style=\"padding-top: 25px;\"><strong>Tran Henry Gianky<\/strong> &#8211; 5.a oszt\u00e1ly<\/span><\/span><\/li>\n<\/ul>\n<p class=\"clearfix\" style=\"text-align: right;\"><span style=\"font-size: 14pt;\">Gratul\u00e1lunk nekik a sikeres eredm\u00e9nyhez!<\/span><br \/>\n<span style=\"font-family: helvetica;\"><span style=\"font-size: 14pt;\"><br \/>\n<\/span><\/span><\/p>\n<p><button class=\"accordion\">Tov\u00e1bbi k\u00e9pek az esem\u00e9nyr\u0151l&#8230;<\/button><\/p>\n<div class=\"panel\">\n\n<\/div>\n<div class=\"txF_raleway tx14x\" style=\"text-align: center; line-height: 20px;\">\n<p style=\"float: right;\">Budapest, 2018. febru\u00e1r<\/p>\n<\/div>\n<p><script type=\"text\/javascript\">var acc=document.getElementsByClassName(\"accordion\");var i;for(i=0;i<acc.length;i++){acc[i].onclick=function(){this.classList.toggle(\"active\");var panel=this.nextElementSibling;if(panel.style.maxHeight){panel.style.maxHeight=null;}else{panel.style.maxHeight=panel.scrollHeight+\"px\";}}}<\/script><\/p>\n<\/section>\n<\/div>\n","protected":false},"excerpt":{"rendered":"<p>Versenyeredm\u00e9ny! Iskol\u00e1nk\u00a05. \u00e9s 6. \u00e9vfolyamos tanul\u00f3kb\u00f3l \u00e1ll\u00f3 csapata a Sport kateg\u00f3ri\u00e1ban rendezett 2018-as Zugl\u00f3 Kupa Kos\u00e1rlabda verseny III. korcsoportj\u00e1ban a ker\u00fcleti fordul\u00f3n 3. helyez\u00e9st \u00e9rt el. felk\u00e9sz\u00edt\u0151 tan\u00e1ruk: Filipovics Tam\u00e1sn\u00e9&hellip;<\/p>\n","protected":false},"author":1,"featured_media":0,"comment_status":"closed","ping_status":"open","sticky":false,"template":"","format":"standard","meta":{"_jetpack_memberships_contains_paid_content":false,"footnotes":""},"categories":[40],"tags":[],"class_list":["post-325","post","type-post","status-publish","format-standard","hentry","category-2018-hirarchivum"],"jetpack_featured_media_url":"","jetpack_sharing_enabled":true,"_links":{"self":[{"href":"https:\/\/mezosuli.hu\/index.php?rest_route=\/wp\/v2\/posts\/325","targetHints":{"allow":["GET"]}}],"collection":[{"href":"https:\/\/mezosuli.hu\/index.php?rest_route=\/wp\/v2\/posts"}],"about":[{"href":"https:\/\/mezosuli.hu\/index.php?rest_route=\/wp\/v2\/types\/post"}],"author":[{"embeddable":true,"href":"https:\/\/mezosuli.hu\/index.php?rest_route=\/wp\/v2\/users\/1"}],"replies":[{"embeddable":true,"href":"https:\/\/mezosuli.hu\/index.php?rest_route=%2Fwp%2Fv2%2Fcomments&post=325"}],"version-history":[{"count":2,"href":"https:\/\/mezosuli.hu\/index.php?rest_route=\/wp\/v2\/posts\/325\/revisions"}],"predecessor-version":[{"id":3564,"href":"https:\/\/mezosuli.hu\/index.php?rest_route=\/wp\/v2\/posts\/325\/revisions\/3564"}],"wp:attachment":[{"href":"https:\/\/mezosuli.hu\/index.php?rest_route=%2Fwp%2Fv2%2Fmedia&parent=325"}],"wp:term":[{"taxonomy":"category","embeddable":true,"href":"https:\/\/mezosuli.hu\/index.php?rest_route=%2Fwp%2Fv2%2Fcategories&post=325"},{"taxonomy":"post_tag","embeddable":true,"href":"https:\/\/mezosuli.hu\/index.php?rest_route=%2Fwp%2Fv2%2Ftags&post=325"}],"curies":[{"name":"wp","href":"https:\/\/api.w.org\/{rel}","templated":true}]}}