{"id":326,"date":"2018-02-28T10:15:19","date_gmt":"2018-02-28T09:15:19","guid":{"rendered":"https:\/\/uj.mezosuli.hu\/?p=326"},"modified":"2026-03-17T10:53:40","modified_gmt":"2026-03-17T09:53:40","slug":"oko-hirek-2017-02-05","status":"publish","type":"post","link":"https:\/\/mezosuli.hu\/?p=326","title":{"rendered":"\u00d6ko-h\u00edrek 2017.02.05"},"content":{"rendered":"<hr \/>\n<div class=\"txF_raleway tx16t\">\n<p class=\"tx_headline tx20t\">Febru\u00e1r:<\/p>\n<p>&nbsp;<\/p>\n<p>Iskolai programok:<\/p>\n<ul>\n<li>Febru\u00e1r 2-a: <span class=\"txF_green\" style=\"color: #008000;\">Vizes \u00c9l\u0151helyek Vil\u00e1gnapja<\/span><\/li>\n<li>Term\u00e9szetj\u00e1r\u00f3 t\u00fara \u00e9rdekl\u0151d\u0151 pedag\u00f3gusoknak, sz\u00fcl\u0151knek \u00e9s di\u00e1koknak<\/li>\n<li>Jeles napok, hagyom\u00e1nyok feleleven\u00edt\u00e9se: Farsang (febru\u00e1r 2, 9 \u00e9s 23.)<\/li>\n<li>Madarak gondoz\u00e1sa az iskola udvar\u00e1n<\/li>\n<\/ul>\n<p>K\u00f6sz\u00f6nj\u00fck az oszt\u00e1lyoknak (1.c, 3.c, 3.a, 4.c, 1.a), a D\u00d6K-nek \u00e9s annak a Kedves Fels\u0151s Sz\u00fcl\u0151nek a seg\u00edts\u00e9g\u00e9t, aki eg\u00e9sz t\u00e9len seg\u00edtette a madarak gondoz\u00e1s\u00e1t!<\/p>\n<p>K\u00f6sz\u00f6nj\u00fck az \u00d6nkorm\u00e1nyzat munkat\u00e1rsainak, hogy az iskola udvar\u00e1ra telep\u00edtett mad\u00e1rod\u00fakat kitiszt\u00edtott\u00e1k!<\/p>\n<p>&nbsp;<\/p>\n<p style=\"float: left;\"><span style=\"font-size: 12pt;\">\u00d6ko munkacsoport<\/span><\/p>\n<div style=\"left: 0; position: relative;\">\n<p style=\"float: right;\"><span style=\"font-size: 12pt;\">Budapest, 2018. febru\u00e1r<br \/><\/span><\/p>\n<\/div>\n<\/div>\n","protected":false},"excerpt":{"rendered":"<p>Febru\u00e1r: &nbsp; Iskolai programok: Febru\u00e1r 2-a: Vizes \u00c9l\u0151helyek Vil\u00e1gnapja Term\u00e9szetj\u00e1r\u00f3 t\u00fara \u00e9rdekl\u0151d\u0151 pedag\u00f3gusoknak, sz\u00fcl\u0151knek \u00e9s di\u00e1koknak Jeles napok, hagyom\u00e1nyok feleleven\u00edt\u00e9se: Farsang (febru\u00e1r 2, 9 \u00e9s 23.) Madarak gondoz\u00e1sa az iskola&hellip;<\/p>\n","protected":false},"author":1,"featured_media":0,"comment_status":"closed","ping_status":"open","sticky":false,"template":"","format":"standard","meta":{"_jetpack_memberships_contains_paid_content":false,"footnotes":""},"categories":[7],"tags":[],"class_list":["post-326","post","type-post","status-publish","format-standard","hentry","category-oko-hirek"],"jetpack_featured_media_url":"","jetpack_sharing_enabled":true,"_links":{"self":[{"href":"https:\/\/mezosuli.hu\/index.php?rest_route=\/wp\/v2\/posts\/326","targetHints":{"allow":["GET"]}}],"collection":[{"href":"https:\/\/mezosuli.hu\/index.php?rest_route=\/wp\/v2\/posts"}],"about":[{"href":"https:\/\/mezosuli.hu\/index.php?rest_route=\/wp\/v2\/types\/post"}],"author":[{"embeddable":true,"href":"https:\/\/mezosuli.hu\/index.php?rest_route=\/wp\/v2\/users\/1"}],"replies":[{"embeddable":true,"href":"https:\/\/mezosuli.hu\/index.php?rest_route=%2Fwp%2Fv2%2Fcomments&post=326"}],"version-history":[{"count":1,"href":"https:\/\/mezosuli.hu\/index.php?rest_route=\/wp\/v2\/posts\/326\/revisions"}],"predecessor-version":[{"id":2470,"href":"https:\/\/mezosuli.hu\/index.php?rest_route=\/wp\/v2\/posts\/326\/revisions\/2470"}],"wp:attachment":[{"href":"https:\/\/mezosuli.hu\/index.php?rest_route=%2Fwp%2Fv2%2Fmedia&parent=326"}],"wp:term":[{"taxonomy":"category","embeddable":true,"href":"https:\/\/mezosuli.hu\/index.php?rest_route=%2Fwp%2Fv2%2Fcategories&post=326"},{"taxonomy":"post_tag","embeddable":true,"href":"https:\/\/mezosuli.hu\/index.php?rest_route=%2Fwp%2Fv2%2Ftags&post=326"}],"curies":[{"name":"wp","href":"https:\/\/api.w.org\/{rel}","templated":true}]}}