{"id":341,"date":"2018-03-09T10:44:22","date_gmt":"2018-03-09T09:44:22","guid":{"rendered":"https:\/\/uj.mezosuli.hu\/?p=341"},"modified":"2026-03-20T14:02:25","modified_gmt":"2026-03-20T13:02:25","slug":"magyar-parasport-nap-2018","status":"publish","type":"post","link":"https:\/\/mezosuli.hu\/?p=341","title":{"rendered":"Magyar Parasport Nap 2018"},"content":{"rendered":"<div class=\"txF_raleway tx16t\" style=\"margin-bottom: 35px;\">\n<div class=\"header_img_container\">\n<p><img loading=\"lazy\" decoding=\"async\" class=\" size-full wp-image-333\" src=\"https:\/\/uj.mezosuli.hu\/wp-content\/uploads\/2018\/03\/magyar_parasport_nap.png\" alt=\"\" width=\"700\" height=\"269\" srcset=\"https:\/\/mezosuli.hu\/wp-content\/uploads\/2018\/03\/magyar_parasport_nap.png 700w, https:\/\/mezosuli.hu\/wp-content\/uploads\/2018\/03\/magyar_parasport_nap-300x115.png 300w\" sizes=\"auto, (max-width: 700px) 100vw, 700px\" \/><\/p>\n<div class=\"header_img_caption tx_headline txc_orange\" style=\"background: rgba(0,0,0, 0.5); color: white; padding: 7px 15px; font-size: 22px;\">Magyar Parasport Nap 2018<\/div>\n<\/div>\n<div class=\"txF_raleway tx16t\" style=\"margin-bottom: 20px;\">\n<p style=\"text-align: justify; line-height: 24px; margin-right: 10px;\">A Dr. Mez\u0151 Ferenc \u00c1ltal\u00e1nos Iskol\u00e1ban a k\u00f6vetkez\u0151 programokon kereszt\u00fcl csatlakoztunk az els\u0151 Magyar Parasport Napj\u00e1hoz (2018.02.22.)<\/p>\n<ul>\n<li style=\"line-height: 30px;\">L\u00e9lekmozgat\u00f3 testnevel\u00e9s \u00f3ra keret\u00e9ben: cs\u00f6rg\u0151labda, floorball, kos\u00e1rlabda j\u00e1t\u00e9kok<\/li>\n<li style=\"line-height: 30px;\">L\u00e9lekmozgat\u00f3 \u201ek\u00fcl\u00f6nleges\u201d oszt\u00e1lyf\u0151n\u00f6ki \u00f3ra<\/li>\n<li style=\"line-height: 30px;\">Rajzverseny 1-4. \u00e9vfolyamon<\/li>\n<li style=\"line-height: 30px;\">Plak\u00e1trajzol\u00f3 verseny 5-8. \u00e9vfolyamon<\/li>\n<\/ul>\n<p><strong>Rajzverseny eredm\u00e9nye:<\/strong><\/p>\n<ul>\n<li style=\"line-height: 30px;\">I. <strong>Harkai D\u00f3ra<\/strong> (4.d)\u00a0<a style=\"text-decoration: none;\" href=\"https:\/\/uj.mezosuli.hu\/wp-content\/uploads\/2018\/03\/harkai_dora_4d_1_hely.jpg\" target=\"_blank\" rel=\"noopener noreferrer\"><span class=\"eye\" style=\"font-size: 30px;\">?<\/span><\/a><\/li>\n<li style=\"line-height: 30px;\">II. <strong>Cs\u0151ke Dalma<\/strong> (4.d)\u00a0<a style=\"text-decoration: none;\" href=\"https:\/\/uj.mezosuli.hu\/wp-content\/uploads\/2018\/03\/csoke_dalma_4d_2_hely.jpg\" target=\"_blank\" rel=\"noopener noreferrer\"><span class=\"eye\" style=\"font-size: 30px;\">?<\/span><\/a><\/li>\n<li style=\"line-height: 30px;\">III. <strong>Cs\u0151ke Lea<\/strong> (4.d)\u00a0<a style=\"text-decoration: none;\" href=\"https:\/\/uj.mezosuli.hu\/wp-content\/uploads\/2018\/03\/csoke_lea_4d_3_hely.jpg\" target=\"_blank\" rel=\"noopener noreferrer\"><span class=\"eye\" style=\"font-size: 30px;\">?<\/span><\/a><\/li>\n<\/ul>\n<p><strong>Plak\u00e1trajzol\u00f3 verseny eredm\u00e9nye:<\/strong><\/p>\n<ul>\n<li style=\"line-height: 30px;\">I. <strong>Orb\u00e1n Bogl\u00e1rka, Nagy Angelika<\/strong> (7.a)\u00a0<a style=\"text-decoration: none;\" href=\"https:\/\/uj.mezosuli.hu\/wp-content\/uploads\/2018\/03\/orban_boglarka_nagy_angelika_7a_1_hely.jpg\" target=\"_blank\" rel=\"noopener noreferrer\"><span class=\"eye\" style=\"font-size: 30px;\">?<\/span><\/a><\/li>\n<li style=\"line-height: 30px;\">II. <strong>Krudy Lilla, Bark\u00f3 Barbara<\/strong> (6.a)\u00a0<a style=\"text-decoration: none;\" href=\"https:\/\/uj.mezosuli.hu\/wp-content\/uploads\/2018\/03\/krudy_lilla_barko_barbara_6a_2_hely.jpg\" target=\"_blank\" rel=\"noopener noreferrer\"><span class=\"eye\" style=\"font-size: 30px;\">?<\/span><\/a><\/li>\n<li style=\"line-height: 30px;\">III. <strong>H. Nagy Lili<\/strong> (5.b)\u00a0<a style=\"text-decoration: none;\" href=\"https:\/\/uj.mezosuli.hu\/wp-content\/uploads\/2018\/03\/h_nagy_lili_5b_3_hely.jpg\" target=\"_blank\" rel=\"noopener noreferrer\"><span class=\"eye\" style=\"font-size: 30px;\">?<\/span><\/a><\/li>\n<\/ul>\n<p><strong>K\u00fcl\u00f6nd\u00edj:<\/strong>\u00a0<a style=\"text-decoration: none;\" href=\"https:\/\/uj.mezosuli.hu\/wp-content\/uploads\/2018\/03\/kulondij_5b_6b.jpg\" target=\"_blank\" rel=\"noopener noreferrer\"><span class=\"eye\" style=\"font-size: 30px;\">?<\/span><\/a><\/p>\n<p style=\"padding-left: 25px;\"><span style=\"text-decoration: underline;\">5.b<\/span><\/p>\n<ul>\n<li style=\"line-height: 30px;\">Vermes Barbara<\/li>\n<li style=\"line-height: 30px;\">L\u0151rincz Levente<\/li>\n<li style=\"line-height: 30px;\">Imets Merc\u00e9desz<\/li>\n<\/ul>\n<p style=\"padding-left: 25px;\"><span style=\"text-decoration: underline;\">6.b<\/span><\/p>\n<ul>\n<li style=\"line-height: 30px;\">Szanyi Bianka<\/li>\n<li style=\"line-height: 30px;\">Moln\u00e1r Csenge<\/li>\n<li style=\"line-height: 30px;\">Ady Vanessza<\/li>\n<\/ul>\n<p>A program szervez\u0151i a facebook\u2013on is tettek k\u00f6zz\u00e9 bejegyz\u00e9st:<\/p>\n<p><iframe loading=\"lazy\" style=\"border: none; overflow: hidden;\" src=\"https:\/\/www.facebook.com\/plugins\/post.php?href=https%3A%2F%2Fwww.facebook.com%2Flelekmozgato%2Fposts%2F958595467627428&amp;width=500\" width=\"500\" height=\"746\" frameborder=\"0\" scrolling=\"no\"><\/iframe><\/p>\n<div class=\"txF_raleway tx14x\" style=\"text-align: center; line-height: 20px; margin-top: 10px;\">\n<p style=\"float: right;\">iskolavezet\u00e9s<br \/>\nBudapest, 2018. m\u00e1rcius<\/p>\n<\/div>\n<\/div>\n<\/div>\n","protected":false},"excerpt":{"rendered":"<p>Magyar Parasport Nap 2018 A Dr. Mez\u0151 Ferenc \u00c1ltal\u00e1nos Iskol\u00e1ban a k\u00f6vetkez\u0151 programokon kereszt\u00fcl csatlakoztunk az els\u0151 Magyar Parasport Napj\u00e1hoz (2018.02.22.) L\u00e9lekmozgat\u00f3 testnevel\u00e9s \u00f3ra keret\u00e9ben: cs\u00f6rg\u0151labda, floorball, kos\u00e1rlabda j\u00e1t\u00e9kok L\u00e9lekmozgat\u00f3&hellip;<\/p>\n","protected":false},"author":1,"featured_media":0,"comment_status":"closed","ping_status":"open","sticky":false,"template":"","format":"standard","meta":{"_jetpack_memberships_contains_paid_content":false,"footnotes":""},"categories":[40],"tags":[],"class_list":["post-341","post","type-post","status-publish","format-standard","hentry","category-2018-hirarchivum"],"jetpack_featured_media_url":"","jetpack_sharing_enabled":true,"_links":{"self":[{"href":"https:\/\/mezosuli.hu\/index.php?rest_route=\/wp\/v2\/posts\/341","targetHints":{"allow":["GET"]}}],"collection":[{"href":"https:\/\/mezosuli.hu\/index.php?rest_route=\/wp\/v2\/posts"}],"about":[{"href":"https:\/\/mezosuli.hu\/index.php?rest_route=\/wp\/v2\/types\/post"}],"author":[{"embeddable":true,"href":"https:\/\/mezosuli.hu\/index.php?rest_route=\/wp\/v2\/users\/1"}],"replies":[{"embeddable":true,"href":"https:\/\/mezosuli.hu\/index.php?rest_route=%2Fwp%2Fv2%2Fcomments&post=341"}],"version-history":[{"count":2,"href":"https:\/\/mezosuli.hu\/index.php?rest_route=\/wp\/v2\/posts\/341\/revisions"}],"predecessor-version":[{"id":3549,"href":"https:\/\/mezosuli.hu\/index.php?rest_route=\/wp\/v2\/posts\/341\/revisions\/3549"}],"wp:attachment":[{"href":"https:\/\/mezosuli.hu\/index.php?rest_route=%2Fwp%2Fv2%2Fmedia&parent=341"}],"wp:term":[{"taxonomy":"category","embeddable":true,"href":"https:\/\/mezosuli.hu\/index.php?rest_route=%2Fwp%2Fv2%2Fcategories&post=341"},{"taxonomy":"post_tag","embeddable":true,"href":"https:\/\/mezosuli.hu\/index.php?rest_route=%2Fwp%2Fv2%2Ftags&post=341"}],"curies":[{"name":"wp","href":"https:\/\/api.w.org\/{rel}","templated":true}]}}