{"id":344,"date":"2018-03-23T10:45:52","date_gmt":"2018-03-23T09:45:52","guid":{"rendered":"https:\/\/uj.mezosuli.hu\/?p=344"},"modified":"2026-03-17T10:53:40","modified_gmt":"2026-03-17T09:53:40","slug":"oko-hirek-2018-03-20","status":"publish","type":"post","link":"https:\/\/mezosuli.hu\/?p=344","title":{"rendered":"\u00d6ko-h\u00edrek 2018.03.20"},"content":{"rendered":"<hr \/>\n<div class=\"txF_raleway tx16t\">\n<p class=\"tx_headline tx20t\">M\u00e1rcius:<\/p>\n<p>&nbsp;<\/p>\n<p>Iskolai programok:<\/p>\n<ul>\n<li style=\"line-height: 24px;\"><strong>M\u00e1rcius 6<\/strong>-a: <span class=\"txF_green\" style=\"color: #008000;\">Energiatakar\u00e9koss\u00e1gi vil\u00e1gnap.<\/span><br \/>Ezen a napon, sokkal jobban odafigyelt\u00fcnk a v\u00edz-, \u00e9s \u00e1ramfogyaszt\u00e1sra.<\/li>\n<li style=\"line-height: 24px;\"><strong>M\u00e1rcius 10<\/strong>-e: P\u00e1lyaorient\u00e1ci\u00f3s t\u00e9manap.<br \/> K\u00f6sz\u00f6nj\u00fck a sz\u00fcl\u0151knek az \u00e9rdekes szakm\u00e1k bemutat\u00e1s\u00e1t, s hogy ezen a napon is gondoltak a k\u00f6rnyezet\u00fcnk v\u00e9delm\u00e9re.<\/li>\n<li style=\"line-height: 24px;\"><strong>M\u00e1rcius 22<\/strong>-e: A v\u00edz vil\u00e1gnapja. &#8222;<span style=\"color: #4169e1;\">\u00d6LT\u00d6ZZ K\u00c9KBE!<\/span>&#8221; kamp\u00e1nyt h\u00edrdet\u00fcnk. Minden term\u00e9szetszeret\u0151 feln\u0151ttet \u00e9s tanul\u00f3t k\u00e9r\u00fcnk, hogy ezen a napon k\u00e9k ruh\u00e1ba j\u00f6jj\u00f6n iskol\u00e1ba!<\/li>\n<li style=\"line-height: 24px;\"><strong>M\u00e1rcius 24<\/strong>-e: A F\u00f6ld \u00f3r\u00e1ja<\/li>\n<\/ul>\n<p>Folyamatos feladat: Az iskola kertj\u00e9nek el\u0151k\u00e9sz\u00edt\u00e9se, pal\u00e1nt\u00e1k \u00fcltet\u00e9se tanul\u00f3inkkal az oszt\u00e1lytermekben.<\/p>\n<p>&nbsp;<\/p>\n<p style=\"float: left;\"><span style=\"font-size: 12pt;\">\u00d6ko munkacsoport<\/span><\/p>\n<div style=\"left: 0; position: relative;\">\n<p style=\"float: right;\"><span style=\"font-size: 12pt;\">Budapest, 2018. m\u00e1rcius<br \/><\/span><\/p>\n<\/div>\n<\/div>\n","protected":false},"excerpt":{"rendered":"<p>M\u00e1rcius: &nbsp; Iskolai programok: M\u00e1rcius 6-a: Energiatakar\u00e9koss\u00e1gi vil\u00e1gnap.Ezen a napon, sokkal jobban odafigyelt\u00fcnk a v\u00edz-, \u00e9s \u00e1ramfogyaszt\u00e1sra. M\u00e1rcius 10-e: P\u00e1lyaorient\u00e1ci\u00f3s t\u00e9manap. K\u00f6sz\u00f6nj\u00fck a sz\u00fcl\u0151knek az \u00e9rdekes szakm\u00e1k bemutat\u00e1s\u00e1t, s hogy&hellip;<\/p>\n","protected":false},"author":1,"featured_media":0,"comment_status":"closed","ping_status":"open","sticky":false,"template":"","format":"standard","meta":{"_jetpack_memberships_contains_paid_content":false,"footnotes":""},"categories":[7],"tags":[],"class_list":["post-344","post","type-post","status-publish","format-standard","hentry","category-oko-hirek"],"jetpack_featured_media_url":"","jetpack_sharing_enabled":true,"_links":{"self":[{"href":"https:\/\/mezosuli.hu\/index.php?rest_route=\/wp\/v2\/posts\/344","targetHints":{"allow":["GET"]}}],"collection":[{"href":"https:\/\/mezosuli.hu\/index.php?rest_route=\/wp\/v2\/posts"}],"about":[{"href":"https:\/\/mezosuli.hu\/index.php?rest_route=\/wp\/v2\/types\/post"}],"author":[{"embeddable":true,"href":"https:\/\/mezosuli.hu\/index.php?rest_route=\/wp\/v2\/users\/1"}],"replies":[{"embeddable":true,"href":"https:\/\/mezosuli.hu\/index.php?rest_route=%2Fwp%2Fv2%2Fcomments&post=344"}],"version-history":[{"count":1,"href":"https:\/\/mezosuli.hu\/index.php?rest_route=\/wp\/v2\/posts\/344\/revisions"}],"predecessor-version":[{"id":2475,"href":"https:\/\/mezosuli.hu\/index.php?rest_route=\/wp\/v2\/posts\/344\/revisions\/2475"}],"wp:attachment":[{"href":"https:\/\/mezosuli.hu\/index.php?rest_route=%2Fwp%2Fv2%2Fmedia&parent=344"}],"wp:term":[{"taxonomy":"category","embeddable":true,"href":"https:\/\/mezosuli.hu\/index.php?rest_route=%2Fwp%2Fv2%2Fcategories&post=344"},{"taxonomy":"post_tag","embeddable":true,"href":"https:\/\/mezosuli.hu\/index.php?rest_route=%2Fwp%2Fv2%2Ftags&post=344"}],"curies":[{"name":"wp","href":"https:\/\/api.w.org\/{rel}","templated":true}]}}