{"id":348,"date":"2018-04-05T11:47:29","date_gmt":"2018-04-05T09:47:29","guid":{"rendered":"https:\/\/uj.mezosuli.hu\/?p=348"},"modified":"2026-03-20T14:03:13","modified_gmt":"2026-03-20T13:03:13","slug":"oko-hid-tura","status":"publish","type":"post","link":"https:\/\/mezosuli.hu\/?p=348","title":{"rendered":"\u00d6KO H\u00edd-t\u00fara"},"content":{"rendered":"<div class=\"txF_raleway tx16t\" style=\"padding-bottom: 5px;\">\n<p class=\"tx_headline txc_green\">\u00d6KO H\u00edd-t\u00fara<\/p>\n<hr \/>\n<p class=\"lhl\"><strong>Gyertek vel\u00fcnk \u00d6KO-t\u00far\u00e1ra! Hozz\u00e1tok sz\u00fcleiteket, testv\u00e9reiteket!<\/strong><\/p>\n<p><img loading=\"lazy\" decoding=\"async\" class=\" size-full wp-image-347\" style=\"display: block; margin-left: auto; margin-right: auto;\" src=\"https:\/\/uj.mezosuli.hu\/wp-content\/uploads\/2018\/04\/hidak.jpg\" alt=\"\" width=\"700\" height=\"472\" srcset=\"https:\/\/mezosuli.hu\/wp-content\/uploads\/2018\/04\/hidak.jpg 700w, https:\/\/mezosuli.hu\/wp-content\/uploads\/2018\/04\/hidak-300x202.jpg 300w\" sizes=\"auto, (max-width: 700px) 100vw, 700px\" \/><\/p>\n<div style=\"margin: 20px 0;\">V\u00e9gigs\u00e9t\u00e1lunk a Duna-parton az \u00c1rp\u00e1d h\u00eddt\u00f3l a R\u00e1k\u00f3czi h\u00eddig. Megn\u00e9zz\u00fck az utunkba akad\u00f3 nevezetess\u00e9geket.<\/div>\n<p><strong>Mikor:<\/strong>\u00a0\u00e1prilis 7-\u00e9n, szombaton<br \/>\n<strong>Tal\u00e1lkoz\u00f3:<\/strong> az \u00d6rs vez\u00e9r t\u00e9ren, a gomb\u00e1n\u00e1l 9 \u00f3rakor<br \/>\n<strong>Vissza\u00e9rkez\u00e9s:<\/strong> kb. 13 \u00f3r\u00e1ra<br \/>\n<strong>Mit hozzunk:<\/strong> K\u00e9nyelmes t\u00faracip\u0151t, h\u00e1tizs\u00e1kot, t\u00edz\u00f3rait, kulacsban vizet, es\u0151kab\u00e1tot, b\u00e9rletet, vagy p\u00e9nzt csoportos napijegyre.<\/p>\n<p>Fogadjatok \u00f6r\u00f6kbe egy hidat! Gy\u0171jtsetek r\u00f3la \u00e9rdekess\u00e9geket!<\/p>\n<p><strong>Jelentkez\u00e9s: \u00e1prilis 6-ig!<\/strong> Csics\u00e1kn\u00e9 Kov\u00e1cs Edina n\u00e9nin\u00e9l \u00e9s Szabolcsn\u00e9 Sas \u00c1gi n\u00e9nin\u00e9l<\/p>\n<p><strong>A programot rossz id\u0151 eset\u00e9n is megtartjuk!<\/strong><\/p>\n<div class=\"txF_raleway tx14x\" style=\"text-align: center; line-height: 20px; margin-top: 10px;\">\n<p style=\"float: right;\">Budapest, 2018. \u00e1prilis<\/p>\n<\/div>\n<\/div>\n","protected":false},"excerpt":{"rendered":"<p>\u00d6KO H\u00edd-t\u00fara Gyertek vel\u00fcnk \u00d6KO-t\u00far\u00e1ra! Hozz\u00e1tok sz\u00fcleiteket, testv\u00e9reiteket! V\u00e9gigs\u00e9t\u00e1lunk a Duna-parton az \u00c1rp\u00e1d h\u00eddt\u00f3l a R\u00e1k\u00f3czi h\u00eddig. Megn\u00e9zz\u00fck az utunkba akad\u00f3 nevezetess\u00e9geket. Mikor:\u00a0\u00e1prilis 7-\u00e9n, szombaton Tal\u00e1lkoz\u00f3: az \u00d6rs vez\u00e9r t\u00e9ren,&hellip;<\/p>\n","protected":false},"author":1,"featured_media":0,"comment_status":"closed","ping_status":"open","sticky":false,"template":"","format":"standard","meta":{"_jetpack_memberships_contains_paid_content":false,"footnotes":""},"categories":[7],"tags":[],"class_list":["post-348","post","type-post","status-publish","format-standard","hentry","category-oko-hirek"],"jetpack_featured_media_url":"","jetpack_sharing_enabled":true,"_links":{"self":[{"href":"https:\/\/mezosuli.hu\/index.php?rest_route=\/wp\/v2\/posts\/348","targetHints":{"allow":["GET"]}}],"collection":[{"href":"https:\/\/mezosuli.hu\/index.php?rest_route=\/wp\/v2\/posts"}],"about":[{"href":"https:\/\/mezosuli.hu\/index.php?rest_route=\/wp\/v2\/types\/post"}],"author":[{"embeddable":true,"href":"https:\/\/mezosuli.hu\/index.php?rest_route=\/wp\/v2\/users\/1"}],"replies":[{"embeddable":true,"href":"https:\/\/mezosuli.hu\/index.php?rest_route=%2Fwp%2Fv2%2Fcomments&post=348"}],"version-history":[{"count":2,"href":"https:\/\/mezosuli.hu\/index.php?rest_route=\/wp\/v2\/posts\/348\/revisions"}],"predecessor-version":[{"id":3550,"href":"https:\/\/mezosuli.hu\/index.php?rest_route=\/wp\/v2\/posts\/348\/revisions\/3550"}],"wp:attachment":[{"href":"https:\/\/mezosuli.hu\/index.php?rest_route=%2Fwp%2Fv2%2Fmedia&parent=348"}],"wp:term":[{"taxonomy":"category","embeddable":true,"href":"https:\/\/mezosuli.hu\/index.php?rest_route=%2Fwp%2Fv2%2Fcategories&post=348"},{"taxonomy":"post_tag","embeddable":true,"href":"https:\/\/mezosuli.hu\/index.php?rest_route=%2Fwp%2Fv2%2Ftags&post=348"}],"curies":[{"name":"wp","href":"https:\/\/api.w.org\/{rel}","templated":true}]}}