{"id":3757,"date":"2026-04-28T09:54:25","date_gmt":"2026-04-28T07:54:25","guid":{"rendered":"https:\/\/mezosuli.hu\/?p=3757"},"modified":"2026-04-28T09:54:25","modified_gmt":"2026-04-28T07:54:25","slug":"palyazat-iskolai-bufe-uzemeltetesre-2026","status":"publish","type":"post","link":"https:\/\/mezosuli.hu\/?p=3757","title":{"rendered":"P\u00e1ly\u00e1zat iskolai b\u00fcf\u00e9 \u00fczemeltet\u00e9sre 2026"},"content":{"rendered":"<p><strong><span style=\"font-size: 18px;\">Tisztelt \u00c9rdekl\u0151d\u0151k!\u00a0<\/span><\/strong><\/p>\n<p><span style=\"font-size: 18px;\">Megjelent az iskolai b\u00fcf\u00e9 \u00fczemeltet\u00e9s\u00e9re ir\u00e1nyul\u00f3 p\u00e1ly\u00e1zati felh\u00edv\u00e1s.\u00a0<\/span><\/p>\n<p><span style=\"font-size: 18px;\">Dokument\u00e1ci\u00f3:\u00a0<\/span><\/p>\n<p><span style=\"font-size: 18px;\"><a href=\"https:\/\/mezosuli.hu\/wp-content\/uploads\/2026\/04\/Bufe-berleti-szerzodes-tervezet_2026.docx\">B\u00fcf\u00e9 b\u00e9rleti szerz\u0151d\u00e9s tervezet_2026<\/a> <\/span><\/p>\n<p><span style=\"font-size: 18px;\"><a href=\"https:\/\/mezosuli.hu\/wp-content\/uploads\/2026\/04\/BUFEK-adatai_Mezo.pdf\">B\u00dcF\u00c9K adatai_Mez\u0151<\/a> <\/span><\/p>\n<p><span style=\"font-size: 18px;\"><a href=\"https:\/\/mezosuli.hu\/wp-content\/uploads\/2026\/04\/Palyazati-felhivas_Mezo.pdf\">P\u00e1ly\u00e1zati felh\u00edv\u00e1s_Mez\u0151<\/a><\/span><\/p>\n<p><span style=\"font-size: 18px;\">A p\u00e1ly\u00e1zatokat 2026. 05. 22. napj\u00e1n 12:00-ig v\u00e1rjuk\u00a0 a titkar@mezosuli.hu emailc\u00edmre.<\/span><\/p>\n<p><span style=\"font-size: 18px;\">Budapest, 2026.04.28.\u00a0<\/span><\/p>\n<p><span style=\"font-size: 18px;\">Iskolavezet\u00e9s\u00a0<\/span><\/p>\n","protected":false},"excerpt":{"rendered":"<p>Tisztelt \u00c9rdekl\u0151d\u0151k!\u00a0 Megjelent az iskolai b\u00fcf\u00e9 \u00fczemeltet\u00e9s\u00e9re ir\u00e1nyul\u00f3 p\u00e1ly\u00e1zati felh\u00edv\u00e1s.\u00a0 Dokument\u00e1ci\u00f3:\u00a0 B\u00fcf\u00e9 b\u00e9rleti szerz\u0151d\u00e9s tervezet_2026 B\u00dcF\u00c9K adatai_Mez\u0151 P\u00e1ly\u00e1zati felh\u00edv\u00e1s_Mez\u0151 A p\u00e1ly\u00e1zatokat 2026. 05. 22. napj\u00e1n 12:00-ig v\u00e1rjuk\u00a0 a titkar@mezosuli.hu emailc\u00edmre.&hellip;<\/p>\n","protected":false},"author":1,"featured_media":0,"comment_status":"closed","ping_status":"open","sticky":false,"template":"","format":"standard","meta":{"_jetpack_memberships_contains_paid_content":false,"footnotes":""},"categories":[8,6,58],"tags":[],"class_list":["post-3757","post","type-post","status-publish","format-standard","hentry","category-banner-hirek","category-hirek","category-iskolai-elet"],"jetpack_featured_media_url":"","jetpack_sharing_enabled":true,"_links":{"self":[{"href":"https:\/\/mezosuli.hu\/index.php?rest_route=\/wp\/v2\/posts\/3757","targetHints":{"allow":["GET"]}}],"collection":[{"href":"https:\/\/mezosuli.hu\/index.php?rest_route=\/wp\/v2\/posts"}],"about":[{"href":"https:\/\/mezosuli.hu\/index.php?rest_route=\/wp\/v2\/types\/post"}],"author":[{"embeddable":true,"href":"https:\/\/mezosuli.hu\/index.php?rest_route=\/wp\/v2\/users\/1"}],"replies":[{"embeddable":true,"href":"https:\/\/mezosuli.hu\/index.php?rest_route=%2Fwp%2Fv2%2Fcomments&post=3757"}],"version-history":[{"count":1,"href":"https:\/\/mezosuli.hu\/index.php?rest_route=\/wp\/v2\/posts\/3757\/revisions"}],"predecessor-version":[{"id":3761,"href":"https:\/\/mezosuli.hu\/index.php?rest_route=\/wp\/v2\/posts\/3757\/revisions\/3761"}],"wp:attachment":[{"href":"https:\/\/mezosuli.hu\/index.php?rest_route=%2Fwp%2Fv2%2Fmedia&parent=3757"}],"wp:term":[{"taxonomy":"category","embeddable":true,"href":"https:\/\/mezosuli.hu\/index.php?rest_route=%2Fwp%2Fv2%2Fcategories&post=3757"},{"taxonomy":"post_tag","embeddable":true,"href":"https:\/\/mezosuli.hu\/index.php?rest_route=%2Fwp%2Fv2%2Ftags&post=3757"}],"curies":[{"name":"wp","href":"https:\/\/api.w.org\/{rel}","templated":true}]}}