{"id":378,"date":"2018-05-12T23:03:17","date_gmt":"2018-05-12T21:03:17","guid":{"rendered":"https:\/\/uj.mezosuli.hu\/?p=378"},"modified":"2026-03-17T10:53:39","modified_gmt":"2026-03-17T09:53:39","slug":"oko-hirek-2018-05-12","status":"publish","type":"post","link":"https:\/\/mezosuli.hu\/?p=378","title":{"rendered":"\u00d6ko h\u00edrek 2018.05.12."},"content":{"rendered":"<hr \/>\n<div class=\"txF_raleway tx16t\" style=\"padding-bottom: 5px;\">\n<p class=\"tx_headline tx20t\">M\u00e1jus:<\/p>\n<p>&nbsp;<\/p>\n<p>Iskolai programok:<\/p>\n<ul>\n<li style=\"line-height: 24px;\"><strong>M\u00e1jus 10<\/strong>-e:<span class=\"txF_green\" style=\"color: #008000;\"> Madarak \u00e9s f\u00e1k napja<\/span>.<\/li>\n<li style=\"line-height: 24px;\"><strong>M\u00e1jus 19<\/strong>-e:<span class=\"txF_green\" style=\"color: #008000;\"> Forr\u00e1svizek napja. A v\u00e9delem al\u00e1 vett R\u00e1kos-patak bej\u00e1r\u00e1sa.<\/span><\/li>\n<\/ul>\n<p>Folyamatos feladatok:<\/p>\n<ul>\n<li style=\"line-height: 24px;\">Iskol\u00e1nk kertj\u00e9nek megfigyel\u00e9se.<\/li>\n<li style=\"line-height: 24px;\">Komposzt\u00e1l\u00f3 m\u0171k\u00f6dtet\u00e9se.<\/li>\n<li style=\"line-height: 24px;\">A kiskert gondoz\u00e1sa.<\/li>\n<li style=\"line-height: 24px;\">A belt\u00e9ri n\u00f6v\u00e9nyzet \u00e1pol\u00e1sa.<\/li>\n<\/ul>\n<p>Tov\u00e1bbi programok:<\/p>\n<ul>\n<li style=\"line-height: 24px;\">F\u0171szerbemutat\u00f3.<\/li>\n<li style=\"line-height: 24px;\">\u00d6KO kir\u00e1ndul\u00e1s sz\u00fcl\u0151knek \u00e9s tanul\u00f3inknak.<\/li>\n<li style=\"line-height: 24px;\">Az iskol\u00e1nk kertj\u00e9ben tal\u00e1lhat\u00f3 mad\u00e1rod\u00fak lak\u00f3inak megfigyel\u00e9se.<\/li>\n<li style=\"line-height: 24px;\">\u00d6KO tal\u00e1lkoz\u00f3 a ker\u00fcleti iskol\u00e1knak.<\/li>\n<\/ul>\n<p>&nbsp;<\/p>\n<p style=\"float: left;\"><span style=\"font-size: 12pt;\">\u00d6ko munkacsoport<\/span><\/p>\n<div style=\"left: 0; position: relative;\">\n<p style=\"float: right;\"><span style=\"font-size: 12pt;\">Budapest, 2018. m\u00e1jus<br \/><\/span><\/p>\n<\/div>\n<\/div>\n","protected":false},"excerpt":{"rendered":"<p>M\u00e1jus: &nbsp; Iskolai programok: M\u00e1jus 10-e: Madarak \u00e9s f\u00e1k napja. M\u00e1jus 19-e: Forr\u00e1svizek napja. A v\u00e9delem al\u00e1 vett R\u00e1kos-patak bej\u00e1r\u00e1sa. Folyamatos feladatok: Iskol\u00e1nk kertj\u00e9nek megfigyel\u00e9se. Komposzt\u00e1l\u00f3 m\u0171k\u00f6dtet\u00e9se. A kiskert gondoz\u00e1sa.&hellip;<\/p>\n","protected":false},"author":1,"featured_media":0,"comment_status":"closed","ping_status":"open","sticky":false,"template":"","format":"standard","meta":{"_jetpack_memberships_contains_paid_content":false,"footnotes":""},"categories":[7],"tags":[],"class_list":["post-378","post","type-post","status-publish","format-standard","hentry","category-oko-hirek"],"jetpack_featured_media_url":"","jetpack_sharing_enabled":true,"_links":{"self":[{"href":"https:\/\/mezosuli.hu\/index.php?rest_route=\/wp\/v2\/posts\/378","targetHints":{"allow":["GET"]}}],"collection":[{"href":"https:\/\/mezosuli.hu\/index.php?rest_route=\/wp\/v2\/posts"}],"about":[{"href":"https:\/\/mezosuli.hu\/index.php?rest_route=\/wp\/v2\/types\/post"}],"author":[{"embeddable":true,"href":"https:\/\/mezosuli.hu\/index.php?rest_route=\/wp\/v2\/users\/1"}],"replies":[{"embeddable":true,"href":"https:\/\/mezosuli.hu\/index.php?rest_route=%2Fwp%2Fv2%2Fcomments&post=378"}],"version-history":[{"count":1,"href":"https:\/\/mezosuli.hu\/index.php?rest_route=\/wp\/v2\/posts\/378\/revisions"}],"predecessor-version":[{"id":3297,"href":"https:\/\/mezosuli.hu\/index.php?rest_route=\/wp\/v2\/posts\/378\/revisions\/3297"}],"wp:attachment":[{"href":"https:\/\/mezosuli.hu\/index.php?rest_route=%2Fwp%2Fv2%2Fmedia&parent=378"}],"wp:term":[{"taxonomy":"category","embeddable":true,"href":"https:\/\/mezosuli.hu\/index.php?rest_route=%2Fwp%2Fv2%2Fcategories&post=378"},{"taxonomy":"post_tag","embeddable":true,"href":"https:\/\/mezosuli.hu\/index.php?rest_route=%2Fwp%2Fv2%2Ftags&post=378"}],"curies":[{"name":"wp","href":"https:\/\/api.w.org\/{rel}","templated":true}]}}