{"id":380,"date":"2018-05-19T15:23:20","date_gmt":"2018-05-19T13:23:20","guid":{"rendered":"https:\/\/uj.mezosuli.hu\/?p=380"},"modified":"2026-03-20T14:09:31","modified_gmt":"2026-03-20T13:09:31","slug":"palantavasar-2018","status":"publish","type":"post","link":"https:\/\/mezosuli.hu\/?p=380","title":{"rendered":"Pal\u00e1ntav\u00e1s\u00e1r 2018"},"content":{"rendered":"<div class=\"txF_raleway tx16t\" style=\"margin-bottom: 15px;\">\n<p class=\"tx_headline txc_green\">Pal\u00e1ntav\u00e1s\u00e1r!<\/p>\n<hr \/>\n<p>Iskol\u00e1nkban pal\u00e1ntav\u00e1s\u00e1rt tartunk a\u00a0di\u00e1kok \u00e1ltal termesztett n\u00f6v\u00e9nyekb\u0151l!<\/p>\n<p><strong>Helysz\u00edn:<\/strong> az iskola bej\u00e1rati r\u00e9sze, rossz id\u0151 eset\u00e9n az aula.<br \/>\n<strong>Id\u0151pont:<\/strong> 2018. m\u00e1jus 22 (kedd) 15\u00a0\u2013 16\u00a0\u00f3ra k\u00f6z\u00f6tt<\/p>\n<p><img loading=\"lazy\" decoding=\"async\" class=\" size-full wp-image-379\" style=\"display: block; margin-left: auto; margin-right: auto;\" src=\"https:\/\/uj.mezosuli.hu\/wp-content\/uploads\/2018\/05\/palantavasar_2018.jpg\" alt=\"palantavasar 400x278px\" width=\"483\" height=\"322\" srcset=\"https:\/\/mezosuli.hu\/wp-content\/uploads\/2018\/05\/palantavasar_2018.jpg 1200w, https:\/\/mezosuli.hu\/wp-content\/uploads\/2018\/05\/palantavasar_2018-300x200.jpg 300w, https:\/\/mezosuli.hu\/wp-content\/uploads\/2018\/05\/palantavasar_2018-1024x683.jpg 1024w, https:\/\/mezosuli.hu\/wp-content\/uploads\/2018\/05\/palantavasar_2018-768x512.jpg 768w\" sizes=\"auto, (max-width: 483px) 100vw, 483px\" \/><\/p>\n<p>\u00c1rak megegyez\u00e9s szerint<\/p>\n<p>A bev\u00e9tellel az oszt\u00e1lyok k\u00f6z\u00f6ss\u00e9gi programj\u00e1t tudj\u00e1k t\u00e1mogatni<\/p>\n<p>Minden \u00e9rdekl\u0151d\u0151t szeretettel v\u00e1runk!<\/p>\n<p style=\"float: right;\"><span style=\"font-size: 16px;\">Budapest, 2018 m\u00e1jus<br \/>\n<\/span><\/p>\n<\/div>\n","protected":false},"excerpt":{"rendered":"<p>Pal\u00e1ntav\u00e1s\u00e1r! Iskol\u00e1nkban pal\u00e1ntav\u00e1s\u00e1rt tartunk a\u00a0di\u00e1kok \u00e1ltal termesztett n\u00f6v\u00e9nyekb\u0151l! Helysz\u00edn: az iskola bej\u00e1rati r\u00e9sze, rossz id\u0151 eset\u00e9n az aula. Id\u0151pont: 2018. m\u00e1jus 22 (kedd) 15\u00a0\u2013 16\u00a0\u00f3ra k\u00f6z\u00f6tt \u00c1rak megegyez\u00e9s szerint A&hellip;<\/p>\n","protected":false},"author":1,"featured_media":0,"comment_status":"closed","ping_status":"open","sticky":false,"template":"","format":"standard","meta":{"_jetpack_memberships_contains_paid_content":false,"footnotes":""},"categories":[40],"tags":[],"class_list":["post-380","post","type-post","status-publish","format-standard","hentry","category-2018-hirarchivum"],"jetpack_featured_media_url":"","jetpack_sharing_enabled":true,"_links":{"self":[{"href":"https:\/\/mezosuli.hu\/index.php?rest_route=\/wp\/v2\/posts\/380","targetHints":{"allow":["GET"]}}],"collection":[{"href":"https:\/\/mezosuli.hu\/index.php?rest_route=\/wp\/v2\/posts"}],"about":[{"href":"https:\/\/mezosuli.hu\/index.php?rest_route=\/wp\/v2\/types\/post"}],"author":[{"embeddable":true,"href":"https:\/\/mezosuli.hu\/index.php?rest_route=\/wp\/v2\/users\/1"}],"replies":[{"embeddable":true,"href":"https:\/\/mezosuli.hu\/index.php?rest_route=%2Fwp%2Fv2%2Fcomments&post=380"}],"version-history":[{"count":2,"href":"https:\/\/mezosuli.hu\/index.php?rest_route=\/wp\/v2\/posts\/380\/revisions"}],"predecessor-version":[{"id":3563,"href":"https:\/\/mezosuli.hu\/index.php?rest_route=\/wp\/v2\/posts\/380\/revisions\/3563"}],"wp:attachment":[{"href":"https:\/\/mezosuli.hu\/index.php?rest_route=%2Fwp%2Fv2%2Fmedia&parent=380"}],"wp:term":[{"taxonomy":"category","embeddable":true,"href":"https:\/\/mezosuli.hu\/index.php?rest_route=%2Fwp%2Fv2%2Fcategories&post=380"},{"taxonomy":"post_tag","embeddable":true,"href":"https:\/\/mezosuli.hu\/index.php?rest_route=%2Fwp%2Fv2%2Ftags&post=380"}],"curies":[{"name":"wp","href":"https:\/\/api.w.org\/{rel}","templated":true}]}}