{"id":406,"date":"2018-06-11T12:34:57","date_gmt":"2018-06-11T10:34:57","guid":{"rendered":"https:\/\/uj.mezosuli.hu\/?p=406"},"modified":"2026-03-20T14:15:06","modified_gmt":"2026-03-20T13:15:06","slug":"ballagas","status":"publish","type":"post","link":"https:\/\/mezosuli.hu\/?p=406","title":{"rendered":"Ballag\u00e1s 2018"},"content":{"rendered":"<div class=\"txF_raleway tx16t\" style=\"margin-bottom: 15px;\">\n<p class=\"tx_headline txc_green\">Ballag\u00e1ssal kapcsolatos tudnival\u00f3k!<\/p>\n<hr \/>\n<p style=\"text-align: justify; line-height: 24px; margin-right: 10px;\"><span style=\"font-size: 14pt;\"><img loading=\"lazy\" decoding=\"async\" class=\" alignright size-full wp-image-405\" style=\"margin: 0px 0px 0px 20px; vertical-align: top; display: inline-block; float: right;\" src=\"https:\/\/uj.mezosuli.hu\/wp-content\/uploads\/2018\/06\/ballagas.png\" alt=\"\" width=\"286\" height=\"217\" \/><span style=\"padding-top: 25px;\"><strong>Kedves Sz\u00fcl\u0151k!<\/strong> Szeretn\u00e9m t\u00e1j\u00e9koztatni \u00d6n\u00f6ket iskol\u00e1nk ballag\u00e1si rendj\u00e9r\u0151l. A ballag\u00e1si \u00fcnnep\u00fcnk helysz\u00edne a tornaterem. <\/span><\/span><\/p>\n<ul style=\"list-style-type: disc;\">\n<li style=\"text-align: justify; line-height: 24px; margin-right: 10px;\"><span style=\"font-size: 14pt;\"><span style=\"padding-top: 25px;\">A 8. oszt\u00e1lyos tanul\u00f3k <strong>15:30<\/strong> \u00f3rakor egy\u00fctt vonulnak fel oszt\u00e1lyf\u0151n\u00f6k\u00fckkel a tanterm\u00fckbe. <\/span><\/span><\/li>\n<li style=\"text-align: justify; line-height: 24px; margin-right: 10px;\"><span style=\"font-size: 14pt;\"><span style=\"padding-top: 25px;\">A \u201ek\u00fcls\u0151\u201d ballag\u00e1si \u00fatvonal az iskola el\u0151tti udvari r\u00e9szen halad, itt tudj\u00e1k majd \u00e1tadni vir\u00e1gaikat. Erre a ter\u00fcletre <strong>15:30<\/strong> \u00f3rakor tudnak bej\u00f6nni. <\/span><\/span><\/li>\n<li style=\"text-align: justify; line-height: 24px; margin-right: 10px;\"><span style=\"font-size: 14pt;\"><span style=\"padding-top: 25px;\">Miut\u00e1n mind a n\u00e9gy 8. oszt\u00e1ly \u201ebeballagott\u201d az iskola \u00e9p\u00fclet\u00e9be, ut\u00e1nuk haladva foglalhatj\u00e1k el hely\u00fcket a tornaterem lel\u00e1t\u00f3in \u00e9s el\u0151ter\u00e9ben. <\/span><\/span><\/li>\n<li style=\"text-align: justify; line-height: 24px; margin-right: 10px;\"><span style=\"font-size: 14pt;\"><span style=\"padding-top: 25px;\">A ballag\u00e1si \u00fcnnep\u00e9ly ut\u00e1n az oszt\u00e1lyok egy\u00fctt felvonulnak az oszt\u00e1lyterm\u00fckbe \u00e9s ekkor k\u00eds\u00e9rhetik fel gyermek\u00fcket a tanterembe. <\/span><\/span><\/li>\n<\/ul>\n<p style=\"text-align: justify; line-height: 24px; margin-right: 10px;\"><span style=\"font-size: 14pt;\"><span style=\"padding-top: 25px;\">A korl\u00e1tozott f\u00e9r\u0151hely miatt a ballag\u00e1s kezdetekor oszt\u00e1lyonk\u00e9nt csak 1 sz\u00fcl\u0151 mehet fel a tanterembe, aul\u00e1ba \u00e9s 3 sz\u00fcl\u0151 a tornaterembe filmfelv\u00e9tel k\u00e9sz\u00edt\u00e9se c\u00e9lj\u00e1b\u00f3l (videok\u00e1rty\u00e1t az oszt\u00e1lyf\u0151n\u00f6kt\u0151l k\u00e9rhetnek). <\/span><\/span><\/p>\n<p style=\"text-align: justify; line-height: 24px; margin-right: 10px;\"><strong><span style=\"font-size: 14pt;\"><span style=\"padding-top: 25px;\">A k\u00f6z\u00f6s sz\u00e9p eml\u00e9k \u00e9rdek\u00e9ben egy\u00fcttm\u0171k\u00f6d\u00e9s\u00fcket k\u00f6sz\u00f6nj\u00fck.\u00a0<\/span><\/span><\/strong><\/p>\n<p>&nbsp;<\/p>\n<div style=\"left: 0; position: relative;\">\n<div class=\"txF_raleway tx14x\" style=\"text-align: center; line-height: 20px;\">\n<p style=\"float: right;\">Bakkai Melinda<br \/>\nmb. int\u00e9zm\u00e9nyvezet\u0151-helyettes<\/p>\n<p>&nbsp;<\/p>\n<p style=\"float: left;\">Budapest, 2018. j\u00fanius 11.<\/p>\n<\/div>\n<\/div>\n<\/div>\n","protected":false},"excerpt":{"rendered":"<p>Ballag\u00e1ssal kapcsolatos tudnival\u00f3k! Kedves Sz\u00fcl\u0151k! Szeretn\u00e9m t\u00e1j\u00e9koztatni \u00d6n\u00f6ket iskol\u00e1nk ballag\u00e1si rendj\u00e9r\u0151l. A ballag\u00e1si \u00fcnnep\u00fcnk helysz\u00edne a tornaterem. A 8. oszt\u00e1lyos tanul\u00f3k 15:30 \u00f3rakor egy\u00fctt vonulnak fel oszt\u00e1lyf\u0151n\u00f6k\u00fckkel a tanterm\u00fckbe. A&hellip;<\/p>\n","protected":false},"author":1,"featured_media":0,"comment_status":"closed","ping_status":"open","sticky":false,"template":"","format":"standard","meta":{"_jetpack_memberships_contains_paid_content":false,"footnotes":""},"categories":[40],"tags":[],"class_list":["post-406","post","type-post","status-publish","format-standard","hentry","category-2018-hirarchivum"],"jetpack_featured_media_url":"","jetpack_sharing_enabled":true,"_links":{"self":[{"href":"https:\/\/mezosuli.hu\/index.php?rest_route=\/wp\/v2\/posts\/406","targetHints":{"allow":["GET"]}}],"collection":[{"href":"https:\/\/mezosuli.hu\/index.php?rest_route=\/wp\/v2\/posts"}],"about":[{"href":"https:\/\/mezosuli.hu\/index.php?rest_route=\/wp\/v2\/types\/post"}],"author":[{"embeddable":true,"href":"https:\/\/mezosuli.hu\/index.php?rest_route=\/wp\/v2\/users\/1"}],"replies":[{"embeddable":true,"href":"https:\/\/mezosuli.hu\/index.php?rest_route=%2Fwp%2Fv2%2Fcomments&post=406"}],"version-history":[{"count":2,"href":"https:\/\/mezosuli.hu\/index.php?rest_route=\/wp\/v2\/posts\/406\/revisions"}],"predecessor-version":[{"id":3570,"href":"https:\/\/mezosuli.hu\/index.php?rest_route=\/wp\/v2\/posts\/406\/revisions\/3570"}],"wp:attachment":[{"href":"https:\/\/mezosuli.hu\/index.php?rest_route=%2Fwp%2Fv2%2Fmedia&parent=406"}],"wp:term":[{"taxonomy":"category","embeddable":true,"href":"https:\/\/mezosuli.hu\/index.php?rest_route=%2Fwp%2Fv2%2Fcategories&post=406"},{"taxonomy":"post_tag","embeddable":true,"href":"https:\/\/mezosuli.hu\/index.php?rest_route=%2Fwp%2Fv2%2Ftags&post=406"}],"curies":[{"name":"wp","href":"https:\/\/api.w.org\/{rel}","templated":true}]}}