{"id":408,"date":"2018-06-22T21:50:12","date_gmt":"2018-06-22T19:50:12","guid":{"rendered":"https:\/\/uj.mezosuli.hu\/?p=408"},"modified":"2026-03-20T14:15:40","modified_gmt":"2026-03-20T13:15:40","slug":"nyari-nyitvatartas","status":"publish","type":"post","link":"https:\/\/mezosuli.hu\/?p=408","title":{"rendered":"Ny\u00e1ri nyitvatart\u00e1s"},"content":{"rendered":"<hr \/>\n<div>\n<section style=\"font-size: 16px;\"><img loading=\"lazy\" decoding=\"async\" class=\" size-full wp-image-210\" style=\"position: relative; margin-bottom: -50px; display: block; margin-left: auto; margin-right: auto;\" src=\"https:\/\/uj.mezosuli.hu\/wp-content\/uploads\/2017\/06\/nap_01.png\" alt=\"\" width=\"480\" height=\"294\" srcset=\"https:\/\/mezosuli.hu\/wp-content\/uploads\/2017\/06\/nap_01.png 480w, https:\/\/mezosuli.hu\/wp-content\/uploads\/2017\/06\/nap_01-300x184.png 300w\" sizes=\"auto, (max-width: 480px) 100vw, 480px\" \/><br \/>\n<span style=\"font-size: 20pt; font-variant: small-caps; letter-spacing: 1px; color: maroon;\">Az Int\u00e9zm\u00e9ny ny\u00e1ri nyitvatart\u00e1sa<\/span><\/p>\n<p>Vezet\u0151i \u00fcgyelet \u00e9s a titk\u00e1rs\u00e1g a 2018-as ny\u00e1ri sz\u00fcnetben k\u00e9t hetente szerd\u00e1nk\u00e9nt reggel <strong>09:00<\/strong> \u00e9s d\u00e9lut\u00e1n <strong>13:00<\/strong> \u00f3ra k\u00f6z\u00f6tt az al\u00e1bbi napokon \u00e9rhet\u0151 el:<\/p>\n<ul>\n<li><em>J\u00falius 11. &#8211;<\/em><strong> Bakkai Melinda<\/strong>\u00a0mb. int\u00e9zm\u00e9nyvezet\u0151-helyettes<\/li>\n<li><em>J\u00falius 25. &#8211;<\/em><strong> Szilv\u00e1si Csaba J\u00f3zsef<\/strong> int\u00e9zm\u00e9nyvezet\u0151-helyettes<\/li>\n<\/ul>\n<p><span style=\"font-size: 20pt; font-variant: small-caps; letter-spacing: 1px; color: maroon;\">Jav\u00edt\u00f3vizsga<\/span><\/p>\n<p>A jav\u00edt\u00f3vizsga id\u0151pontja: <strong>2018. augusztus 29.<\/strong> reggel <strong>09:00<\/strong> \u00f3ra<\/p>\n<p><span style=\"font-size: 20pt; font-variant: small-caps; letter-spacing: 1px; color: maroon;\">\u00c9tkez\u00e9si csekkek<\/span><\/p>\n<p>Az \u00e9tkez\u00e9si csekkek \u00e1tv\u00e9tel\u00e9re az al\u00e1bbi id\u0151pontokban van lehet\u0151s\u00e9g a titk\u00e1rs\u00e1gon \u00e9s a port\u00e1n:<\/p>\n<ul>\n<li><em>Augustus 8. &#8211;<\/em><strong>\u00a009:00<\/strong> \u00e9s<strong> 13:00<\/strong>\u00a0\u00f3ra k\u00f6z\u00f6tt<\/li>\n<li><em><em>Augusztus 10. &#8211;<\/em><\/em><strong> <strong>09:00<\/strong><\/strong>\u00a0\u00e9s\u00a0<strong><strong>13:00<\/strong><\/strong>\u00a0\u00f3ra k\u00f6z\u00f6tt<\/li>\n<li><em>Augusztus 15. &#8211;<\/em><strong> <strong>09:00<\/strong><\/strong>\u00a0\u00e9s\u00a0<strong><strong>13:00<\/strong><\/strong>\u00a0\u00f3ra k\u00f6z\u00f6tt<\/li>\n<\/ul>\n<p>Webes fizet\u0151k \u00e9s leend\u0151 els\u0151s\u00f6k 2018.08.06-15-ig vehetik \u00e1t az \u00e9tkez\u00e9si csekkeket \u00e9s a MultiSchool bel\u00e9p\u00e9shez sz\u00fcks\u00e9ges k\u00f3dokat a titk\u00e1rs\u00e1gon.<\/p>\n<p><span style=\"font-size: 20pt; font-variant: small-caps; letter-spacing: 1px; color: maroon;\">Tan\u00e9vnyit\u00f3<\/span><\/p>\n<p>A 2018\/2019-as tan\u00e9v tan\u00e9vnyit\u00f3 \u00fcnneps\u00e9ge:<\/p>\n<ul>\n<li><em>a\u00a0<em>Fels\u0151 tagozatosoknak<\/em>\u00a0&#8211;<\/em><strong>\u00a02018.09.03<\/strong>-\u00e1n<strong>\u00a008:15<\/strong>\u00a0\u00f3rai kezdettel,<\/li>\n<li><em>az <em>Als\u00f3 tagozatosoknak<\/em> &#8211;<\/em><strong>\u00a02018.09.03<\/strong>-\u00e1n\u00a0az els\u0151 tan\u00edt\u00e1si \u00f3r\u00e1ban lesz. <strong>(8:30)<\/strong><\/li>\n<\/ul>\n<p>A di\u00e1kok a tank\u00f6nyveket az els\u0151 tan\u00edt\u00e1si napon kapj\u00e1k meg!<\/p>\n<div align=\"center\">\n<p><img loading=\"lazy\" decoding=\"async\" class=\" size-full wp-image-211\" src=\"https:\/\/uj.mezosuli.hu\/wp-content\/uploads\/2017\/06\/nap_02.png\" alt=\"\" width=\"400\" height=\"348\" srcset=\"https:\/\/mezosuli.hu\/wp-content\/uploads\/2017\/06\/nap_02.png 400w, https:\/\/mezosuli.hu\/wp-content\/uploads\/2017\/06\/nap_02-300x261.png 300w\" sizes=\"auto, (max-width: 400px) 100vw, 400px\" \/><\/p>\n<div>\n<p style=\"float: right;\"><span style=\"font-size: 16px;\">Budapest, 2018 j\u00falius<br \/>\n<\/span><\/p>\n<\/div>\n<\/div>\n<\/section>\n<\/div>\n","protected":false},"excerpt":{"rendered":"<p>Az Int\u00e9zm\u00e9ny ny\u00e1ri nyitvatart\u00e1sa Vezet\u0151i \u00fcgyelet \u00e9s a titk\u00e1rs\u00e1g a 2018-as ny\u00e1ri sz\u00fcnetben k\u00e9t hetente szerd\u00e1nk\u00e9nt reggel 09:00 \u00e9s d\u00e9lut\u00e1n 13:00 \u00f3ra k\u00f6z\u00f6tt az al\u00e1bbi napokon \u00e9rhet\u0151 el: J\u00falius 11.&hellip;<\/p>\n","protected":false},"author":1,"featured_media":0,"comment_status":"closed","ping_status":"open","sticky":false,"template":"","format":"standard","meta":{"_jetpack_memberships_contains_paid_content":false,"footnotes":""},"categories":[40],"tags":[],"class_list":["post-408","post","type-post","status-publish","format-standard","hentry","category-2018-hirarchivum"],"jetpack_featured_media_url":"","jetpack_sharing_enabled":true,"_links":{"self":[{"href":"https:\/\/mezosuli.hu\/index.php?rest_route=\/wp\/v2\/posts\/408","targetHints":{"allow":["GET"]}}],"collection":[{"href":"https:\/\/mezosuli.hu\/index.php?rest_route=\/wp\/v2\/posts"}],"about":[{"href":"https:\/\/mezosuli.hu\/index.php?rest_route=\/wp\/v2\/types\/post"}],"author":[{"embeddable":true,"href":"https:\/\/mezosuli.hu\/index.php?rest_route=\/wp\/v2\/users\/1"}],"replies":[{"embeddable":true,"href":"https:\/\/mezosuli.hu\/index.php?rest_route=%2Fwp%2Fv2%2Fcomments&post=408"}],"version-history":[{"count":2,"href":"https:\/\/mezosuli.hu\/index.php?rest_route=\/wp\/v2\/posts\/408\/revisions"}],"predecessor-version":[{"id":3571,"href":"https:\/\/mezosuli.hu\/index.php?rest_route=\/wp\/v2\/posts\/408\/revisions\/3571"}],"wp:attachment":[{"href":"https:\/\/mezosuli.hu\/index.php?rest_route=%2Fwp%2Fv2%2Fmedia&parent=408"}],"wp:term":[{"taxonomy":"category","embeddable":true,"href":"https:\/\/mezosuli.hu\/index.php?rest_route=%2Fwp%2Fv2%2Fcategories&post=408"},{"taxonomy":"post_tag","embeddable":true,"href":"https:\/\/mezosuli.hu\/index.php?rest_route=%2Fwp%2Fv2%2Ftags&post=408"}],"curies":[{"name":"wp","href":"https:\/\/api.w.org\/{rel}","templated":true}]}}