{"id":415,"date":"2018-07-28T23:09:18","date_gmt":"2018-07-28T21:09:18","guid":{"rendered":"https:\/\/uj.mezosuli.hu\/?p=415"},"modified":"2026-03-20T14:16:46","modified_gmt":"2026-03-20T13:16:46","slug":"mid","status":"publish","type":"post","link":"https:\/\/mezosuli.hu\/?p=415","title":{"rendered":"MID"},"content":{"rendered":"<div class=\"txF_raleway tx16t\" style=\"margin-bottom: 15px;\">\n<p class=\"tx_headline txc_green\">MID jelentkez\u00e9s a Mez\u0151be!<\/p>\n<hr \/>\n<p style=\"text-align: justify; line-height: 24px; margin-right: 10px;\"><span style=\"font-size: 14pt;\"><img loading=\"lazy\" decoding=\"async\" class=\" alignright size-full wp-image-413\" style=\"margin: 0px 0px 0px 20px; vertical-align: top; display: inline-block; float: right;\" src=\"https:\/\/uj.mezosuli.hu\/wp-content\/uploads\/2018\/07\/MID-kep.jpg\" alt=\"\" width=\"240\" height=\"240\" srcset=\"https:\/\/mezosuli.hu\/wp-content\/uploads\/2018\/07\/MID-kep.jpg 720w, https:\/\/mezosuli.hu\/wp-content\/uploads\/2018\/07\/MID-kep-300x300.jpg 300w, https:\/\/mezosuli.hu\/wp-content\/uploads\/2018\/07\/MID-kep-150x150.jpg 150w, https:\/\/mezosuli.hu\/wp-content\/uploads\/2018\/07\/MID-kep-500x500.jpg 500w\" sizes=\"auto, (max-width: 240px) 100vw, 240px\" \/><span style=\"padding-top: 25px;\">A <strong>Dr. Mez\u0151 Ferenc \u00c1ltal\u00e1nos Iskola a 2018\/2019<\/strong>-es tan\u00e9vt\u0151l bevezeti \u00faj tant\u00e1rgyk\u00e9nt a <strong>\u201emagyar mint idegen nyelv\u201d<\/strong> (MID) tan\u00edt\u00e1s\u00e1t <strong>minden \u00e9vfolyamon<\/strong>. <\/span><\/span><\/p>\n<p style=\"text-align: justify; line-height: 24px; margin-right: 10px;\"><span style=\"font-size: 14pt;\"><span style=\"padding-top: 25px;\">V\u00e1rjuk az olyan nem magyar anyanyelv\u0171 tanul\u00f3k jelentkez\u00e9s\u00e9t, akik a magyar nyelvet &#8211; k\u00e9pzett nyelvtan\u00e1rok ir\u00e1ny\u00edt\u00e1s\u00e1val, emelt \u00f3rasz\u00e1mban, egy\u00e9ni szintfelm\u00e9r\u00e9s alapj\u00e1n \u2013 szeretn\u00e9k elsaj\u00e1t\u00edtani.<\/span><\/span><\/p>\n<p style=\"text-align: justify; line-height: 24px; margin-right: 10px;\"><span style=\"font-size: 14pt;\"><span style=\"padding-top: 25px;\"><em>\u00c9rdekl\u0151d\u0151knek t\u00e1j\u00e9koztat\u00e1st sz\u00edvesen adunk a fenti telefonsz\u00e1mon <strong>(061-220-03-40)<\/strong> augusztus 8-\u00e1n 8-13 \u00f3ra k\u00f6z\u00f6tt, valamint augusztus 23-t\u00f3l minden munkanapon 8-13 \u00f3r\u00e1ig.<\/em><\/span><\/span><\/p>\n<p style=\"text-align: justify; line-height: 24px; margin-right: 10px;\"><span style=\"font-size: 14pt;\"><span style=\"padding-top: 25px;\"><a href=\"https:\/\/uj.mezosuli.hu\/wp-content\/uploads\/2018\/07\/HFL-application-for-Mezo.pdf\" target=\"_blank\" rel=\"noopener\"> HFL APPLICATION FOR MEZ\u0150!<\/a><\/span><\/span><\/p>\n<\/div>\n<div class=\"txF_raleway tx14x\" style=\"text-align: center; line-height: 20px;\">\n<p style=\"float: right;\">Mostaf\u00e1n\u00e9 Gomb\u00e1r Erzs\u00e9bet<br \/>\nint\u00e9zm\u00e9nyvezet\u0151<\/p>\n<p>&nbsp;<\/p>\n<p style=\"float: left;\">Budapest, 2018. j\u00falius 28.<\/p>\n<\/div>\n","protected":false},"excerpt":{"rendered":"<p>MID jelentkez\u00e9s a Mez\u0151be! A Dr. Mez\u0151 Ferenc \u00c1ltal\u00e1nos Iskola a 2018\/2019-es tan\u00e9vt\u0151l bevezeti \u00faj tant\u00e1rgyk\u00e9nt a \u201emagyar mint idegen nyelv\u201d (MID) tan\u00edt\u00e1s\u00e1t minden \u00e9vfolyamon. V\u00e1rjuk az olyan nem magyar&hellip;<\/p>\n","protected":false},"author":1,"featured_media":0,"comment_status":"closed","ping_status":"open","sticky":false,"template":"","format":"standard","meta":{"_jetpack_memberships_contains_paid_content":false,"footnotes":""},"categories":[50,51],"tags":[],"class_list":["post-415","post","type-post","status-publish","format-standard","hentry","category-iskola-4-profilja","category-mid"],"jetpack_featured_media_url":"","jetpack_sharing_enabled":true,"_links":{"self":[{"href":"https:\/\/mezosuli.hu\/index.php?rest_route=\/wp\/v2\/posts\/415","targetHints":{"allow":["GET"]}}],"collection":[{"href":"https:\/\/mezosuli.hu\/index.php?rest_route=\/wp\/v2\/posts"}],"about":[{"href":"https:\/\/mezosuli.hu\/index.php?rest_route=\/wp\/v2\/types\/post"}],"author":[{"embeddable":true,"href":"https:\/\/mezosuli.hu\/index.php?rest_route=\/wp\/v2\/users\/1"}],"replies":[{"embeddable":true,"href":"https:\/\/mezosuli.hu\/index.php?rest_route=%2Fwp%2Fv2%2Fcomments&post=415"}],"version-history":[{"count":2,"href":"https:\/\/mezosuli.hu\/index.php?rest_route=\/wp\/v2\/posts\/415\/revisions"}],"predecessor-version":[{"id":3574,"href":"https:\/\/mezosuli.hu\/index.php?rest_route=\/wp\/v2\/posts\/415\/revisions\/3574"}],"wp:attachment":[{"href":"https:\/\/mezosuli.hu\/index.php?rest_route=%2Fwp%2Fv2%2Fmedia&parent=415"}],"wp:term":[{"taxonomy":"category","embeddable":true,"href":"https:\/\/mezosuli.hu\/index.php?rest_route=%2Fwp%2Fv2%2Fcategories&post=415"},{"taxonomy":"post_tag","embeddable":true,"href":"https:\/\/mezosuli.hu\/index.php?rest_route=%2Fwp%2Fv2%2Ftags&post=415"}],"curies":[{"name":"wp","href":"https:\/\/api.w.org\/{rel}","templated":true}]}}