{"id":420,"date":"2018-07-31T01:30:29","date_gmt":"2018-07-30T23:30:29","guid":{"rendered":"https:\/\/uj.mezosuli.hu\/?p=420"},"modified":"2026-03-17T10:53:38","modified_gmt":"2026-03-17T09:53:38","slug":"osszefoglalo-2017","status":"publish","type":"post","link":"https:\/\/mezosuli.hu\/?p=420","title":{"rendered":"\u00d6sszefoglal\u00f3 2017 Erasmus"},"content":{"rendered":"<\/p>\n<section style=\"font-size: 16px; text-align: justify;\">\n<p style=\"font-size: 20pt; font-variant: small-caps; letter-spacing: 1px; color: #005596;\">Erasmus+ 2017-2018&nbsp;\u00d6sszefoglal\u00f3<\/p>\n<p>A Dr. Mez\u0151 Ferenc \u00c1ltal\u00e1nos Iskola vezet\u0151s\u00e9ge \u00e9s nevel\u0151test\u00fclete az elm\u00falt \u00e9vtized sor\u00e1n t\u00f6bbsz\u00f6r bizony\u00edtotta az Erasmus+ \u00e9s m\u00e1s k\u00fclf\u00f6ldi tov\u00e1bbk\u00e9pz\u00e9seken szerzett tapasztalatok \u00e1ltali meg\u00fajul\u00e1s ir\u00e1nti elk\u00f6telezetts\u00e9g\u00e9t. A 2017. \u00e9vre ki\u00edrt Erasmus+ mobilit\u00e1si p\u00e1ly\u00e1zat sikere m\u00e1r a hatodik alkalommal biztos\u00edtana lehet\u0151s\u00e9get pedag\u00f3gusainknak \u00e9s vezet\u0151inknek az \u00f6nk\u00e9pz\u00e9sre \u00e9s ezzel egy\u00fctt az int\u00e9zm\u00e9ny m\u00f3dszertani meg\u00fajul\u00e1si folyamat\u00e1nak tov\u00e1bbfolytat\u00e1s\u00e1ra. Hissz\u00fck, hogy a t\u00f6rekv\u00e9s az \u00fajdons\u00e1gok megismer\u00e9s\u00e9re kulcsa a sikernek a k\u00f6znevel\u00e9s \u00e9s az \u00e9let minden m\u00e1s ter\u00fclet\u00e9n.<\/p>\n<p>Int\u00e9zm\u00e9ny\u00fcnkben hagyom\u00e1nya van a pedag\u00f3gusok \u00f6nk\u00e9pz\u00e9s\u00e9nek, ami a di\u00e1kok sz\u00e1m\u00e1ra izgalmas tan\u00edt\u00e1si \u00f3r\u00e1kat \u00e9s a tanulm\u00e1nyi sikerek perceit jelentik a mindennapokban. A k\u00fclf\u00f6ldi tov\u00e1bbk\u00e9pz\u00e9seken val\u00f3 r\u00e9szv\u00e9telben a kor\u00e1bbi \u00e9vekben az angol nyelvi munkak\u00f6z\u00f6ss\u00e9g \u00e9s a hum\u00e1n munkak\u00f6z\u00f6ss\u00e9g j\u00e1rt \u00e9len. Ennek eredm\u00e9nyek\u00e9nt a m\u00f3dszertani megold\u00e1sok sz\u00e9les t\u00e1rh\u00e1za ny\u00edlt meg a tov\u00e1bbk\u00e9pz\u00e9seken r\u00e9sztvev\u0151 munkak\u00f6z\u00f6ss\u00e9gi tagok el\u0151tt az angol nyelv a magyar nyelv \u00e9s a rajz tant\u00e1rgyak tan\u00edt\u00e1s\u00e1ban.<\/p>\n<p>Jelen p\u00e1ly\u00e1zatunk c\u00e9lja egy \u00e1tfog\u00f3 int\u00e9zm\u00e9nyi meg\u00fajul\u00e1s alapj\u00e1nak a let\u00e9tele. A c\u00e9l el\u00e9r\u00e9s\u00e9nek \u00e9rdek\u00e9ben \u00f6t koll\u00e9g\u00e1nk, akik nem nyelvtan\u00e1ri szakon szereztek diplom\u00e1t, angol nyelvi kurzuson tervezik r\u00e9szv\u00e9tel\u00fcket. Az \u00edgy megszerzett nyelvi tud\u00e1s j\u00f3 alapot biztos\u00edthat \u00fajabb k\u00fclf\u00f6ldi, m\u00f3dszertani kurzusokon val\u00f3 r\u00e9szv\u00e9telhez. Nyelvtan\u00e1raink \u00e9s j\u00f3 angol nyelvismerettel rendelkez\u0151 pedag\u00f3gusaink k\u00f6z\u00fcl hat f\u0151 tervezi r\u00e9szv\u00e9tel\u00e9t IKT m\u00f3dszertani kurzusokon.<\/p>\n<p>Az IKT eszk\u00f6z\u00f6k m\u00f3dszertan\u00e1nak sz\u00e9lesk\u00f6r\u0171 bevezet\u00e9s\u00e9re 2016. v\u00e9g\u00e9re teremt\u0151d\u00f6tt meg a lehet\u0151s\u00e9g. Sikeres p\u00e1ly\u00e1zati tev\u00e9kenys\u00e9g\u00fcnk \u00e9s az iskola fenntart\u00f3j\u00e1nak seg\u00edts\u00e9g\u00e9vel asztali sz\u00e1m\u00edt\u00f3g\u00e9peket, laptopokat, projektorokat \u00e9s interakt\u00edv t\u00e1bl\u00e1t siker\u00fclt beszerezn\u00fcnk, valamint az int\u00e9zm\u00e9ny eg\u00e9sz ter\u00fclet\u00e9n m\u0171k\u00f6d\u0151 WIFI h\u00e1l\u00f3zat ker\u00fclt kialak\u00edt\u00e1sra. Az IKT m\u00f3dszerek bevezet\u00e9s\u00e9hez teh\u00e1t megteremtett\u00fck a sz\u00fcks\u00e9ges infrastrukt\u00far\u00e1t.<\/p>\n<p>Pedag\u00f3gusaink meg\u00fajul\u00e1s ir\u00e1nti pozit\u00edv attit\u0171dj\u00e9t mutatja, hogy az \u00f6sszesen 12 r\u00e9szt venni sz\u00e1nd\u00e9koz\u00f3 koll\u00e9ga k\u00fcl\u00f6nb\u00f6z\u0151 t\u00e1rgyakat k\u00fcl\u00f6nb\u00f6z\u0151 \u00e9letkor\u00fa di\u00e1koknak tan\u00edt. \u00d6t jelentkez\u0151 angol nyelvi ismereteit b\u0151v\u00edten\u00e9, hogy k\u00e9pes legyen angol nyelvi szakmai anyagok feldolgoz\u00e1s\u00e1ra \u00e9s k\u00fclf\u00f6ldi partnerekkel val\u00f3 k\u00f6z\u00f6s projektek lebonyol\u00edt\u00e1s\u00e1ra p\u00e9ld\u00e1ul az eTwinning ny\u00fajtotta lehet\u0151s\u00e9geken kereszt\u00fcl. K\u00f6z\u00fcl\u00fck ketten als\u00f3 tagozatos tan\u00edt\u00f3k\u00e9nt tan\u00edtanak. Hat jelentkez\u0151 digit\u00e1lis kompetenci\u00e1it fejleszten\u00e9. K\u00f6z\u00fcl\u00fck egy koll\u00e9ga als\u00f3 tagozatos tan\u00edt\u00f3k\u00e9nt, \u00f6t koll\u00e9ga pedig fels\u0151 tagozatos tan\u00e1rk\u00e9nt dolgozik, ketten angol nyelvet tan\u00edtanak az als\u00f3 tagozatos koroszt\u00e1ly sz\u00e1m\u00e1ra is. A 12 jelentkez\u0151 \u00e1ltal tan\u00edtott t\u00e1rgyak: olvas\u00e1s, \u00edr\u00e1s, angol nyelv, magyar nyelv \u00e9s irodalom, matematika, sz\u00e1m\u00edt\u00e1stechnika, t\u00f6rt\u00e9nelem \u00e9s f\u00f6ldrajz.. Mindezek mellett iskol\u00e1nk vezet\u0151s\u00e9g\u00e9nek egyik tagja v\u00e1ltoz\u00e1smenedzsel\u00e9s t\u00e9m\u00e1ban venne r\u00e9szt tov\u00e1bbk\u00e9pz\u00e9sen, az ott megszerzett tapasztalatokkal t\u00e1mogatva a projektr\u00e9sztvev\u0151ket a kurzusokon szerzett ismeretek terjeszt\u00e9s\u00e9ben a nevel\u0151test\u00fcleten bel\u00fcl.<\/p>\n<p>A p\u00e1ly\u00e1zat siker\u00e9nek \u00e9rdek\u00e9ben t\u00f6bb koll\u00e9ga is r\u00e9szt vett a p\u00e1ly\u00e1zat\u00edr\u00e1ssal \u00e9s disszemin\u00e1ci\u00f3val kapcsolatos konferenci\u00e1kon, workshopokon \u00edgy biztos\u00edtva a 2015-ben elnyert m\u00f3dszertani meg\u00fajul\u00e1st c\u00e9lz\u00f3 Erasmus+ p\u00e1ly\u00e1zat folytat\u00e1s\u00e1nak lehet\u0151s\u00e9g\u00e9t. A p\u00e1ly\u00e1zat t\u00e9m\u00e1j\u00e1nak kiv\u00e1laszt\u00e1s\u00e1ban \u00e9s tev\u00e9kenys\u00e9geinek megtervez\u00e9s\u00e9ben a vezet\u0151s\u00e9g mellett a k\u00f6z\u00e9pvezet\u0151k \u00e9s az Erasmus+ tapasztalattal rendelkez\u0151k vettek r\u00e9szt. A projektr\u00e9sztvev\u0151k kiv\u00e1laszt\u00e1sa sor\u00e1n a szakmai felk\u00e9sz\u00fclts\u00e9g mellett az elk\u00f6telezetts\u00e9g \u00e9s egys\u00e9ges j\u00f6v\u0151k\u00e9p is szempont volt. Az int\u00e9zm\u00e9nyen bel\u00fcli egy\u00fcttm\u0171k\u00f6d\u00e9s a nyelvi el\u0151k\u00e9sz\u00edt\u0151 kurzus megszervez\u00e9s\u00e9vel folytat\u00f3dott. Ahhoz, hogy min\u00e9l jobb hat\u00e1sa legyen iskol\u00e1nkra a mobilit\u00e1soknak egy olyan m\u00e9r\u0151-\u00e9rt\u00e9kel\u0151 \u00fctemtervet dolgoztunk ki, ami a projekt sor\u00e1n v\u00e9gig k\u00eds\u00e9ri a r\u00e9sztvev\u0151ket \u00e9s a k\u00f6rnyezet\u00fckben dolgoz\u00f3 a p\u00e1ly\u00e1zatban r\u00e9szt nem vev\u0151 koll\u00e9g\u00e1kat is bevonja az \u00e9rt\u00e9kel\u00e9s folyamat\u00e1ba. Ezzel szeretn\u00e9nk nagyobb r\u00e1l\u00e1t\u00e1st biztos\u00edtani a projektre a nevel\u0151test\u00fclet min\u00e9l sz\u00e9lesebb k\u00f6r\u00e9ben.<\/p>\n<p>A projektt\u0151l v\u00e1rt eredm\u00e9nyek \u00e9s r\u00f6vid illetve hossz\u00fa t\u00e1v\u00fa hat\u00e1sok az iskola sz\u00e1mos szintj\u00e9hez t\u00e1rs\u00edthat\u00f3k: a pedag\u00f3gusok k\u00fclf\u00f6ldi tov\u00e1bbk\u00e9pz\u00e9sek ir\u00e1nti nyitotts\u00e1ga \u00e9s a r\u00e9szv\u00e9telhez sz\u00fcks\u00e9ges nyelvtud\u00e1s megszerz\u00e9se, az int\u00e9zm\u00e9ny \u00faj arculata, a munkahelyi l\u00e9gk\u00f6r \u00e9s az iskola k\u00f6rnyezet\u00e9vel megl\u00e9v\u0151 kapcsolatok tov\u00e1bb javul\u00e1sa, a pedag\u00f3gusok IKT eszk\u00f6z\u00f6k m\u00f3dszertan\u00e1nak felhaszn\u00e1l\u00f3szint\u0171 ismerete, a di\u00e1kok motiv\u00e1lts\u00e1g\u00e1nak n\u00f6veked\u00e9se, a di\u00e1kok \u00faj tanul\u00e1si strat\u00e9gi\u00e1inak kialakul\u00e1sa, a vezet\u0151s\u00e9g v\u00e1ltoz\u00e1smenedzsel\u00e9si kompetenci\u00e1ja, online forr\u00e1sbank, projekt m\u00e9r\u00e9s-\u00e9rt\u00e9kel\u00e9si k\u00e9zik\u00f6nyv \u00e9s nem v\u00e1rt eredm\u00e9nyek, hat\u00e1sok is megjelenhetnek.<\/p>\n<p>Iskol\u00e1nk falain t\u00falra is tekint\u00fcnk, az Eur\u00f3pa m\u00e1s int\u00e9zm\u00e9nyeiben dolgoz\u00f3 koll\u00e9g\u00e1kkal kialakul\u00f3 szakmai kapcsolatok fenntart\u00e1s\u00e1ra t\u00f6reksz\u00fcnk, hogy ezzel is er\u0151s\u00edts\u00fck pedag\u00f3gusainkban a reflekt\u00edv gondolkod\u00e1sm\u00f3dot a hazai \u00e9s nemzetk\u00f6zi trendek \u00f6sszehasonl\u00edt\u00e1s\u00e1nak k\u00f6vetkezm\u00e9nyek\u00e9nt. Az Erasmus+ tov\u00e1bbk\u00e9pz\u00e9sek sor\u00e1n mindannyian egy\u00fctt, egym\u00e1st\u00f3l tanulunk.<\/p>\n<\/section>\n","protected":false},"excerpt":{"rendered":"<p>Erasmus+ 2017-2018&nbsp;\u00d6sszefoglal\u00f3 A Dr. Mez\u0151 Ferenc \u00c1ltal\u00e1nos Iskola vezet\u0151s\u00e9ge \u00e9s nevel\u0151test\u00fclete az elm\u00falt \u00e9vtized sor\u00e1n t\u00f6bbsz\u00f6r bizony\u00edtotta az Erasmus+ \u00e9s m\u00e1s k\u00fclf\u00f6ldi tov\u00e1bbk\u00e9pz\u00e9seken szerzett tapasztalatok \u00e1ltali meg\u00fajul\u00e1s ir\u00e1nti elk\u00f6telezetts\u00e9g\u00e9t. A&hellip;<\/p>\n","protected":false},"author":1,"featured_media":0,"comment_status":"closed","ping_status":"open","sticky":false,"template":"","format":"standard","meta":{"_jetpack_memberships_contains_paid_content":false,"footnotes":""},"categories":[15],"tags":[],"class_list":["post-420","post","type-post","status-publish","format-standard","hentry","category-erasmus-2017-2018"],"jetpack_featured_media_url":"","jetpack_sharing_enabled":true,"_links":{"self":[{"href":"https:\/\/mezosuli.hu\/index.php?rest_route=\/wp\/v2\/posts\/420","targetHints":{"allow":["GET"]}}],"collection":[{"href":"https:\/\/mezosuli.hu\/index.php?rest_route=\/wp\/v2\/posts"}],"about":[{"href":"https:\/\/mezosuli.hu\/index.php?rest_route=\/wp\/v2\/types\/post"}],"author":[{"embeddable":true,"href":"https:\/\/mezosuli.hu\/index.php?rest_route=\/wp\/v2\/users\/1"}],"replies":[{"embeddable":true,"href":"https:\/\/mezosuli.hu\/index.php?rest_route=%2Fwp%2Fv2%2Fcomments&post=420"}],"version-history":[{"count":1,"href":"https:\/\/mezosuli.hu\/index.php?rest_route=\/wp\/v2\/posts\/420\/revisions"}],"predecessor-version":[{"id":3294,"href":"https:\/\/mezosuli.hu\/index.php?rest_route=\/wp\/v2\/posts\/420\/revisions\/3294"}],"wp:attachment":[{"href":"https:\/\/mezosuli.hu\/index.php?rest_route=%2Fwp%2Fv2%2Fmedia&parent=420"}],"wp:term":[{"taxonomy":"category","embeddable":true,"href":"https:\/\/mezosuli.hu\/index.php?rest_route=%2Fwp%2Fv2%2Fcategories&post=420"},{"taxonomy":"post_tag","embeddable":true,"href":"https:\/\/mezosuli.hu\/index.php?rest_route=%2Fwp%2Fv2%2Ftags&post=420"}],"curies":[{"name":"wp","href":"https:\/\/api.w.org\/{rel}","templated":true}]}}