{"id":432,"date":"2018-09-14T14:22:07","date_gmt":"2018-09-14T12:22:07","guid":{"rendered":"https:\/\/uj.mezosuli.hu\/?p=432"},"modified":"2026-03-17T10:53:38","modified_gmt":"2026-03-17T09:53:38","slug":"oko-hirek-2018-09-12","status":"publish","type":"post","link":"https:\/\/mezosuli.hu\/?p=432","title":{"rendered":"\u00d6ko h\u00edrek 2018.09.12."},"content":{"rendered":"<hr \/>\n<div class=\"txF_raleway tx16t\" style=\"padding-bottom: 5px;\">\n<p class=\"tx_headline tx20t\">Szeptember:<\/p>\n<p>&nbsp;<\/p>\n<p>Iskolai programok:<\/p>\n<ul>\n<li style=\"line-height: 24px;\"><strong>Szeptember 14<\/strong>-e:<span class=\"txF_green\" style=\"color: #008000;\"> A Takar\u00edt\u00e1si vil\u00e1gnap<span style=\"color: #000000;\">hoz csatlakozva a sz\u0171kebb k\u00f6rnyezet\u00fcnk, az oszt\u00e1lytermek takar\u00edt\u00e1sa<br \/><\/span><\/span><\/li>\n<li style=\"line-height: 24px;\"><strong>Szeptember 21<\/strong>-e: Az <span class=\"txF_green\" style=\"color: #008000;\">Eur\u00f3pai Mobilit\u00e1si H\u00e9t<span style=\"color: #000000;\">hez \u00e9s az<\/span> Eur\u00f3pai aut\u00f3mentes nap<span style=\"color: #000000;\">hoz csatlakozva ezen a napon a fels\u0151s\u00f6knek ker\u00e9kp\u00e1roz\u00e1st, az als\u00f3soknak aszfaltrajzversenyt h\u00edrdet\u00fcnk&nbsp; <span style=\"color: #000000;\"> &#8211;<a href=\"https:\/\/uj.mezosuli.hu\/wp-content\/uploads\/2018\/09\/automentes_het_2018_iskolai.pdf\"> az Eur\u00f3pai Mobilit\u00e1si H\u00e9t&nbsp; BKK&nbsp; iskolai programj\u00e1r\u00f3l k\u00e9sz\u00fclt besz\u00e1mol\u00f3<\/a><\/span><a href=\"https:\/\/uj.mezosuli.hu\/wp-content\/uploads\/2018\/09\/automentes_het_2018_iskolai.pdf\"><span class=\"txF_green\" style=\"color: #008000;\"><\/span><\/a><\/span><br \/><\/span><\/li>\n<li><strong>Szeptember 22<\/strong>-e: <span class=\"txF_green\" style=\"color: #008000;\">Kir\u00e1ndul\u00e1s <span style=\"color: #000000;\">a Merzse-mocs\u00e1rhoz, di\u00e1koknak, sz\u00fcl\u0151knek \u00e9s pedag\u00f3gusoknak<\/span><span style=\"color: #000000;\"> &#8211;<a href=\"https:\/\/uj.mezosuli.hu\/wp-content\/uploads\/2018\/09\/mocsarasdi_2018.pdf\"> a programr\u00f3l k\u00e9sz\u00fclt \u00e9lm\u00e9nybesz\u00e1mol\u00f3<\/a><br \/><\/span><\/span><\/li>\n<li><strong>Szeptember 28<\/strong>-a: <span class=\"txF_green\" style=\"color: #008000;\">T\u00e9manap. <span style=\"color: #000000;\">P\u00e1lyaorient\u00e1ci\u00f3s nap<br \/><\/span><\/span><\/li>\n<\/ul>\n<p><a href=\"https:\/\/uj.mezosuli.hu\/wp-content\/uploads\/2018\/09\/automentes_het_2018.pdf\">Eur\u00f3pai mobilit\u00e1si h\u00e9t programjair\u00f3l b\u0151vebben<\/a><\/p>\n<p style=\"float: left;\"><span style=\"font-size: 12pt;\">\u00d6ko munkacsoport<\/span><\/p>\n<div style=\"left: 0; position: relative;\">\n<p style=\"float: right;\"><span style=\"font-size: 12pt;\">Budapest, 2018. szeptember<br \/><\/span><\/p>\n<\/div>\n<\/div>\n","protected":false},"excerpt":{"rendered":"<p>Szeptember: &nbsp; Iskolai programok: Szeptember 14-e: A Takar\u00edt\u00e1si vil\u00e1gnaphoz csatlakozva a sz\u0171kebb k\u00f6rnyezet\u00fcnk, az oszt\u00e1lytermek takar\u00edt\u00e1sa Szeptember 21-e: Az Eur\u00f3pai Mobilit\u00e1si H\u00e9thez \u00e9s az Eur\u00f3pai aut\u00f3mentes naphoz csatlakozva ezen a&hellip;<\/p>\n","protected":false},"author":1,"featured_media":0,"comment_status":"closed","ping_status":"open","sticky":false,"template":"","format":"standard","meta":{"_jetpack_memberships_contains_paid_content":false,"footnotes":""},"categories":[7],"tags":[],"class_list":["post-432","post","type-post","status-publish","format-standard","hentry","category-oko-hirek"],"jetpack_featured_media_url":"","jetpack_sharing_enabled":true,"_links":{"self":[{"href":"https:\/\/mezosuli.hu\/index.php?rest_route=\/wp\/v2\/posts\/432","targetHints":{"allow":["GET"]}}],"collection":[{"href":"https:\/\/mezosuli.hu\/index.php?rest_route=\/wp\/v2\/posts"}],"about":[{"href":"https:\/\/mezosuli.hu\/index.php?rest_route=\/wp\/v2\/types\/post"}],"author":[{"embeddable":true,"href":"https:\/\/mezosuli.hu\/index.php?rest_route=\/wp\/v2\/users\/1"}],"replies":[{"embeddable":true,"href":"https:\/\/mezosuli.hu\/index.php?rest_route=%2Fwp%2Fv2%2Fcomments&post=432"}],"version-history":[{"count":1,"href":"https:\/\/mezosuli.hu\/index.php?rest_route=\/wp\/v2\/posts\/432\/revisions"}],"predecessor-version":[{"id":3293,"href":"https:\/\/mezosuli.hu\/index.php?rest_route=\/wp\/v2\/posts\/432\/revisions\/3293"}],"wp:attachment":[{"href":"https:\/\/mezosuli.hu\/index.php?rest_route=%2Fwp%2Fv2%2Fmedia&parent=432"}],"wp:term":[{"taxonomy":"category","embeddable":true,"href":"https:\/\/mezosuli.hu\/index.php?rest_route=%2Fwp%2Fv2%2Fcategories&post=432"},{"taxonomy":"post_tag","embeddable":true,"href":"https:\/\/mezosuli.hu\/index.php?rest_route=%2Fwp%2Fv2%2Ftags&post=432"}],"curies":[{"name":"wp","href":"https:\/\/api.w.org\/{rel}","templated":true}]}}