{"id":467,"date":"2018-11-06T12:32:24","date_gmt":"2018-11-06T11:32:24","guid":{"rendered":"https:\/\/uj.mezosuli.hu\/?p=467"},"modified":"2026-03-17T10:53:37","modified_gmt":"2026-03-17T09:53:37","slug":"szulok-iskolaja-1","status":"publish","type":"post","link":"https:\/\/mezosuli.hu\/?p=467","title":{"rendered":"Sz\u00fcl\u0151k Iskol\u00e1ja 1."},"content":{"rendered":"<div style=\"text-align: right;\">\n<section style=\"font-size: 16px;\">\n<p style=\"text-align: left;\"><span style=\"font-size: 20pt; font-variant: small-caps; letter-spacing: 1px; color: maroon;\">Sz\u00fcl\u0151k iskol\u00e1ja <\/span><\/p>\n<p style=\"text-align: left;\">&nbsp;<\/p>\n<p style=\"text-align: left;\"><a href=\"https:\/\/uj.mezosuli.hu\/wp-content\/uploads\/2018\/11\/Stresszkezeles_kezdoknek.pdf\" target=\"_blank\"><span style=\"color: #ff0000; font-size: 12pt;\"><strong>Stresszkezel\u00e9s<\/strong><strong> kezd\u0151knek<\/strong><\/span><\/a><\/p>\n<p style=\"text-align: left;\">&nbsp;<\/p>\n<p style=\"text-align: right;\"><em>Orosz Adrienn<\/em><\/p>\n<p style=\"text-align: right;\"><em>iskolapszichol\u00f3gus<\/em><\/p>\n<p style=\"text-align: right;\"><em>Budapest, 2023.m\u00e1rcius 29.<\/em><\/p>\n<p>&nbsp;<\/p>\n<hr \/>\n<p style=\"text-align: left;\"><span style=\"font-size: 20pt; font-variant: small-caps; letter-spacing: 1px; color: #008000;\">Sz\u00fcl\u0151k iskol\u00e1ja <\/span><\/p>\n<p><img loading=\"lazy\" decoding=\"async\" class=\" size-full wp-image-456\" style=\"display: block; margin-left: auto; margin-right: auto;\" src=\"https:\/\/uj.mezosuli.hu\/wp-content\/uploads\/2018\/11\/Szulok_iskolaja_-_Kommunikacio.jpg\" alt=\"Sz\u00fcl\u0151kiskol\u00e1ja 0929 plak\u00e1t\" width=\"518\" height=\"733\" srcset=\"https:\/\/mezosuli.hu\/wp-content\/uploads\/2018\/11\/Szulok_iskolaja_-_Kommunikacio.jpg 636w, https:\/\/mezosuli.hu\/wp-content\/uploads\/2018\/11\/Szulok_iskolaja_-_Kommunikacio-212x300.jpg 212w\" sizes=\"auto, (max-width: 518px) 100vw, 518px\" \/><\/p>\n<p>&nbsp; <em>Budapest, 2022.okt\u00f3ber 12.<\/em><\/p>\n<p>&nbsp;<\/p>\n<hr \/>\n<p><\/p>\n<section style=\"font-size: 16px;\">\n<p style=\"text-align: left;\"><span style=\"font-size: 20pt; font-variant: small-caps; letter-spacing: 1px; color: #008000;\">Sz\u00fcl\u0151k iskol\u00e1ja <\/span><\/p>\n<p><img loading=\"lazy\" decoding=\"async\" class=\" size-full wp-image-458\" style=\"display: block; margin-left: auto; margin-right: auto;\" src=\"https:\/\/uj.mezosuli.hu\/wp-content\/uploads\/2018\/11\/Szulokiskolaja_0929_plakat.jpg\" alt=\"Sz\u00fcl\u0151kiskol\u00e1ja 0929 plak\u00e1t\" width=\"900\" height=\"600\" srcset=\"https:\/\/mezosuli.hu\/wp-content\/uploads\/2018\/11\/Szulokiskolaja_0929_plakat.jpg 900w, https:\/\/mezosuli.hu\/wp-content\/uploads\/2018\/11\/Szulokiskolaja_0929_plakat-300x200.jpg 300w, https:\/\/mezosuli.hu\/wp-content\/uploads\/2018\/11\/Szulokiskolaja_0929_plakat-768x512.jpg 768w\" sizes=\"auto, (max-width: 900px) 100vw, 900px\" \/><\/p>\n<p>&nbsp; <em>Budapest, 2021.szeptember 22.<\/em><\/p>\n<hr \/>\n<p><\/p>\n<p style=\"text-align: left;\"><span style=\"font-size: 20pt; font-variant: small-caps; letter-spacing: 1px; color: maroon;\">Sz\u00fcl\u0151k iskol\u00e1ja <\/span><\/p>\n<p style=\"text-align: left;\">&nbsp;<\/p>\n<p style=\"text-align: left;\"><span style=\"color: #800080; font-size: 12pt;\"><a style=\"color: #800080;\" href=\"https:\/\/uj.mezosuli.hu\/wp-content\/uploads\/2018\/11\/Az_iskolai_bantalmazas_kezelese_a_Mezoben.pdf\" target=\"_blank\">&nbsp;<strong>Az iskolai b\u00e1ntalmaz\u00e1s kezel\u00e9se a Mez\u0151ben<\/strong><\/a><\/span><\/p>\n<p style=\"text-align: left;\">&nbsp;<\/p>\n<p style=\"text-align: right;\"><em>Orosz Adrienn<\/em><\/p>\n<p style=\"text-align: right;\"><em>iskolapszichol\u00f3gus<\/em><\/p>\n<p style=\"text-align: right;\"><em>Budapest, 2020.december 08.<\/em><\/p>\n<hr \/>\n<p style=\"text-align: left;\"><span style=\"font-size: 20pt; font-variant: small-caps; letter-spacing: 1px; color: maroon;\"><\/span><\/p>\n<p style=\"text-align: left;\"><span style=\"font-size: 20pt; font-variant: small-caps; letter-spacing: 1px; color: maroon;\"><img loading=\"lazy\" decoding=\"async\" class=\" alignright size-full wp-image-460\" style=\"border: 8px solid #ffffff; float: right;\" onmouseover=\"this.src='images\/dokumentumok\/2020_21\/Sz\u00fcl\u0151kiskol\u00e1ja_0923_.jpg';\" onmouseout=\"this.src='https:\/\/uj.mezosuli.hu\/wp-content\/uploads\/2018\/11\/Szulokiskolaja_0923_kicsi.jpg';\" src=\"https:\/\/uj.mezosuli.hu\/wp-content\/uploads\/2018\/11\/Szulokiskolaja_0923_kicsi.jpg\" alt=\"Sz\u00fcl\u0151kiskol\u00e1ja 0923 kicsi\" width=\"238\" height=\"308\" srcset=\"https:\/\/mezosuli.hu\/wp-content\/uploads\/2018\/11\/Szulokiskolaja_0923_kicsi.jpg 238w, https:\/\/mezosuli.hu\/wp-content\/uploads\/2018\/11\/Szulokiskolaja_0923_kicsi-232x300.jpg 232w\" sizes=\"auto, (max-width: 238px) 100vw, 238px\" \/><\/span><\/p>\n<p class=\"x_x_MsoNormal\" style=\"text-align: justify;\"><strong>Kedves Sz\u00fcl\u0151k!&nbsp;<\/strong><\/p>\n<p class=\"x_x_MsoNormal\" style=\"text-align: justify;\">Id\u00e9n is v\u00e1rjuk \u00d6n\u00f6ket a Sz\u00fcl\u0151k iskol\u00e1j\u00e1n! Mivel a k\u00f6r\u00fclm\u00e9nyek nem teszik lehet\u0151v\u00e9 a szem\u00e9lyes tal\u00e1lkoz\u00e1st, \u00fagy d\u00f6nt\u00f6tt\u00fcnk, hogy online folytatjuk.&nbsp;<\/p>\n<p class=\"x_x_MsoNormal\" style=\"text-align: justify;\">Els\u0151 alkalommal<\/p>\n<p class=\"x_x_MsoNormal\" style=\"text-align: center;\"><span style=\"font-size: 18pt;\">2020. szeptember 23-\u00e1n 17.00 \u00f3r\u00e1t\u00f3l<\/span><\/p>\n<p class=\"x_x_MsoNormal\" style=\"text-align: justify;\">v\u00e1rjuk els\u0151seink sz\u00fcleit az <i>Iskol\u00e1s lettem<\/i> c. el\u0151ad\u00e1ssal. Ut\u00e1na megismerkedhetnek fejleszt\u0151pedag\u00f3gusainkkal \u00e9s iskolapszichol\u00f3gusunkkal, akiknek k\u00e9rd\u00e9seiket is feltehetik. &nbsp;<\/p>\n<p class=\"x_x_MsoNormal\" style=\"text-align: justify;\">Az el\u0151ad\u00e1st Zoom-on kereszt\u00fcl tartjuk. (A programot innen t\u00f6lthetik le: <a id=\"LPlnk242154\" href=\"https:\/\/zoom.us\/support\/download\" target=\"_blank\" rel=\"noopener noreferrer\" data-auth=\"NotApplicable\">https:\/\/zoom.us\/support\/download<\/a>.) &nbsp;A r\u00e9szv\u00e9telhez sz\u00fcks\u00e9ges linket emailben fogj\u00e1k megkapni. &nbsp;<\/p>\n<p class=\"x_x_MsoNormal\" style=\"text-align: justify;\">Szeretettel v\u00e1runk minden \u00e9rdekl\u0151d\u0151 sz\u00fcl\u0151t!<\/p>\n<p style=\"text-align: left;\"><span style=\"font-size: 20pt; font-variant: small-caps; letter-spacing: 1px; color: maroon;\"><\/p>\n<p><\/span><\/p>\n<\/section>\n<section><\/section>\n<section style=\"font-size: 16px;\">\n<p style=\"text-align: right;\"><em>Orosz Adrienn<\/em><\/p>\n<p style=\"text-align: right;\"><em>iskolapszichol\u00f3gus<\/em><\/p>\n<p style=\"text-align: right;\"><em>Budapest, 2020.szeptember 18.<\/em><\/p>\n<div align=\"center\">&nbsp;<\/div>\n<\/section>\n<\/section>\n<\/div>\n<hr \/>\n<div align=\"center\">\n<section style=\"font-size: 16px; font-family: 'Raleway', sans-serif;\">\n<p style=\"text-align: left;\"><span style=\"font-size: 20pt; font-variant-caps: small-caps;\"><span style=\"color: #800080;\">Sz\u00fcl\u0151k iskol\u00e1ja 5<\/span>.<\/span><\/p>\n<p>&nbsp;<\/p>\n<p><span style=\"font-size: 24pt; color: #000000;\">A szer, ami megv\u00e1ltoztat<\/span><\/p>\n<p><span style=\"font-size: 14pt;\">2019. november 20. 17.00 \u00f3ra<\/span><\/p>\n<p>(<a href=\"index.php?option=com_content&amp;view=article&amp;id=433;brfk-prevencio-2&amp;catid=11;hirek\">Az el\u0151ad\u00e1s anyaga<\/a>)<\/p>\n<p style=\"text-align: left;\"><span style=\"color: #800080;\"><span style=\"font-size: 18pt;\"><a style=\"color: #800080;\" href=\"https:\/\/uj.mezosuli.hu\/wp-content\/uploads\/2018\/11\/Az-iskolaerettsegrol.pdf\" target=\"_blank\">Az iskola\u00e9retts\u00e9gr\u0151l<\/a><\/span><span style=\"font-size: 20pt; font-variant-caps: small-caps;\"><\/span><\/span><\/p>\n<p>&nbsp;<\/p>\n<p style=\"text-align: left;\"><span style=\"font-size: 20pt; font-variant-caps: small-caps;\"><span style=\"color: #800080;\">Sz\u00fcl\u0151k iskol\u00e1ja 4<\/span>.<\/span><\/p>\n<h1>Iskol\u00e1s lettem!<\/h1>\n<h1>Id\u0151pont: 2019. szeptember 25. (szerda)&nbsp;&nbsp;17.00 \u00f3ra<\/h1>\n<p>(<span style=\"color: #800080;\"><a style=\"color: #800080;\" href=\"https:\/\/uj.mezosuli.hu\/wp-content\/uploads\/2018\/11\/Iskolas-lettem-1.pdf\" target=\"_blank\">Az el\u0151ad\u00e1sr\u00f3l k\u00e9sz\u00fclt cikk<\/a><\/span>)<\/p>\n<p>&nbsp;<\/p>\n<p>&nbsp;<\/p>\n<p style=\"text-align: left;\"><span style=\"font-size: 20pt; font-variant-caps: small-caps;\"><span style=\"color: #800080;\">Sz\u00fcl\u0151k iskol\u00e1ja 3<\/span>.<\/span><span style=\"color: maroon; font-size: 20pt; font-variant-caps: small-caps; letter-spacing: 1px; font-family: 'Open Sans', sans-serif;\"><\/span><\/p>\n<p>&nbsp;<\/p>\n<p style=\"text-align: left;\"><strong>Kedves Sz\u00fcl\u0151k!&nbsp;&nbsp;&nbsp;&nbsp;&nbsp;&nbsp;&nbsp;&nbsp;&nbsp;&nbsp;&nbsp;&nbsp;&nbsp;&nbsp;&nbsp;&nbsp;&nbsp;&nbsp;&nbsp;&nbsp;&nbsp;&nbsp;&nbsp;&nbsp;&nbsp;&nbsp;&nbsp;&nbsp;&nbsp;&nbsp;&nbsp;&nbsp;&nbsp;&nbsp;&nbsp;&nbsp;&nbsp;&nbsp;&nbsp;&nbsp; <img loading=\"lazy\" decoding=\"async\" class=\" size-full wp-image-463\" src=\"https:\/\/uj.mezosuli.hu\/wp-content\/uploads\/2018\/11\/SzI_b.png\" alt=\"SzI b\" width=\"120\" height=\"127\" \/><br \/><\/strong><\/p>\n<p style=\"text-align: left;\">\u00d6r\u00f6mmel h\u00edvjuk \u00d6n\u00f6ket a Sz\u00fcl\u0151k iskol\u00e1ja k\u00f6vetkez\u0151 alkalm\u00e1ra, melynek t\u00e9m\u00e1ja<\/p>\n<p style=\"text-align: left;\"><strong>&nbsp;&nbsp;&nbsp;&nbsp;&nbsp;&nbsp;&nbsp;&nbsp;&nbsp;&nbsp;&nbsp;&nbsp;&nbsp;&nbsp;&nbsp;&nbsp;&nbsp;&nbsp;&nbsp;&nbsp;&nbsp;&nbsp;&nbsp;&nbsp;&nbsp;&nbsp;&nbsp;<span style=\"color: #339966;\">&nbsp;&nbsp; B\u00e9k\u00e9s Iskol\u00e1k Program a Mez\u0151ben<\/span><\/strong><\/p>\n<p style=\"text-align: left;\">Hogyan m\u0171k\u00f6dik az agresszi\u00f3kezel\u00e9s \u00e9s iskolai konfliktusmegold\u00e1s a B\u00e9k\u00e9s szeml\u00e9letben?<\/p>\n<p style=\"text-align: left;\">El\u0151ad\u00f3: Adler Kata, prevenci\u00f3s koordin\u00e1tor, B\u00e9k\u00e9s Iskol\u00e1k Program<\/p>\n<p style=\"text-align: left;\">Id\u0151pont: 2019. m\u00e1rcius 27. (szerda) 17.00 \u00f3ra&nbsp;&nbsp;&nbsp;&nbsp;&nbsp;&nbsp;&nbsp;&nbsp;<\/p>\n<p style=\"text-align: left;\">Helysz\u00edn: Dr. Mez\u0151 Ferenc \u00c1ltal\u00e1nos Iskola eb\u00e9dl\u0151je<\/p>\n<p style=\"text-align: left;\"><em>Szeretettel v\u00e1runk minden \u00e9rdekl\u0151d\u0151 sz\u00fcl\u0151t!<\/em><\/p>\n<p><img loading=\"lazy\" decoding=\"async\" class=\" size-full wp-image-464\" src=\"https:\/\/uj.mezosuli.hu\/wp-content\/uploads\/2018\/11\/SzI_a.png\" alt=\"SzI a\" width=\"719\" height=\"174\" srcset=\"https:\/\/mezosuli.hu\/wp-content\/uploads\/2018\/11\/SzI_a.png 719w, https:\/\/mezosuli.hu\/wp-content\/uploads\/2018\/11\/SzI_a-300x73.png 300w\" sizes=\"auto, (max-width: 719px) 100vw, 719px\" \/><\/p>\n<p>&nbsp;<\/p>\n<p style=\"font-size: 16px; text-align: justify;\"><span style=\"color: maroon; font-size: 20pt; font-variant-caps: small-caps; letter-spacing: 1px; font-family: 'Open Sans', sans-serif;\"><a href=\"https:\/\/uj.mezosuli.hu\/wp-content\/uploads\/2018\/11\/szulokiskolaja2.pdf\" target=\"_blank\">Sz\u00fcl\u0151k iskol\u00e1ja 2.<\/a><br style=\"font-size: 16px; font-family: 'Raleway', sans-serif;\" \/><\/span><\/p>\n<p><img loading=\"lazy\" decoding=\"async\" class=\" size-full wp-image-466\" src=\"https:\/\/uj.mezosuli.hu\/wp-content\/uploads\/2018\/11\/iskola.png\" alt=\"iskola\" width=\"274\" height=\"184\" \/><\/p>\n<p>2019.janu\u00e1r 16.<\/p>\n<p>&nbsp;<\/p>\n<p>&nbsp;<\/p>\n<p>&nbsp;<\/p>\n<p><span><\/span><\/p>\n<p style=\"float: left;\">.<\/p>\n<\/section>\n<\/div>\n","protected":false},"excerpt":{"rendered":"<p>Sz\u00fcl\u0151k iskol\u00e1ja &nbsp; Stresszkezel\u00e9s kezd\u0151knek &nbsp; Orosz Adrienn iskolapszichol\u00f3gus Budapest, 2023.m\u00e1rcius 29. &nbsp; Sz\u00fcl\u0151k iskol\u00e1ja &nbsp; Budapest, 2022.okt\u00f3ber 12. &nbsp; Sz\u00fcl\u0151k iskol\u00e1ja &nbsp; Budapest, 2021.szeptember 22. Sz\u00fcl\u0151k iskol\u00e1ja &nbsp; &nbsp;Az&hellip;<\/p>\n","protected":false},"author":1,"featured_media":456,"comment_status":"closed","ping_status":"open","sticky":false,"template":"","format":"standard","meta":{"_jetpack_memberships_contains_paid_content":false,"footnotes":""},"categories":[40],"tags":[],"class_list":["post-467","post","type-post","status-publish","format-standard","has-post-thumbnail","hentry","category-2018-hirarchivum"],"jetpack_featured_media_url":"https:\/\/mezosuli.hu\/wp-content\/uploads\/2018\/11\/Szulok_iskolaja_-_Kommunikacio.jpg","jetpack_sharing_enabled":true,"_links":{"self":[{"href":"https:\/\/mezosuli.hu\/index.php?rest_route=\/wp\/v2\/posts\/467","targetHints":{"allow":["GET"]}}],"collection":[{"href":"https:\/\/mezosuli.hu\/index.php?rest_route=\/wp\/v2\/posts"}],"about":[{"href":"https:\/\/mezosuli.hu\/index.php?rest_route=\/wp\/v2\/types\/post"}],"author":[{"embeddable":true,"href":"https:\/\/mezosuli.hu\/index.php?rest_route=\/wp\/v2\/users\/1"}],"replies":[{"embeddable":true,"href":"https:\/\/mezosuli.hu\/index.php?rest_route=%2Fwp%2Fv2%2Fcomments&post=467"}],"version-history":[{"count":1,"href":"https:\/\/mezosuli.hu\/index.php?rest_route=\/wp\/v2\/posts\/467\/revisions"}],"predecessor-version":[{"id":2408,"href":"https:\/\/mezosuli.hu\/index.php?rest_route=\/wp\/v2\/posts\/467\/revisions\/2408"}],"wp:featuredmedia":[{"embeddable":true,"href":"https:\/\/mezosuli.hu\/index.php?rest_route=\/wp\/v2\/media\/456"}],"wp:attachment":[{"href":"https:\/\/mezosuli.hu\/index.php?rest_route=%2Fwp%2Fv2%2Fmedia&parent=467"}],"wp:term":[{"taxonomy":"category","embeddable":true,"href":"https:\/\/mezosuli.hu\/index.php?rest_route=%2Fwp%2Fv2%2Fcategories&post=467"},{"taxonomy":"post_tag","embeddable":true,"href":"https:\/\/mezosuli.hu\/index.php?rest_route=%2Fwp%2Fv2%2Ftags&post=467"}],"curies":[{"name":"wp","href":"https:\/\/api.w.org\/{rel}","templated":true}]}}