{"id":470,"date":"2026-03-11T08:27:30","date_gmt":"2026-03-11T07:27:30","guid":{"rendered":"https:\/\/uj.mezosuli.hu\/?p=470"},"modified":"2026-03-20T10:56:35","modified_gmt":"2026-03-20T09:56:35","slug":"nyilt-nap-2018-11-21","status":"publish","type":"post","link":"https:\/\/mezosuli.hu\/?p=470","title":{"rendered":"Ny\u00edlt nap 2018.11.21."},"content":{"rendered":"<div class=\"txF_raleway tx16t\" style=\"padding-bottom: 20px;\">\n<p class=\"tx_headline txc_orange\">Jelentkez\u00e9s Ny\u00edlt Napra<\/p>\n<hr \/>\n<p style=\"text-align: justify; line-height: 24px; margin-right: 10px;\"><span style=\"font-size: 14pt;\"><img loading=\"lazy\" decoding=\"async\" class=\" alignleft size-full wp-image-342\" style=\"margin: 0px 40px 30px 5px; vertical-align: top; display: inline-block; float: left;\" src=\"https:\/\/uj.mezosuli.hu\/wp-content\/uploads\/2018\/03\/jelentkezes_128px.png\" alt=\"\" width=\"128\" height=\"128\" \/><\/span><\/p>\n<p style=\"padding-top: 0px;\">2018. november 12-t\u0151l lehet jelentkezni a <strong>2018. november 21<\/strong>-\u00e9n megtart\u00e1sra ker\u00fcl\u0151 Ny\u00edlt Napunkra az ide vonatkoz\u00f3 men\u00fcpontban.<br \/>\nK\u00e9rj\u00fck, sz\u00edveskedjenek figyelembe venni, hogy az egyes tan\u00f3r\u00e1kon a f\u00e9r\u0151helyek sz\u00e1ma korl\u00e1tozott \u00e9s a jelentkez\u00e9s sorrendje lesz a m\u00e9rvad\u00f3!<\/p>\n<p>Jelentkez\u00e9si hat\u00e1rid\u0151: <strong>2018. november 19.<\/strong><\/p>\n<p><span style=\"text-align: justify;\">Szeretettel v\u00e1runk minden \u00e9rdekl\u0151d\u0151 sz\u00fcl\u0151t.<\/span><\/p>\n<div class=\"txF_raleway tx14x\" style=\"text-align: center; line-height: 20px; margin-top: 10px;\">\n<p style=\"float: right;\">iskolavezet\u00e9s<br \/>\nBudapest, 2018. november 9.<\/p>\n<\/div>\n<\/div>\n","protected":false},"excerpt":{"rendered":"<p>Jelentkez\u00e9s Ny\u00edlt Napra 2018. november 12-t\u0151l lehet jelentkezni a 2018. november 21-\u00e9n megtart\u00e1sra ker\u00fcl\u0151 Ny\u00edlt Napunkra az ide vonatkoz\u00f3 men\u00fcpontban. K\u00e9rj\u00fck, sz\u00edveskedjenek figyelembe venni, hogy az egyes tan\u00f3r\u00e1kon a f\u00e9r\u0151helyek&hellip;<\/p>\n","protected":false},"author":1,"featured_media":0,"comment_status":"closed","ping_status":"open","sticky":false,"template":"","format":"standard","meta":{"_jetpack_memberships_contains_paid_content":false,"footnotes":""},"categories":[40],"tags":[],"class_list":["post-470","post","type-post","status-publish","format-standard","hentry","category-2018-hirarchivum"],"jetpack_featured_media_url":"","jetpack_sharing_enabled":true,"_links":{"self":[{"href":"https:\/\/mezosuli.hu\/index.php?rest_route=\/wp\/v2\/posts\/470","targetHints":{"allow":["GET"]}}],"collection":[{"href":"https:\/\/mezosuli.hu\/index.php?rest_route=\/wp\/v2\/posts"}],"about":[{"href":"https:\/\/mezosuli.hu\/index.php?rest_route=\/wp\/v2\/types\/post"}],"author":[{"embeddable":true,"href":"https:\/\/mezosuli.hu\/index.php?rest_route=\/wp\/v2\/users\/1"}],"replies":[{"embeddable":true,"href":"https:\/\/mezosuli.hu\/index.php?rest_route=%2Fwp%2Fv2%2Fcomments&post=470"}],"version-history":[{"count":2,"href":"https:\/\/mezosuli.hu\/index.php?rest_route=\/wp\/v2\/posts\/470\/revisions"}],"predecessor-version":[{"id":3064,"href":"https:\/\/mezosuli.hu\/index.php?rest_route=\/wp\/v2\/posts\/470\/revisions\/3064"}],"wp:attachment":[{"href":"https:\/\/mezosuli.hu\/index.php?rest_route=%2Fwp%2Fv2%2Fmedia&parent=470"}],"wp:term":[{"taxonomy":"category","embeddable":true,"href":"https:\/\/mezosuli.hu\/index.php?rest_route=%2Fwp%2Fv2%2Fcategories&post=470"},{"taxonomy":"post_tag","embeddable":true,"href":"https:\/\/mezosuli.hu\/index.php?rest_route=%2Fwp%2Fv2%2Ftags&post=470"}],"curies":[{"name":"wp","href":"https:\/\/api.w.org\/{rel}","templated":true}]}}