{"id":477,"date":"2018-11-16T12:36:11","date_gmt":"2018-11-16T11:36:11","guid":{"rendered":"https:\/\/uj.mezosuli.hu\/?p=477"},"modified":"2026-03-20T13:58:16","modified_gmt":"2026-03-20T12:58:16","slug":"2018-10-01-05-kirandulasok-szekelyfoldon","status":"publish","type":"post","link":"https:\/\/mezosuli.hu\/?p=477","title":{"rendered":"2018.10.01-05. &#8211; Kir\u00e1ndul\u00e1sok Sz\u00e9kelyf\u00f6ld\u00f6n"},"content":{"rendered":"<div class=\"txF_raleway tx16t\">\n<p class=\"tx_headline txc_blue mb_20x\">Besz\u00e1mol\u00f3<\/p>\n<p><strong>T\u00e9ma:<\/strong> Kir\u00e1ndul\u00e1sok Sz\u00e9kelyf\u00f6ld\u00f6n<br \/>\n<strong>Az utaz\u00e1s id\u0151pontja:<\/strong> 2018. okt\u00f3ber 01-05.<br \/>\n<strong>Az utaz\u00e1s id\u0151tartama:<\/strong> 5 nap<br \/>\n<strong>A kir\u00e1ndul\u00e1s c\u00e9lja:<\/strong> A Sz\u00e9kelyf\u00f6ldi kir\u00e1ndul\u00e1s c\u00e9lja, hogy elmes\u00e9lje a\u00a0 sz\u00e9kelys\u00e9g t\u00f6rt\u00e9net\u00e9t szok\u00e1saik, n\u00e9pm\u0171v\u00e9szet\u00fck, nagyjaik, s nem utols\u00f3 sorban lak\u00f3hely\u00fck bemutat\u00e1s\u00e1val. Tanul\u00f3inkkal r\u00e9szesei lesz\u00fcnk egy id\u0151utaz\u00e1snak, melyben a &#8222;legend\u00e1k&#8221; vezetnek minket..<\/p>\n<p><img loading=\"lazy\" decoding=\"async\" class=\" size-full wp-image-473\" src=\"https:\/\/uj.mezosuli.hu\/wp-content\/uploads\/2018\/11\/1.jpg\" alt=\"1\" width=\"1063\" height=\"796\" srcset=\"https:\/\/mezosuli.hu\/wp-content\/uploads\/2018\/11\/1.jpg 1386w, https:\/\/mezosuli.hu\/wp-content\/uploads\/2018\/11\/1-300x225.jpg 300w, https:\/\/mezosuli.hu\/wp-content\/uploads\/2018\/11\/1-1024x768.jpg 1024w, https:\/\/mezosuli.hu\/wp-content\/uploads\/2018\/11\/1-768x576.jpg 768w\" sizes=\"auto, (max-width: 1063px) 100vw, 1063px\" \/><\/p>\n<p>&nbsp;<\/p>\n<p class=\"tx_headline txc_blue mb_20x\">1. nap &#8211; okt\u00f3ber 01. h\u00e9tf\u0151<\/p>\n<p>2018. okt\u00f3ber 1-j\u00e9n, reggel 5 \u00f3rakor indultunk az iskol\u00e1t\u00f3l 80 tanul\u00f3val \u00e9s 8 tan\u00e1rral. K\u00e9t busszal utaztunk. Az egyikben a 7. a. \u00e9s 7.d. oszt\u00e1ly tanul\u00f3i voltak B\u00e9res Ildik\u00f3, Nedob\u00e1n\u00e9 Fendrik \u00c9va, Ottucs\u00e1k Melinda \u00e9s Sallai L\u00e1szl\u00f3 k\u00eds\u00e9ret\u00e9ben. A m\u00e1sik buszban a 7. b. \u00e9s 7.c. oszt\u00e1ly tanul\u00f3i \u00fcltek Filipovics Tam\u00e1sn\u00e9, Czi\u00e1ky P\u00e9ter, Varg\u00e1n\u00e9 G\u00e1sp\u00e1r Val\u00e9ria \u00e9s Tak\u00e1cs M\u00e1ria \u00c1gnes pedag\u00f3gusokkal. A hat\u00e1ron der\u00fclt ki, hogy Giumars Om\u00e9d 7. b. oszt\u00e1lyos tanul\u00f3 olyan igazolv\u00e1nnyal \u00e9rkezett, amit a schengeni \u00f6vezetben nem fogadnak el, \u00edgy lesz\u00e1ll\u00edtott\u00e1k a buszr\u00f3l. Czi\u00e1ky P\u00e9ter tan\u00e1r \u00farral a magyar hat\u00e1ron kellett megv\u00e1rnia \u00e9desapj\u00e1t, aki visszavitte Budapestre. Koll\u00e9g\u00e1nk vonattal utazva m\u00e1snap reggel \u00e9rte utol a csoportot.<\/p>\n<p>Az els\u0151 meg\u00e1ll\u00f3 Nagyv\u00e1radon volt, ahol megtekintett\u00fck Szent L\u00e1szl\u00f3 herm\u00e1j\u00e1t \u00e9s az \u00e1ltala alap\u00edtott sz\u00e9kesegyh\u00e1zat. Ott egy di\u00e1k elmondta az alap\u00edt\u00e1s legend\u00e1j\u00e1t.<\/p>\n<p>Nagyv\u00e1rad \u00e9s Kolozsv\u00e1r k\u00f6z\u00f6tt meg\u00e1lltunk a Kir\u00e1ly-h\u00e1g\u00f3n, \u00e9s ragyog\u00f3 naps\u00fct\u00e9sben n\u00e9zt\u00fcnk k\u00f6r\u00fcl a tet\u0151r\u0151l.<\/p>\n<p>Kolozsv\u00e1ron megkoszor\u00faztuk M\u00e1ty\u00e1s kir\u00e1ly szobr\u00e1t, \u00e9s megtekintett\u00fck a sz\u00fcl\u0151h\u00e1z\u00e1t. Hallgattunk M\u00e1ty\u00e1sr\u00f3l sz\u00f3l\u00f3 legend\u00e1kat, valamint megeml\u00e9kezt\u00fcnk Sz\u00e9kely Bertalanr\u00f3l, aki itt sz\u00fcletett. Ap\u00e1czai Csere J\u00e1nosr\u00f3l megtudtuk, hogy Kolozsv\u00e1ron hunyt el.<\/p>\n<p>A v\u00e1rosn\u00e9z\u00e9s ut\u00e1n indultunk Gyergy\u00f3szentmikl\u00f3sra. Este f\u00e9l t\u00edzkor \u00e9rkezt\u00fcnk meg. A sz\u00e1ll\u00e1s elfoglal\u00e1sa ut\u00e1n megvacsor\u00e1ztunk, \u00e9s m\u00e9ly \u00e1lomba mer\u00fclt\u00fcnk.<\/p>\n<p>&nbsp;<\/p>\n<p class=\"tx_headline txc_blue mb_20x\">2. nap &#8211; okt\u00f3ber 02. kedd<\/p>\n<p>M\u00e1sodik nap a b\u0151s\u00e9ges reggeli ut\u00e1n megl\u00e1togattuk a gyergy\u00f3szentmikl\u00f3si \u00f6rm\u00e9ny templomot, ahol a pap r\u00e9szletesen mes\u00e9lt a templom \u00e9p\u00edt\u00e9s\u00e9r\u0151l \u00e9s az \u00f6rm\u00e9nyekr\u0151l. Majd \u00e1ts\u00e9t\u00e1ltunk a Tariszny\u00e1s M\u00e1rton M\u00fazeumba. A m\u00fazeum igazgat\u00f3ja \u00e9s k\u00e9t koll\u00e9g\u00e1ja t\u00e1rlatvezet\u00e9st tartott a n\u00e9pviseletekr\u0151l \u00e9s a sz\u00e9kelyekr\u0151l. Bemutattak egy olyan \u00e1sv\u00e1nyki\u00e1ll\u00edt\u00e1st is, ahol a k\u00f6rny\u00e9kbeli \u00e1sv\u00e1nyokat lehetett megn\u00e9zni.<\/p>\n<p>Tov\u00e1bb utaztunk a Gyilkos-t\u00f3hoz. Itt a gyerekek v\u00e1s\u00e1rl\u00e1sra kaptak szabadid\u0151t. Idegenvezet\u0151nk mes\u00e9lt a t\u00f3 kialakul\u00e1s\u00e1t \u00f6vez\u0151 legend\u00e1kr\u00f3l.<\/p>\n<p>A k\u00f6vetkez\u0151 meg\u00e1ll\u00f3 a B\u00e9k\u00e1s-szoros volt. Hatalmas \u00e9lm\u00e9nyt jelentett sz\u00e1munkra, hogy gyalogosan ereszkedt\u00fcnk le a v\u00f6lgybe. K\u00f6zben t\u00f6bb k\u00fcl\u00f6nleges n\u00f6v\u00e9ny \u00e9s \u00e1llat t\u00f6rt\u00e9net\u00e9t hallgattuk meg.<\/p>\n<p>A gyergy\u00f3sz\u00e1rhegyi gyermekotthonban tal\u00e1lkoztunk az ott nevelked\u0151 gyerekekkel \u00e9s nevel\u0151ikkel. \u00c1tadtuk nekik a tanul\u00f3ink \u00e1ltal \u00f6sszegy\u0171jt\u00f6tt aj\u00e1nd\u00e9kokat. Nagyon \u00f6r\u00fcltek a f\u00fczeteknek, k\u00f6nyveknek, ceruz\u00e1knak \u00e9s csokol\u00e1d\u00e9knak. Az otthont\u00f3l tov\u00e1bb s\u00e9t\u00e1lva eljutottunk egy k\u00fathoz, ahol forr\u00e1svizet k\u00f3stolhattak a gyerekek. A t\u00fara v\u00e9g\u00e9n \u00e9rt\u00fcnk el a L\u00e1z\u00e1r-kast\u00e9lyhoz, ami sajnos \u00e9vek \u00f3ta nem l\u00e1togathat\u00f3. A mai napunk egy kicsit r\u00f6videbb volt, hat \u00f3ra k\u00f6r\u00fcl \u00e9rt\u00fcnk vissza a panzi\u00f3kba. A gyerekek nagyon elf\u00e1radtak, de mindenki nagyon \u00e9lvezte az eg\u00e9sz napos programot. Vacsora ut\u00e1n hamar elcsendesedtek \u00e9s elaludtak.<\/p>\n<p>&nbsp;<\/p>\n<p class=\"tx_headline txc_blue mb_20x\">3. nap &#8211; okt\u00f3ber 03. szerda<\/p>\n<p>A harmadik napon el\u0151sz\u00f6r Cs\u00edkszered\u00e1ra utaztunk. Megn\u00e9zt\u00fck a Makovecz Imre \u00e1ltal tervezett Millenniumi templomot, \u00e9s megismerkedt\u00fcnk a t\u00f6rt\u00e9net\u00e9vel. Felid\u00e9zt\u00fck a magyars\u00e1g m\u00faltj\u00e1t is.<\/p>\n<p>Majd a Mohos-t\u0151zegl\u00e1p k\u00f6vetkezett. Tr\u00e9f\u00e1s vezet\u0151nk leny\u0171g\u00f6z\u0151 \u00e9lm\u00e9nybesz\u00e1mol\u00f3t tartva vezette v\u00e9gig csapatunkat a l\u00e1pos ter\u00fcleten.<\/p>\n<p>A Szent-Anna t\u00f3n\u00e1l \u00e9rdekes legend\u00e1kat hallottunk a t\u00f3 keletkez\u00e9s\u00e9r\u0151l. A tavat k\u00f6rbe s\u00e9t\u00e1lva gy\u00f6ny\u00f6r\u0171 t\u00e1jon haladtunk kereszt\u00fcl. K\u00fcl\u00f6nleges n\u00f6v\u00e9nyeket, gomb\u00e1kat l\u00e1ttunk. K\u00f6zben felfedezt\u00fck egy medve talpnyom\u00e1t a s\u00e1ros talajon.<\/p>\n<p>Tov\u00e1bb utazva meg\u00e9rkezt\u00fcnk Cs\u00edksomly\u00f3ra, ahol megm\u00e1sztuk a meredek K\u00e1lv\u00e1ria-dombot. A t\u00fals\u00f3 oldalon leereszkedve \u00e9rt\u00fcnk a cs\u00edksomly\u00f3i nyeregbe. A szabadt\u00e9ri sz\u00ednpadr\u00f3l csod\u00e1lhatt\u00e1k meg a t\u00e1jat a gyerekek. A forr\u00e1sn\u00e1l k\u00fcl\u00f6nleges borvizet k\u00f3stoltunk.<\/p>\n<p>Utunk innen a kegytemplomba vezetett. Magasztos \u00e9lm\u00e9ny volt megl\u00e1tni a csodat\u00e9v\u0151 Sz\u0171z M\u00e1ria szobr\u00e1t.<\/p>\n<p>Ez a napunk is \u00e9lm\u00e9nyekben gazdagon fejez\u0151d\u00f6tt be.<\/p>\n<div class=\"txF_raleway tx16t\">\n<p><img loading=\"lazy\" decoding=\"async\" class=\" alignleft size-full wp-image-474\" style=\"float: left;\" src=\"https:\/\/uj.mezosuli.hu\/wp-content\/uploads\/2018\/11\/2.jpg\" alt=\"2\" width=\"366\" height=\"490\" \/> .. <img loading=\"lazy\" decoding=\"async\" class=\" alignright size-full wp-image-475\" style=\"float: right;\" src=\"https:\/\/uj.mezosuli.hu\/wp-content\/uploads\/2018\/11\/3.jpg\" alt=\"3\" width=\"369\" height=\"490\" \/><\/p>\n<p>&nbsp;<\/p>\n<p>&nbsp;<\/p>\n<p>&nbsp;<\/p>\n<p><img loading=\"lazy\" decoding=\"async\" class=\" size-full wp-image-476\" src=\"https:\/\/uj.mezosuli.hu\/wp-content\/uploads\/2018\/11\/4.jpg\" alt=\"4\" width=\"871\" height=\"1161\" srcset=\"https:\/\/mezosuli.hu\/wp-content\/uploads\/2018\/11\/4.jpg 871w, https:\/\/mezosuli.hu\/wp-content\/uploads\/2018\/11\/4-225x300.jpg 225w, https:\/\/mezosuli.hu\/wp-content\/uploads\/2018\/11\/4-768x1024.jpg 768w\" sizes=\"auto, (max-width: 871px) 100vw, 871px\" \/><\/p>\n<p>&nbsp;<\/p>\n<p class=\"tx_headline txc_blue mb_20x\">4. nap &#8211; okt\u00f3ber 04. cs\u00fct\u00f6rt\u00f6k<\/p>\n<p>A negyedik napon Szov\u00e1t\u00e1ra utaztunk, ahol k\u00f6rbe s\u00e9t\u00e1ltuk a Medve-tavat, \u00e9s megn\u00e9zt\u00fck a S\u00f3-vid\u00e9k nevezetess\u00e9geit. Parajdon megl\u00e1togattuk a s\u00f3b\u00e1ny\u00e1t, a templomot, a m\u00fazeumot \u00e9s a j\u00e1tsz\u00f3teret. Tanul\u00f3i kisel\u0151ad\u00e1st hallgattuk a s\u00f3b\u00e1nya gy\u00f3gyhat\u00e1sair\u00f3l. Itt hosszabb id\u0151t t\u00f6lt\u00f6tt\u00fcnk el. K\u00f6zben az eb\u00e9d\u00fcnket is elfogyasztottuk.<\/p>\n<p>K\u00f6vetkez\u0151 \u00e1llom\u00e1sunkon, Korondon v\u00e1s\u00e1rolhattak a gyerekek aj\u00e1nd\u00e9kokat a kirakod\u00f3v\u00e1s\u00e1rban.<\/p>\n<p>Tam\u00e1si \u00c1ron eml\u00e9km\u0171v\u00e9t megkoszor\u00faztuk Farkaslak\u00e1n.<\/p>\n<p>Szejkef\u00fcrd\u0151n a legnagyobb sz\u00e9kely, Orb\u00e1n Bal\u00e1zs s\u00edreml\u00e9k\u00e9n\u00e9l eml\u00e9kezt\u00fcnk az erd\u00e9lyi magyars\u00e1gra. Sz\u00e9kely kapukban gy\u00f6ny\u00f6rk\u00f6dt\u00fcnk, koszor\u00faz\u00e1ssal b\u00facs\u00faztunk. Megk\u00f3stoltuk a k\u00e9nes, petr\u00f3leumos gy\u00f3gyvizet is.<\/p>\n<p>Sz\u00e9kelyudvarhelyen eljutottunk az Eml\u00e9kez\u00e9s parkba \u00e9s az \u00f3v\u00e1rosi \u201eH\u0151s\u00f6k ter\u00e9re\u201d. H\u00edres magyarok szobrai k\u00f6z\u00f6tt j\u00e1rtunk. K\u00f6z\u00fcl\u00fck Bethlen G\u00e1bor szobr\u00e1t koszor\u00faztuk meg.<\/p>\n<p>Hazafel\u00e9 l\u00e1ttuk a Zetelaki v\u00edzt\u00e1roz\u00f3t. A hatalmas g\u00e1ton ment \u00e1t a buszunk.<\/p>\n<p>Lib\u00e1n-tet\u0151n egy andezitb\u00e1nya mellett haladtunk el. K\u00e9s\u0151 este \u00e9rt\u00fcnk a sz\u00e1ll\u00e1sra. Vacsora ut\u00e1n \u00f6sszepakoltunk, mert m\u00e1snap m\u00e1r utaztunk haza.<\/p>\n<p>&nbsp;<\/p>\n<p>&nbsp;<\/p>\n<p class=\"tx_headline txc_blue mb_20x\">5. nap &#8211; okt\u00f3ber 05. p\u00e9ntek<\/p>\n<p>Az utols\u00f3 reggel kor\u00e1n indultunk Marosv\u00e9csre, ahol a Kem\u00e9ny-kast\u00e9ly tulajdonosa, gr\u00f3f Kem\u00e9ny G\u00e9za fogadta \u00e9rdekl\u0151d\u0151 csapatunkat. El\u0151sz\u00f6r a hatalmas kertben s\u00e9t\u00e1ltunk, \u00e9s a t\u00f6bb sz\u00e1z \u00e9ves t\u00f6lgyf\u00e1k k\u00f6z\u00f6tt megkoszor\u00faztuk Wass Albert eml\u00e9km\u0171v\u00e9t. Ezt k\u00f6vet\u0151en a kast\u00e9lyban vezetett k\u00f6rbe a gr\u00f3f. \u00c9rdekes t\u00f6rt\u00e9neteket mes\u00e9lt az itt \u00e9l\u0151 \u0151seir\u0151l.<\/p>\n<p>Innen utunk Marosv\u00e1s\u00e1rhelyre vezetett. A Kult\u00farpalota \u00e9s a R\u00f3zs\u00e1k tere mindenkinek tetszett.<\/p>\n<p>A Kir\u00e1ly-h\u00e1g\u00f3n elb\u00facs\u00faztunk Erd\u00e9lyt\u0151l, \u00e9s este f\u00e9l t\u00edz k\u00f6r\u00fcl meg\u00e9rkezt\u00fcnk az iskol\u00e1hoz<\/p>\n<p>&nbsp;<\/p>\n<p class=\"tx_headline txc_blue mb_20x\">\u00d6sszegz\u00e9s:<\/p>\n<p>Mindannyiunk sz\u00e1m\u00e1ra csod\u00e1latos \u00e9lm\u00e9ny volt ez az ismeretszerz\u0151 kir\u00e1ndul\u00e1s.<\/p>\n<p>Az idegenvezet\u0151k, a buszvezet\u0151k \u00e9s a sz\u00e1ll\u00e1sad\u00f3k is hozz\u00e1j\u00e1rultak ahhoz, hogy felejthetetlen \u00e9lm\u00e9nyben legyen r\u00e9sz\u00fcnk. A j\u00f6v\u0151re utaz\u00f3knak aj\u00e1nljuk, hogy legyen EU-s TAJ k\u00e1rty\u00e1juk, mert sokkal k\u00f6nnyebb az orvosi ell\u00e1t\u00e1st ig\u00e9nybe venni.<\/p>\n<p style=\"text-align: right;\">Filipovics Tam\u00e1sn\u00e9<\/p>\n<p style=\"text-align: right;\">\u00a0\u00a0\u00a0\u00a0\u00a0\u00a0\u00a0\u00a0\u00a0\u00a0\u00a0\u00a0\u00a0\u00a0\u00a0\u00a0\u00a0\u00a0\u00a0\u00a0\u00a0\u00a0\u00a0\u00a0\u00a0\u00a0\u00a0\u00a0\u00a0\u00a0\u00a0\u00a0\u00a0\u00a0\u00a0\u00a0\u00a0\u00a0\u00a0\u00a0\u00a0\u00a0\u00a0\u00a0\u00a0\u00a0\u00a0\u00a0\u00a0\u00a0\u00a0\u00a0\u00a0\u00a0\u00a0\u00a0 \u00a0\u00a0\u00a0\u00a0\u00a0\u00a0\u00a0\u00a0\u00a0\u00a0\u00a0\u00a0\u00a0\u00a0\u00a0\u00a0\u00a0\u00a0\u00a0\u00a0\u00a0\u00a0\u00a0\u00a0\u00a0\u00a0\u00a0\u00a0\u00a0\u00a0\u00a0\u00a0\u00a0\u00a0\u00a0\u00a0\u00a0\u00a0\u00a0\u00a0\u00a0\u00a0\u00a0\u00a0\u00a0\u00a0\u00a0\u00a0\u00a0\u00a0\u00a0\u00a0\u00a0\u00a0\u00a0\u00a0\u00a0\u00a0\u00a0\u00a0projektvezet\u0151<\/p>\n<p style=\"text-align: right;\"><em>\u00a0<\/em><\/p>\n<\/div>\n<\/div>\n","protected":false},"excerpt":{"rendered":"<p>Besz\u00e1mol\u00f3 T\u00e9ma: Kir\u00e1ndul\u00e1sok Sz\u00e9kelyf\u00f6ld\u00f6n Az utaz\u00e1s id\u0151pontja: 2018. okt\u00f3ber 01-05. Az utaz\u00e1s id\u0151tartama: 5 nap A kir\u00e1ndul\u00e1s c\u00e9lja: A Sz\u00e9kelyf\u00f6ldi kir\u00e1ndul\u00e1s c\u00e9lja, hogy elmes\u00e9lje a\u00a0 sz\u00e9kelys\u00e9g t\u00f6rt\u00e9net\u00e9t szok\u00e1saik, n\u00e9pm\u0171v\u00e9szet\u00fck, nagyjaik,&hellip;<\/p>\n","protected":false},"author":1,"featured_media":0,"comment_status":"closed","ping_status":"open","sticky":false,"template":"","format":"standard","meta":{"_jetpack_memberships_contains_paid_content":false,"footnotes":""},"categories":[32],"tags":[],"class_list":["post-477","post","type-post","status-publish","format-standard","hentry","category-hatartalanul"],"jetpack_featured_media_url":"","jetpack_sharing_enabled":true,"_links":{"self":[{"href":"https:\/\/mezosuli.hu\/index.php?rest_route=\/wp\/v2\/posts\/477","targetHints":{"allow":["GET"]}}],"collection":[{"href":"https:\/\/mezosuli.hu\/index.php?rest_route=\/wp\/v2\/posts"}],"about":[{"href":"https:\/\/mezosuli.hu\/index.php?rest_route=\/wp\/v2\/types\/post"}],"author":[{"embeddable":true,"href":"https:\/\/mezosuli.hu\/index.php?rest_route=\/wp\/v2\/users\/1"}],"replies":[{"embeddable":true,"href":"https:\/\/mezosuli.hu\/index.php?rest_route=%2Fwp%2Fv2%2Fcomments&post=477"}],"version-history":[{"count":2,"href":"https:\/\/mezosuli.hu\/index.php?rest_route=\/wp\/v2\/posts\/477\/revisions"}],"predecessor-version":[{"id":3544,"href":"https:\/\/mezosuli.hu\/index.php?rest_route=\/wp\/v2\/posts\/477\/revisions\/3544"}],"wp:attachment":[{"href":"https:\/\/mezosuli.hu\/index.php?rest_route=%2Fwp%2Fv2%2Fmedia&parent=477"}],"wp:term":[{"taxonomy":"category","embeddable":true,"href":"https:\/\/mezosuli.hu\/index.php?rest_route=%2Fwp%2Fv2%2Fcategories&post=477"},{"taxonomy":"post_tag","embeddable":true,"href":"https:\/\/mezosuli.hu\/index.php?rest_route=%2Fwp%2Fv2%2Ftags&post=477"}],"curies":[{"name":"wp","href":"https:\/\/api.w.org\/{rel}","templated":true}]}}