{"id":481,"date":"2018-11-18T15:13:33","date_gmt":"2018-11-18T14:13:33","guid":{"rendered":"https:\/\/uj.mezosuli.hu\/?p=481"},"modified":"2026-03-17T10:53:37","modified_gmt":"2026-03-17T09:53:37","slug":"teli-szuneti-ugyelet","status":"publish","type":"post","link":"https:\/\/mezosuli.hu\/?p=481","title":{"rendered":"T\u00e9li sz\u00fcneti \u00fcgyelet"},"content":{"rendered":"<hr \/>\n<div align=\"center\">\n<section style=\"font-size: 16px; font-family: 'Raleway', sans-serif;\">\n<p style=\"font-size: 16px; text-align: justify;\"><span style=\"color: maroon; font-size: 20pt; font-variant-caps: small-caps; letter-spacing: 1px; font-family: 'Open Sans', sans-serif;\">\u00dcgyeleti napok a t\u00e9li sz\u00fcnetben<br \/><\/span><\/p>\n<p style=\"text-align: left;\"><span style=\"font-size: 18pt;\"><br \/><strong><span style=\"font-size: 14pt;\">Tisztelt Sz\u00fcl\u0151k!<\/span><\/strong><\/span><\/p>\n<p style=\"text-align: left;\">A K\u00f6z\u00e9p-Pesti Tanker\u00fcleti K\u00f6zpont a 2018\/2019. tan\u00e9v rendj\u00e9r\u0151l sz\u00f3l\u00f3 13\/2018. (VI.14.) EMMI rendelet 6.\u00a7 (6) bekezd\u00e9se alapj\u00e1n a <strong>t\u00e9li sz\u00fcnet<\/strong>ben megszervezend\u0151 <strong>\u00fcgyelet<\/strong> ell\u00e1t\u00e1s\u00e1ra a Budapest XIV. ker\u00fcleti&nbsp;<strong>Kaffka Margit \u00c1ltal\u00e1nos Iskol\u00e1t&nbsp;<\/strong>(1148 Budapest, Kaffka M. k\u00f6z 2-6.)<strong> jel\u00f6li ki.<\/strong>&nbsp;<\/p>\n<p style=\"text-align: left;\">Az \u00fcgyelet 7:00 -17:00 \u00f3ra k\u00f6z\u00f6tt tart.&nbsp;<\/p>\n<p style=\"text-align: left;\"><strong>\u00dcgyeleti napok<\/strong>:<\/p>\n<ul style=\"list-style-type: disc;\">\n<li style=\"text-align: left;\">2018. december 27. (cs\u00fct\u00f6rt\u00f6k)<\/li>\n<li style=\"text-align: left;\">2018. december 28. (p\u00e9ntek)<\/li>\n<li style=\"text-align: left;\">2019. janu\u00e1r 2. (szerda)<\/li>\n<\/ul>\n<div class=\"txF_raleway tx14x\" style=\"text-align: center; line-height: 20px;\">\n<p style=\"text-align: right;\">Iskolavezet\u00e9s&nbsp;<\/p>\n<p style=\"float: left;\">Budapest, 2018. novemberr 18.<\/p>\n<\/div>\n<\/section>\n<\/div>\n","protected":false},"excerpt":{"rendered":"<p>\u00dcgyeleti napok a t\u00e9li sz\u00fcnetben Tisztelt Sz\u00fcl\u0151k! A K\u00f6z\u00e9p-Pesti Tanker\u00fcleti K\u00f6zpont a 2018\/2019. tan\u00e9v rendj\u00e9r\u0151l sz\u00f3l\u00f3 13\/2018. (VI.14.) EMMI rendelet 6.\u00a7 (6) bekezd\u00e9se alapj\u00e1n a t\u00e9li sz\u00fcnetben megszervezend\u0151 \u00fcgyelet ell\u00e1t\u00e1s\u00e1ra&hellip;<\/p>\n","protected":false},"author":1,"featured_media":0,"comment_status":"closed","ping_status":"open","sticky":false,"template":"","format":"standard","meta":{"_jetpack_memberships_contains_paid_content":false,"footnotes":""},"categories":[40],"tags":[],"class_list":["post-481","post","type-post","status-publish","format-standard","hentry","category-2018-hirarchivum"],"jetpack_featured_media_url":"","jetpack_sharing_enabled":true,"_links":{"self":[{"href":"https:\/\/mezosuli.hu\/index.php?rest_route=\/wp\/v2\/posts\/481","targetHints":{"allow":["GET"]}}],"collection":[{"href":"https:\/\/mezosuli.hu\/index.php?rest_route=\/wp\/v2\/posts"}],"about":[{"href":"https:\/\/mezosuli.hu\/index.php?rest_route=\/wp\/v2\/types\/post"}],"author":[{"embeddable":true,"href":"https:\/\/mezosuli.hu\/index.php?rest_route=\/wp\/v2\/users\/1"}],"replies":[{"embeddable":true,"href":"https:\/\/mezosuli.hu\/index.php?rest_route=%2Fwp%2Fv2%2Fcomments&post=481"}],"version-history":[{"count":1,"href":"https:\/\/mezosuli.hu\/index.php?rest_route=\/wp\/v2\/posts\/481\/revisions"}],"predecessor-version":[{"id":2411,"href":"https:\/\/mezosuli.hu\/index.php?rest_route=\/wp\/v2\/posts\/481\/revisions\/2411"}],"wp:attachment":[{"href":"https:\/\/mezosuli.hu\/index.php?rest_route=%2Fwp%2Fv2%2Fmedia&parent=481"}],"wp:term":[{"taxonomy":"category","embeddable":true,"href":"https:\/\/mezosuli.hu\/index.php?rest_route=%2Fwp%2Fv2%2Fcategories&post=481"},{"taxonomy":"post_tag","embeddable":true,"href":"https:\/\/mezosuli.hu\/index.php?rest_route=%2Fwp%2Fv2%2Ftags&post=481"}],"curies":[{"name":"wp","href":"https:\/\/api.w.org\/{rel}","templated":true}]}}