{"id":533,"date":"2019-03-04T09:35:28","date_gmt":"2019-03-04T08:35:28","guid":{"rendered":"https:\/\/uj.mezosuli.hu\/?p=533"},"modified":"2026-03-17T10:53:36","modified_gmt":"2026-03-17T09:53:36","slug":"oko-2019-03-04","status":"publish","type":"post","link":"https:\/\/mezosuli.hu\/?p=533","title":{"rendered":"\u00d6ko 2019.03.04"},"content":{"rendered":"<hr \/>\n<div class=\"txF_raleway tx16t\" style=\"padding-bottom: 5px;\">\n<p class=\"tx_headline tx20t\">M\u00e1rcius:<\/p>\n<p>Iskolai programok:<\/p>\n<p><strong>M\u00e1rcius &nbsp; 6<\/strong>.:&nbsp; &nbsp;<span style=\"color: #00ccff;\">ENERGIATAKAR\u00c9KOSS\u00c1GI&nbsp; VIL\u00c1GNAP<\/span>&nbsp;<\/p>\n<ul>\n<li style=\"text-align: left;\">Gondoljunk egy\u00fctt a kimer\u00fcl\u0151 energiaforr\u00e1sokra, a takar\u00e9koss\u00e1gra,&nbsp;a k\u00f6rnyezet\u00fcnkre \u00e9s a&nbsp; F\u00f6ld\u00fcnkre!<\/li>\n<li style=\"text-align: left;\">Cselekedj\u00fcnk otthon \u00e9s az&nbsp;iskol\u00e1ban!<\/li>\n<li style=\"text-align: left;\">Ne csak ezen az egy napon, hanem eg\u00e9sz \u00e9vben takar\u00e9koskodjunk!<\/li>\n<\/ul>\n<p><strong>M\u00e1rcius&nbsp;&nbsp; 9<\/strong>.:&nbsp;&nbsp; <span style=\"color: #00ccff;\">B\u00c9KAMENT\u00c9S&nbsp; Farmoson<\/span><\/p>\n<p><strong>M\u00e1rcius 22<\/strong>.: &nbsp;&nbsp;<span style=\"color: #00ccff;\">T\u00c9MANAP<\/span><\/p>\n<p style=\"text-align: left;\"><strong>M\u00e1rcius 22.<\/strong>:&nbsp;&nbsp; <span style=\"color: #00ccff;\">TESZEDD!<\/span>&nbsp; &#8211; \u00d6nk\u00e9ntesen a tiszta Magyarorsz\u00e1g\u00e9rt.<\/p>\n<ul>\n<li style=\"text-align: left;\">Iskol\u00e1nk ebben az&nbsp;\u00e9vben is csatlakozott az orsz\u00e1gos megmozdul\u00e1shoz<\/li>\n<\/ul>\n<p><strong>M\u00e1rcius 22.<\/strong>:&nbsp;&nbsp; <span style=\"color: #00ccff;\">V\u00cdZ&nbsp; VIL\u00c1GNAPJA<\/span>&nbsp;<\/p>\n<ul>\n<li>,,\u00d6lt\u00f6zz k\u00e9kbe!\u201d kamp\u00e1nyt hirdet\u00fcnk<\/li>\n<li>Ezen a napon k\u00e9r\u00fcnk minden&nbsp;k\u00f6rnyezettudatos feln\u0151ttet \u00e9s di\u00e1kot, hogy k\u00e9k fels\u0151ben j\u00f6jj\u00f6n&nbsp;iskol\u00e1ba!<\/li>\n<\/ul>\n<p><strong>M\u00e1rcius 30.<\/strong>:&nbsp;&nbsp; <span style=\"color: #00ccff;\">A&nbsp; F\u00d6LD&nbsp; \u00d3R\u00c1JA<\/span><\/p>\n<ul>\n<li>Szeretn\u00e9nk mindenki figyelm\u00e9t felh\u00edvni a k\u00f6rnyezetv\u00e9delemre<\/li>\n<li style=\"text-align: left;\">Csatlakozzunk min\u00e9l t\u00f6bben ehhez a vil\u00e1gm\u00e9ret\u0171 megmozdul\u00e1shoz!<\/li>\n<li style=\"text-align: left;\">Regisztr\u00e1ljunk az interneten is!<\/li>\n<\/ul>\n<div class=\"txF_raleway tx16t\" style=\"padding-bottom: 5px;\">\n<p><strong>Folyamatos&nbsp; feladatok:<\/strong><\/p>\n<ul style=\"list-style-type: square;\">\n<li>Magvak \u00fcltet\u00e9se az oszt\u00e1lytermekben, a fejl\u0151d\u0151 pal\u00e1nt\u00e1k nevel\u00e9se<\/li>\n<li>Az iskola kiskertj\u00e9nek el\u0151k\u00e9sz\u00edt\u00e9se, gondoz\u00e1sa<\/li>\n<li>A&nbsp; mad\u00e1retet\u0151k begy\u0171jt\u00e9se<\/li>\n<\/ul>\n<div class=\"txF_raleway tx16t\" style=\"padding-bottom: 5px;\">\n<p style=\"float: left;\"><span style=\"font-size: 12pt;\">\u00d6ko munkacsoport<\/span><\/p>\n<div style=\"left: 0; position: relative;\">\n<p style=\"float: right;\"><span style=\"font-size: 12pt;\">Budapest, 2019. m\u00e1rcius<br \/><\/span><\/p>\n<\/div>\n<\/div>\n<\/div>\n<\/div>\n","protected":false},"excerpt":{"rendered":"<p>M\u00e1rcius: Iskolai programok: M\u00e1rcius &nbsp; 6.:&nbsp; &nbsp;ENERGIATAKAR\u00c9KOSS\u00c1GI&nbsp; VIL\u00c1GNAP&nbsp; Gondoljunk egy\u00fctt a kimer\u00fcl\u0151 energiaforr\u00e1sokra, a takar\u00e9koss\u00e1gra,&nbsp;a k\u00f6rnyezet\u00fcnkre \u00e9s a&nbsp; F\u00f6ld\u00fcnkre! Cselekedj\u00fcnk otthon \u00e9s az&nbsp;iskol\u00e1ban! Ne csak ezen az egy napon, hanem&hellip;<\/p>\n","protected":false},"author":1,"featured_media":0,"comment_status":"closed","ping_status":"open","sticky":false,"template":"","format":"standard","meta":{"_jetpack_memberships_contains_paid_content":false,"footnotes":""},"categories":[7],"tags":[],"class_list":["post-533","post","type-post","status-publish","format-standard","hentry","category-oko-hirek"],"jetpack_featured_media_url":"","jetpack_sharing_enabled":true,"_links":{"self":[{"href":"https:\/\/mezosuli.hu\/index.php?rest_route=\/wp\/v2\/posts\/533","targetHints":{"allow":["GET"]}}],"collection":[{"href":"https:\/\/mezosuli.hu\/index.php?rest_route=\/wp\/v2\/posts"}],"about":[{"href":"https:\/\/mezosuli.hu\/index.php?rest_route=\/wp\/v2\/types\/post"}],"author":[{"embeddable":true,"href":"https:\/\/mezosuli.hu\/index.php?rest_route=\/wp\/v2\/users\/1"}],"replies":[{"embeddable":true,"href":"https:\/\/mezosuli.hu\/index.php?rest_route=%2Fwp%2Fv2%2Fcomments&post=533"}],"version-history":[{"count":1,"href":"https:\/\/mezosuli.hu\/index.php?rest_route=\/wp\/v2\/posts\/533\/revisions"}],"predecessor-version":[{"id":3282,"href":"https:\/\/mezosuli.hu\/index.php?rest_route=\/wp\/v2\/posts\/533\/revisions\/3282"}],"wp:attachment":[{"href":"https:\/\/mezosuli.hu\/index.php?rest_route=%2Fwp%2Fv2%2Fmedia&parent=533"}],"wp:term":[{"taxonomy":"category","embeddable":true,"href":"https:\/\/mezosuli.hu\/index.php?rest_route=%2Fwp%2Fv2%2Fcategories&post=533"},{"taxonomy":"post_tag","embeddable":true,"href":"https:\/\/mezosuli.hu\/index.php?rest_route=%2Fwp%2Fv2%2Ftags&post=533"}],"curies":[{"name":"wp","href":"https:\/\/api.w.org\/{rel}","templated":true}]}}