{"id":542,"date":"2019-03-04T12:10:41","date_gmt":"2019-03-04T11:10:41","guid":{"rendered":"https:\/\/uj.mezosuli.hu\/?p=542"},"modified":"2026-03-17T10:53:36","modified_gmt":"2026-03-17T09:53:36","slug":"technika-2019","status":"publish","type":"post","link":"https:\/\/mezosuli.hu\/?p=542","title":{"rendered":"Technika-\u00e9letvitel"},"content":{"rendered":"<div class=\"txF_raleway tx16t\" style=\"margin-bottom: 15px;\">\n<p class=\"tx_headline txc_green\">Technika \u2013 \u00e9letvitel tanulm\u00e1nyi verseny!<\/p>\n<hr \/>\n<div align=\"center\">\n<table style=\"width: 720px;\" cellpadding=\"1\">\n<tbody>\n<tr>\n<td style=\"text-align: justify;\" colspan=\"2\">\n<p><span style=\"font-size: 12pt;\">A Dr. Mez\u0151 Ferenc \u00c1ltal\u00e1nos Iskol\u00e1ban 2019. febru\u00e1r 20-\u00e1n a zugl\u00f3i technika munkak\u00f6z\u00f6ss\u00e9g sikeresen megrendezte a tanker\u00fcleti technika \u00e9letvitel versenyt.<\/span><\/p>\n<p><span style=\"font-size: 12pt;\">A versenyen 10 csapat vett r\u00e9szt, 3 a XIII. ker\u00fcletb\u0151l, 7 Zugl\u00f3b\u00f3l. A verseny t\u00e9m\u00e1ja: &#8222;A kertt\u0151l az asztalig&#8221;. A verseny j\u00f3 hangulatban telt, \u00e9lvezt\u00e9k a gyerekek.&nbsp;<\/span><\/p>\n<\/td>\n<td style=\"width: 196px;\"><span style=\"font-size: 12pt;\">&nbsp;<img loading=\"lazy\" decoding=\"async\" class=\" size-full wp-image-538\" src=\"https:\/\/uj.mezosuli.hu\/wp-content\/uploads\/2019\/03\/eletvitel1.jpg\" alt=\"eletvitel1\" width=\"202\" height=\"151\" srcset=\"https:\/\/mezosuli.hu\/wp-content\/uploads\/2019\/03\/eletvitel1.jpg 501w, https:\/\/mezosuli.hu\/wp-content\/uploads\/2019\/03\/eletvitel1-300x225.jpg 300w\" sizes=\"auto, (max-width: 202px) 100vw, 202px\" \/><\/span><\/td>\n<\/tr>\n<tr style=\"height: 120px;\">\n<td colspan=\"3\">\n<p style=\"text-align: left;\"><span style=\"font-size: 12pt;\">A tanul\u00f3k feladatlapot oldottak meg egy\u00e9nileg, a gyakorlati feladatokat csapatban k\u00e9sz\u00edtett\u00e9k el.<\/span><\/p>\n<p style=\"text-align: left;\"><span style=\"font-size: 12pt;\">Gyakorlat I.: k\u00edn\u00e1l\u00f3 kos\u00e1r fon\u00e1sa peddign\u00e1db\u00f3l<\/span><\/p>\n<p style=\"text-align: left;\"><span style=\"font-size: 12pt;\">Gyakorlat II.: vitamint\u00e1l k\u00e9sz\u00edt\u00e9se z\u00f6lds\u00e9g, gy\u00fcm\u00f6lcs szobr\u00e1szattal<\/span><\/p>\n<p style=\"text-align: left;\"><span style=\"font-size: 12pt;\">A zs\u0171ri tagjai: Gy\u00f6r\u00f6k Attil\u00e1n\u00e9, Nedob\u00e1n\u00e9 Fendrik \u00c9va XIII. \u00e9s XIV. ker\u00fcleti tant\u00e1rgygondoz\u00f3k, H\u00e1m L\u00e1szl\u00f3 a Lernig\u00f3 Kft vezet\u0151je. Minden csapat oklevelet vehetett \u00e1t, az I-III. helyezettek k\u00f6nyvjutalomban r\u00e9szes\u00fcltek.<\/span><\/p>\n<\/td>\n<\/tr>\n<tr>\n<td style=\"width: 196px;\">\n<p><span style=\"font-size: 12pt;\"><img loading=\"lazy\" decoding=\"async\" class=\" size-full wp-image-539\" style=\"display: block; margin-left: auto; margin-right: auto;\" src=\"https:\/\/uj.mezosuli.hu\/wp-content\/uploads\/2019\/03\/eletvitel2.jpg\" alt=\"eletvitel2\" width=\"180\" height=\"241\" srcset=\"https:\/\/mezosuli.hu\/wp-content\/uploads\/2019\/03\/eletvitel2.jpg 389w, https:\/\/mezosuli.hu\/wp-content\/uploads\/2019\/03\/eletvitel2-225x300.jpg 225w\" sizes=\"auto, (max-width: 180px) 100vw, 180px\" \/><\/span><\/p>\n<\/td>\n<td style=\"width: 196px;\"><span style=\"font-size: 12pt;\"><img loading=\"lazy\" decoding=\"async\" class=\" size-full wp-image-540\" style=\"display: block; margin-left: auto; margin-right: auto;\" src=\"https:\/\/uj.mezosuli.hu\/wp-content\/uploads\/2019\/03\/eletvitel3.jpg\" alt=\"eletvitel3\" width=\"179\" height=\"241\" \/><\/span><\/td>\n<td style=\"width: 196px;\"><span style=\"font-size: 12pt;\"><img loading=\"lazy\" decoding=\"async\" class=\" size-full wp-image-541\" style=\"display: block; margin-left: auto; margin-right: auto;\" src=\"https:\/\/uj.mezosuli.hu\/wp-content\/uploads\/2019\/03\/eletvitel4.jpg\" alt=\"eletvitel4\" width=\"181\" height=\"241\" srcset=\"https:\/\/mezosuli.hu\/wp-content\/uploads\/2019\/03\/eletvitel4.jpg 382w, https:\/\/mezosuli.hu\/wp-content\/uploads\/2019\/03\/eletvitel4-225x300.jpg 225w\" sizes=\"auto, (max-width: 181px) 100vw, 181px\" \/><\/span><\/td>\n<\/tr>\n<\/tbody>\n<\/table>\n<div class=\"txF_raleway tx14x\" style=\"text-align: center; line-height: 20px; margin-top: 10px;\">\n<p style=\"float: right;\">Nedob\u00e1n\u00e9 Fendrik \u00c9va<br \/>XIV. ker\u00fcleti technika tant\u00e1rgygondoz\u00f3<\/p>\n<p style=\"float: center;\">.<\/p>\n<\/div>\n<\/div>\n<\/div>\n","protected":false},"excerpt":{"rendered":"<p>Technika \u2013 \u00e9letvitel tanulm\u00e1nyi verseny! A Dr. Mez\u0151 Ferenc \u00c1ltal\u00e1nos Iskol\u00e1ban 2019. febru\u00e1r 20-\u00e1n a zugl\u00f3i technika munkak\u00f6z\u00f6ss\u00e9g sikeresen megrendezte a tanker\u00fcleti technika \u00e9letvitel versenyt. A versenyen 10 csapat vett&hellip;<\/p>\n","protected":false},"author":1,"featured_media":538,"comment_status":"closed","ping_status":"open","sticky":false,"template":"","format":"standard","meta":{"_jetpack_memberships_contains_paid_content":false,"footnotes":""},"categories":[41],"tags":[],"class_list":["post-542","post","type-post","status-publish","format-standard","has-post-thumbnail","hentry","category-2019-hirarchivum"],"jetpack_featured_media_url":"https:\/\/mezosuli.hu\/wp-content\/uploads\/2019\/03\/eletvitel1.jpg","jetpack_sharing_enabled":true,"_links":{"self":[{"href":"https:\/\/mezosuli.hu\/index.php?rest_route=\/wp\/v2\/posts\/542","targetHints":{"allow":["GET"]}}],"collection":[{"href":"https:\/\/mezosuli.hu\/index.php?rest_route=\/wp\/v2\/posts"}],"about":[{"href":"https:\/\/mezosuli.hu\/index.php?rest_route=\/wp\/v2\/types\/post"}],"author":[{"embeddable":true,"href":"https:\/\/mezosuli.hu\/index.php?rest_route=\/wp\/v2\/users\/1"}],"replies":[{"embeddable":true,"href":"https:\/\/mezosuli.hu\/index.php?rest_route=%2Fwp%2Fv2%2Fcomments&post=542"}],"version-history":[{"count":1,"href":"https:\/\/mezosuli.hu\/index.php?rest_route=\/wp\/v2\/posts\/542\/revisions"}],"predecessor-version":[{"id":3045,"href":"https:\/\/mezosuli.hu\/index.php?rest_route=\/wp\/v2\/posts\/542\/revisions\/3045"}],"wp:featuredmedia":[{"embeddable":true,"href":"https:\/\/mezosuli.hu\/index.php?rest_route=\/wp\/v2\/media\/538"}],"wp:attachment":[{"href":"https:\/\/mezosuli.hu\/index.php?rest_route=%2Fwp%2Fv2%2Fmedia&parent=542"}],"wp:term":[{"taxonomy":"category","embeddable":true,"href":"https:\/\/mezosuli.hu\/index.php?rest_route=%2Fwp%2Fv2%2Fcategories&post=542"},{"taxonomy":"post_tag","embeddable":true,"href":"https:\/\/mezosuli.hu\/index.php?rest_route=%2Fwp%2Fv2%2Ftags&post=542"}],"curies":[{"name":"wp","href":"https:\/\/api.w.org\/{rel}","templated":true}]}}