{"id":546,"date":"2019-03-04T12:50:14","date_gmt":"2019-03-04T11:50:14","guid":{"rendered":"https:\/\/uj.mezosuli.hu\/?p=546"},"modified":"2026-03-17T10:53:36","modified_gmt":"2026-03-17T09:53:36","slug":"elokeszito","status":"publish","type":"post","link":"https:\/\/mezosuli.hu\/?p=546","title":{"rendered":"El\u0151k\u00e9sz\u00edt\u0151 foglalkoz\u00e1s"},"content":{"rendered":"<div class=\"txF_raleway tx16t\" style=\"margin-bottom: 15px;\">\n<p class=\"tx_headline txc_green\">El\u0151k\u00e9sz\u00edt\u0151 foglalkoz\u00e1s!<\/p>\n<hr \/>\n<div align=\"center\">\n<table style=\"width: 700px;\" cellspacing=\"1\" cellpadding=\"1\">\n<tbody>\n<tr style=\"height: 165px;\">\n<td style=\"width: 300px;\" colspan=\"2\">\n<p style=\"text-align: justify;\"><span style=\"font-size: 12pt;\">Az int\u00e9zm\u00e9nnyel k\u00f6t\u00f6tt Egy\u00fcttm\u0171k\u00f6d\u00e9si Szerz\u0151d\u00e9sben foglaltak szerint a Mez\u0151 Tandem K\u00f6zhaszn\u00fa Egyes\u00fclet ebben a tan\u00e9vben is megszervezte az \u201dIskol\u00e1ba k\u00e9sz\u00fcl\u00fcnk\u201d el\u0151k\u00e9sz\u00edt\u0151 foglalkoz\u00e1s sorozatot. Az \u00e9rdekl\u0151d\u0151k k\u00f6re n\u00e9pes \u2013 eddig 80 sz\u00fcl\u0151 \u00e9s gyermeke l\u00e1togatta foglalkoz\u00e1sainkat.<\/span><\/p>\n<\/td>\n<td style=\"width: 290px;\" colspan=\"2\"><img loading=\"lazy\" decoding=\"async\" class=\" size-full wp-image-543\" style=\"display: block; margin-left: auto; margin-right: auto;\" src=\"https:\/\/uj.mezosuli.hu\/wp-content\/uploads\/2019\/03\/elokeszito1.jpg\" alt=\"elokeszito1\" width=\"253\" height=\"141\" \/><\/td>\n<\/tr>\n<tr>\n<td style=\"width: 300px;\" colspan=\"2\" rowspan=\"2\"><img loading=\"lazy\" decoding=\"async\" class=\" size-full wp-image-544\" style=\"display: block; margin-left: auto; margin-right: auto;\" src=\"https:\/\/uj.mezosuli.hu\/wp-content\/uploads\/2019\/03\/elokeszito2.jpg\" alt=\"elokeszito2\" width=\"252\" height=\"328\" srcset=\"https:\/\/mezosuli.hu\/wp-content\/uploads\/2019\/03\/elokeszito2.jpg 382w, https:\/\/mezosuli.hu\/wp-content\/uploads\/2019\/03\/elokeszito2-231x300.jpg 231w\" sizes=\"auto, (max-width: 252px) 100vw, 252px\" \/><\/td>\n<td style=\"width: 290px; text-align: justify;\" colspan=\"2\"><span style=\"font-size: 12pt;\">Els\u0151 alkalommal int\u00e9zm\u00e9ny\u00fcnk vezet\u0151je bemutatta a leend\u0151 els\u0151s tan\u00edt\u00f3 n\u00e9niket \u00e9s az iskol\u00e1nkat, majd meg\u00e9rkezett a mikul\u00e1s. Minden foglalkoz\u00e1s ideje alatt lehet\u0151s\u00e9get biztos\u00edtunk a&nbsp;&nbsp; sz\u00fcl\u0151knek,&nbsp; hogy&nbsp; a felmer\u00fcl\u0151 k\u00e9rd\u00e9seikre v\u00e1laszt kapjanak.<\/span><\/td>\n<\/tr>\n<tr>\n<td style=\"width: 20px;\">&nbsp;<\/td>\n<td style=\"width: 270px;\"><img loading=\"lazy\" decoding=\"async\" class=\" size-full wp-image-545\" style=\"display: block; margin-left: auto; margin-right: auto;\" src=\"https:\/\/uj.mezosuli.hu\/wp-content\/uploads\/2019\/03\/elokeszito3.jpg\" alt=\"elokeszito3\" width=\"177\" height=\"217\" srcset=\"https:\/\/mezosuli.hu\/wp-content\/uploads\/2019\/03\/elokeszito3.jpg 343w, https:\/\/mezosuli.hu\/wp-content\/uploads\/2019\/03\/elokeszito3-244x300.jpg 244w\" sizes=\"auto, (max-width: 177px) 100vw, 177px\" \/><\/td>\n<\/tr>\n<tr>\n<td style=\"width: 590px; text-align: justify;\" colspan=\"4\"><span style=\"font-size: 12pt;\">Ebben seg\u00edts\u00e9g\u00fcnkre van int\u00e9zm\u00e9ny\u00fcnk vezet\u0151je \u00e9s igazgat\u00f3-helyettese. Minden m\u00e1sodik foglalkoz\u00e1s alkalm\u00e1val a fels\u0151s testnevel\u0151kkel egy\u00fctt sportolnak a gyerekek. Ilyenkor szem\u00e9lyes besz\u00e9lget\u00e9sre is van lehet\u0151s\u00e9g a sz\u00fcl\u0151k \u00e9s a tan\u00edt\u00f3 n\u00e9nik k\u00f6z\u00f6tt.<\/span><\/td>\n<\/tr>\n<\/tbody>\n<\/table>\n<div class=\"txF_raleway tx14x\" style=\"text-align: center; line-height: 20px; margin-top: 10px;\">\n<p style=\"float: right;\">Popp Judit<br \/>Mez\u0151 Tandem Egyes\u00fclet eln\u00f6ke<\/p>\n<p>&nbsp;<\/p>\n<\/div>\n<\/div>\n<\/div>\n","protected":false},"excerpt":{"rendered":"<p>El\u0151k\u00e9sz\u00edt\u0151 foglalkoz\u00e1s! Az int\u00e9zm\u00e9nnyel k\u00f6t\u00f6tt Egy\u00fcttm\u0171k\u00f6d\u00e9si Szerz\u0151d\u00e9sben foglaltak szerint a Mez\u0151 Tandem K\u00f6zhaszn\u00fa Egyes\u00fclet ebben a tan\u00e9vben is megszervezte az \u201dIskol\u00e1ba k\u00e9sz\u00fcl\u00fcnk\u201d el\u0151k\u00e9sz\u00edt\u0151 foglalkoz\u00e1s sorozatot. Az \u00e9rdekl\u0151d\u0151k k\u00f6re n\u00e9pes \u2013&hellip;<\/p>\n","protected":false},"author":1,"featured_media":543,"comment_status":"closed","ping_status":"open","sticky":false,"template":"","format":"standard","meta":{"_jetpack_memberships_contains_paid_content":false,"footnotes":""},"categories":[41],"tags":[],"class_list":["post-546","post","type-post","status-publish","format-standard","has-post-thumbnail","hentry","category-2019-hirarchivum"],"jetpack_featured_media_url":"https:\/\/mezosuli.hu\/wp-content\/uploads\/2019\/03\/elokeszito1.jpg","jetpack_sharing_enabled":true,"_links":{"self":[{"href":"https:\/\/mezosuli.hu\/index.php?rest_route=\/wp\/v2\/posts\/546","targetHints":{"allow":["GET"]}}],"collection":[{"href":"https:\/\/mezosuli.hu\/index.php?rest_route=\/wp\/v2\/posts"}],"about":[{"href":"https:\/\/mezosuli.hu\/index.php?rest_route=\/wp\/v2\/types\/post"}],"author":[{"embeddable":true,"href":"https:\/\/mezosuli.hu\/index.php?rest_route=\/wp\/v2\/users\/1"}],"replies":[{"embeddable":true,"href":"https:\/\/mezosuli.hu\/index.php?rest_route=%2Fwp%2Fv2%2Fcomments&post=546"}],"version-history":[{"count":1,"href":"https:\/\/mezosuli.hu\/index.php?rest_route=\/wp\/v2\/posts\/546\/revisions"}],"predecessor-version":[{"id":2430,"href":"https:\/\/mezosuli.hu\/index.php?rest_route=\/wp\/v2\/posts\/546\/revisions\/2430"}],"wp:featuredmedia":[{"embeddable":true,"href":"https:\/\/mezosuli.hu\/index.php?rest_route=\/wp\/v2\/media\/543"}],"wp:attachment":[{"href":"https:\/\/mezosuli.hu\/index.php?rest_route=%2Fwp%2Fv2%2Fmedia&parent=546"}],"wp:term":[{"taxonomy":"category","embeddable":true,"href":"https:\/\/mezosuli.hu\/index.php?rest_route=%2Fwp%2Fv2%2Fcategories&post=546"},{"taxonomy":"post_tag","embeddable":true,"href":"https:\/\/mezosuli.hu\/index.php?rest_route=%2Fwp%2Fv2%2Ftags&post=546"}],"curies":[{"name":"wp","href":"https:\/\/api.w.org\/{rel}","templated":true}]}}