{"id":551,"date":"2019-03-04T13:28:36","date_gmt":"2019-03-04T12:28:36","guid":{"rendered":"https:\/\/uj.mezosuli.hu\/?p=551"},"modified":"2026-03-17T10:53:36","modified_gmt":"2026-03-17T09:53:36","slug":"kppn","status":"publish","type":"post","link":"https:\/\/mezosuli.hu\/?p=551","title":{"rendered":"K\u00f6z\u00e9p-Pesti Pedag\u00f3giai Napok"},"content":{"rendered":"<div class=\"txF_raleway tx16t\" style=\"margin-bottom: 15px;\">\n<p class=\"tx_headline txc_green\">Mez\u0151s\u00f6k aktivit\u00e1sa a K\u00f6z\u00e9p-Pesti Pedag\u00f3giai Napokon!<\/p>\n<hr \/>\n<div align=\"center\">\n<table style=\"width: 651px; height: 652px;\" cellspacing=\"1\" cellpadding=\"1\">\n<tbody>\n<tr style=\"height: 165px;\">\n<td style=\"width: 148px; height: 198px; text-align: left;\" colspan=\"2\" rowspan=\"2\">\n<p><img loading=\"lazy\" decoding=\"async\" class=\" size-full wp-image-547\" style=\"display: block; margin-left: auto; margin-right: auto;\" src=\"https:\/\/uj.mezosuli.hu\/wp-content\/uploads\/2019\/03\/KpPN1.jpg\" alt=\"KpPN1\" width=\"148\" height=\"199\" \/><\/p>\n<\/td>\n<td style=\"width: 400px;\" colspan=\"2\"><span style=\"font-size: 12pt;\">Int\u00e9zm\u00e9ny\u00fcnk priorit\u00e1sai bemutat\u00e1s\u00e1val 5 programot k\u00edn\u00e1lt a K\u00f6z\u00e9p-Pesti Pedag\u00f3giai Napok keret\u00e9ben a tanker\u00fclet pedag\u00f3gusai sz\u00e1m\u00e1ra. J\u00f3 gyakorlatk\u00e9nt Szab\u00f3 Mariann \u00e9s a 4.b oszt\u00e1ly bemutat\u00f3j\u00e1n nagyon sok \u00e9rdekl\u0151d\u0151 ismerte meg a kineziol\u00f3gia tanul\u00e1sseg\u00edt\u0151 m\u00f3dszereit.&nbsp;<\/span><\/td>\n<\/tr>\n<tr>\n<td style=\"width: 140px;\">&nbsp;<\/td>\n<td style=\"width: 300px;\" rowspan=\"2\"><img loading=\"lazy\" decoding=\"async\" class=\" size-full wp-image-548\" style=\"display: block; margin-left: auto; margin-right: auto;\" src=\"https:\/\/uj.mezosuli.hu\/wp-content\/uploads\/2019\/03\/KpPN2.jpg\" alt=\"KpPN2\" width=\"204\" height=\"154\" srcset=\"https:\/\/mezosuli.hu\/wp-content\/uploads\/2019\/03\/KpPN2.jpg 468w, https:\/\/mezosuli.hu\/wp-content\/uploads\/2019\/03\/KpPN2-300x225.jpg 300w\" sizes=\"auto, (max-width: 204px) 100vw, 204px\" \/><\/td>\n<\/tr>\n<tr>\n<td style=\"width: 290px;\" colspan=\"3\">\n<p style=\"text-align: justify;\"><span style=\"font-size: 12pt;\">Workshopot tartott az idegen nyelvi tant\u00e1rgygondoz\u00f3 munkak\u00f6z\u00f6ss\u00e9g, a tan\u00f3r\u00e1ba be\u00e9p\u00edthet\u0151 n\u00e9pszer\u0171 alkalmaz\u00e1sok \u00e9s IKT-eszk\u00f6z\u00f6k haszn\u00e1lat\u00e1r\u00f3l, Bur\u00e1nyi Csilla \u00e9s Szilv\u00e1si Csaba el\u0151ad\u00e1sa r\u00e9v\u00e9n.<\/span><\/p>\n<\/td>\n<\/tr>\n<tr>\n<td style=\"width: 150px;\" colspan=\"2\">&nbsp;&nbsp;&nbsp; <img loading=\"lazy\" decoding=\"async\" class=\" size-full wp-image-549\" style=\"display: block; margin-left: auto; margin-right: auto;\" src=\"https:\/\/uj.mezosuli.hu\/wp-content\/uploads\/2019\/03\/KpPN3.jpg\" alt=\"KpPN3\" width=\"167\" height=\"128\" \/>&nbsp;<\/td>\n<td style=\"width: 440px;\" colspan=\"2\">\n<p style=\"text-align: justify;\"><span style=\"font-size: 12pt;\">A nyit\u00f3konferenci\u00e1n a magyar, mint idegen nyelv tant\u00e1rgy bevezet\u00e9s\u00e9r\u0151l \u00e9s f\u00e9l\u00e9ves tapasztalatair\u00f3l sz\u00e1molt be Mostaf\u00e1n\u00e9 Gomb\u00e1r Erzs\u00e9bet int\u00e9zm\u00e9nyvezet\u0151.<\/span><\/p>\n<p style=\"text-align: justify;\"><span style=\"font-size: 12pt;\">A gyermekv\u00e9delmi tant\u00e1rgygondoz\u00f3nk Tak\u00e1cs M\u00e1ria, S\u00e1ndor \u00c9va pszichol\u00f3gust h\u00edvta el\u0151ad\u00f3nak, aki interakt\u00edv el\u0151ad\u00e1s keret\u00e9ben t\u00e1rta fel az \u00e9rzelmi intelligencia fejleszt\u00e9s\u00e9nek \u00e9s fontoss\u00e1g\u00e1nak lehet\u0151s\u00e9geit.<\/span><\/p>\n<\/td>\n<\/tr>\n<tr>\n<td style=\"height: 150px;\" colspan=\"3\">\n<p style=\"text-align: justify;\"><span style=\"font-size: 12pt;\">A technika tant\u00e1rgygondoz\u00f3 munkak\u00f6z\u00f6ss\u00e9g vezet\u0151je Nedob\u00e1n\u00e9 Fendrik \u00c9va a Markerspace \u2013 k\u00f6z\u00f6ss\u00e9gi alkot\u00f3m\u0171hely Oktat\u00e1si K\u00f6zpontj\u00e1ba szervezett foglalkoz\u00e1st.&nbsp; T\u00e1j\u00e9koztat\u00e1st kaptak a 3D nyomtat\u00e1sr\u00f3l, MicroBit-tel feladatokat oldottak meg, verssorokra anim\u00e1ci\u00f3kat k\u00e9sz\u00edtettek.<\/span><\/p>\n<\/td>\n<td style=\"height: 150px;\"><img loading=\"lazy\" decoding=\"async\" class=\" size-full wp-image-550\" style=\"display: block; margin-left: auto; margin-right: auto;\" src=\"https:\/\/uj.mezosuli.hu\/wp-content\/uploads\/2019\/03\/KpPN4.jpg\" alt=\"KpPN4\" width=\"209\" height=\"157\" srcset=\"https:\/\/mezosuli.hu\/wp-content\/uploads\/2019\/03\/KpPN4.jpg 497w, https:\/\/mezosuli.hu\/wp-content\/uploads\/2019\/03\/KpPN4-300x225.jpg 300w\" sizes=\"auto, (max-width: 209px) 100vw, 209px\" \/><\/td>\n<\/tr>\n<\/tbody>\n<\/table>\n<div class=\"txF_raleway tx14x\" style=\"text-align: center; line-height: 20px; margin-top: 10px;\">\n<p style=\"float: right;\">Mostaf\u00e1n\u00e9 Gomb\u00e1r Erzs\u00e9bet<br \/>int\u00e9zm\u00e9nyvezet\u0151<\/p>\n<p style=\"float: center;\">.<\/p>\n<\/div>\n<\/div>\n<\/div>\n","protected":false},"excerpt":{"rendered":"<p>Mez\u0151s\u00f6k aktivit\u00e1sa a K\u00f6z\u00e9p-Pesti Pedag\u00f3giai Napokon! Int\u00e9zm\u00e9ny\u00fcnk priorit\u00e1sai bemutat\u00e1s\u00e1val 5 programot k\u00edn\u00e1lt a K\u00f6z\u00e9p-Pesti Pedag\u00f3giai Napok keret\u00e9ben a tanker\u00fclet pedag\u00f3gusai sz\u00e1m\u00e1ra. J\u00f3 gyakorlatk\u00e9nt Szab\u00f3 Mariann \u00e9s a 4.b oszt\u00e1ly bemutat\u00f3j\u00e1n&hellip;<\/p>\n","protected":false},"author":1,"featured_media":547,"comment_status":"closed","ping_status":"open","sticky":false,"template":"","format":"standard","meta":{"_jetpack_memberships_contains_paid_content":false,"footnotes":""},"categories":[41],"tags":[],"class_list":["post-551","post","type-post","status-publish","format-standard","has-post-thumbnail","hentry","category-2019-hirarchivum"],"jetpack_featured_media_url":"https:\/\/mezosuli.hu\/wp-content\/uploads\/2019\/03\/KpPN1.jpg","jetpack_sharing_enabled":true,"_links":{"self":[{"href":"https:\/\/mezosuli.hu\/index.php?rest_route=\/wp\/v2\/posts\/551","targetHints":{"allow":["GET"]}}],"collection":[{"href":"https:\/\/mezosuli.hu\/index.php?rest_route=\/wp\/v2\/posts"}],"about":[{"href":"https:\/\/mezosuli.hu\/index.php?rest_route=\/wp\/v2\/types\/post"}],"author":[{"embeddable":true,"href":"https:\/\/mezosuli.hu\/index.php?rest_route=\/wp\/v2\/users\/1"}],"replies":[{"embeddable":true,"href":"https:\/\/mezosuli.hu\/index.php?rest_route=%2Fwp%2Fv2%2Fcomments&post=551"}],"version-history":[{"count":1,"href":"https:\/\/mezosuli.hu\/index.php?rest_route=\/wp\/v2\/posts\/551\/revisions"}],"predecessor-version":[{"id":2431,"href":"https:\/\/mezosuli.hu\/index.php?rest_route=\/wp\/v2\/posts\/551\/revisions\/2431"}],"wp:featuredmedia":[{"embeddable":true,"href":"https:\/\/mezosuli.hu\/index.php?rest_route=\/wp\/v2\/media\/547"}],"wp:attachment":[{"href":"https:\/\/mezosuli.hu\/index.php?rest_route=%2Fwp%2Fv2%2Fmedia&parent=551"}],"wp:term":[{"taxonomy":"category","embeddable":true,"href":"https:\/\/mezosuli.hu\/index.php?rest_route=%2Fwp%2Fv2%2Fcategories&post=551"},{"taxonomy":"post_tag","embeddable":true,"href":"https:\/\/mezosuli.hu\/index.php?rest_route=%2Fwp%2Fv2%2Ftags&post=551"}],"curies":[{"name":"wp","href":"https:\/\/api.w.org\/{rel}","templated":true}]}}