{"id":576,"date":"2019-03-28T13:21:16","date_gmt":"2019-03-28T12:21:16","guid":{"rendered":"https:\/\/uj.mezosuli.hu\/?p=576"},"modified":"2026-03-17T10:52:54","modified_gmt":"2026-03-17T09:52:54","slug":"fold-oraja-2019","status":"publish","type":"post","link":"https:\/\/mezosuli.hu\/?p=576","title":{"rendered":"F\u00f6ld \u00f3r\u00e1ja 2019"},"content":{"rendered":"<div class=\"txF_raleway tx16t\" style=\"margin-bottom: 15px;\">\n<p class=\"tx_headline txc_green\">F\u00f6ld \u00d3r\u00e1ja!<\/p>\n<hr \/>\n<p><img loading=\"lazy\" decoding=\"async\" class=\" size-full wp-image-574\" style=\"display: block; margin-left: auto; margin-right: auto;\" src=\"https:\/\/uj.mezosuli.hu\/wp-content\/uploads\/2019\/03\/fold2.png\" alt=\"a fold oraja 600x442\" width=\"438\" height=\"441\" srcset=\"https:\/\/mezosuli.hu\/wp-content\/uploads\/2019\/03\/fold2.png 666w, https:\/\/mezosuli.hu\/wp-content\/uploads\/2019\/03\/fold2-298x300.png 298w, https:\/\/mezosuli.hu\/wp-content\/uploads\/2019\/03\/fold2-150x150.png 150w\" sizes=\"auto, (max-width: 438px) 100vw, 438px\" \/><\/p>\n<div align=\"justify\"><span style=\"font-size: 16px; text-align: justify;\"><span style=\"font-size: 16px; text-align: justify;\">T\u00edz \u00e9ve minden m\u00e1rcius v\u00e9g\u00e9n vil\u00e1gszerte kialszanak a v\u00e1rosok d\u00edszf\u00e9nyei, sok milli\u00f3 ember kapcsolja le a l\u00e1mp\u00e1kat, kapcsolja ki elektromos berendez\u00e9seit.<\/p>\n<p>Csatlakozzunk mi is!&nbsp;<a href=\"https:\/\/uj.mezosuli.hu\/wp-content\/uploads\/2019\/03\/foldoraja2019.pdf\">R\u00e9szletek itt!<\/a><\/span><\/span><\/div>\n<div style=\"left: 0; position: relative;\">\n<p style=\"float: right;\"><span style=\"font-size: 12pt;\">Budapest, 2019. m\u00e1rcius 28.<\/span><\/p>\n<\/div>\n<p class=\"MsoNormal\" style=\"margin-left: 14.2pt; text-align: justify;\">&nbsp;<\/p>\n<\/div>\n","protected":false},"excerpt":{"rendered":"<p>F\u00f6ld \u00d3r\u00e1ja! T\u00edz \u00e9ve minden m\u00e1rcius v\u00e9g\u00e9n vil\u00e1gszerte kialszanak a v\u00e1rosok d\u00edszf\u00e9nyei, sok milli\u00f3 ember kapcsolja le a l\u00e1mp\u00e1kat, kapcsolja ki elektromos berendez\u00e9seit. Csatlakozzunk mi is!&nbsp;R\u00e9szletek itt! Budapest, 2019. m\u00e1rcius&hellip;<\/p>\n","protected":false},"author":1,"featured_media":574,"comment_status":"closed","ping_status":"open","sticky":false,"template":"","format":"standard","meta":{"_jetpack_memberships_contains_paid_content":false,"footnotes":""},"categories":[41],"tags":[],"class_list":["post-576","post","type-post","status-publish","format-standard","has-post-thumbnail","hentry","category-2019-hirarchivum"],"jetpack_featured_media_url":"https:\/\/mezosuli.hu\/wp-content\/uploads\/2019\/03\/fold2.png","jetpack_sharing_enabled":true,"_links":{"self":[{"href":"https:\/\/mezosuli.hu\/index.php?rest_route=\/wp\/v2\/posts\/576","targetHints":{"allow":["GET"]}}],"collection":[{"href":"https:\/\/mezosuli.hu\/index.php?rest_route=\/wp\/v2\/posts"}],"about":[{"href":"https:\/\/mezosuli.hu\/index.php?rest_route=\/wp\/v2\/types\/post"}],"author":[{"embeddable":true,"href":"https:\/\/mezosuli.hu\/index.php?rest_route=\/wp\/v2\/users\/1"}],"replies":[{"embeddable":true,"href":"https:\/\/mezosuli.hu\/index.php?rest_route=%2Fwp%2Fv2%2Fcomments&post=576"}],"version-history":[{"count":1,"href":"https:\/\/mezosuli.hu\/index.php?rest_route=\/wp\/v2\/posts\/576\/revisions"}],"predecessor-version":[{"id":2439,"href":"https:\/\/mezosuli.hu\/index.php?rest_route=\/wp\/v2\/posts\/576\/revisions\/2439"}],"wp:featuredmedia":[{"embeddable":true,"href":"https:\/\/mezosuli.hu\/index.php?rest_route=\/wp\/v2\/media\/574"}],"wp:attachment":[{"href":"https:\/\/mezosuli.hu\/index.php?rest_route=%2Fwp%2Fv2%2Fmedia&parent=576"}],"wp:term":[{"taxonomy":"category","embeddable":true,"href":"https:\/\/mezosuli.hu\/index.php?rest_route=%2Fwp%2Fv2%2Fcategories&post=576"},{"taxonomy":"post_tag","embeddable":true,"href":"https:\/\/mezosuli.hu\/index.php?rest_route=%2Fwp%2Fv2%2Ftags&post=576"}],"curies":[{"name":"wp","href":"https:\/\/api.w.org\/{rel}","templated":true}]}}