{"id":577,"date":"2019-03-29T12:54:30","date_gmt":"2019-03-29T11:54:30","guid":{"rendered":"https:\/\/uj.mezosuli.hu\/?p=577"},"modified":"2026-03-17T10:52:53","modified_gmt":"2026-03-17T09:52:53","slug":"magyar-film-napja","status":"publish","type":"post","link":"https:\/\/mezosuli.hu\/?p=577","title":{"rendered":"Magyar Film Napja"},"content":{"rendered":"<div class=\"txF_raleway tx14t\" style=\"padding-bottom: 5px;\">\n<p class=\"tx_headline txc_green\"><span style=\"color: #ff6600;\">A MAGYAR FILM NAPJA <span style=\"color: #ff6600;\">2019!<\/span><br \/><\/span><\/p>\n<hr \/>\n<p><span style=\"font-size: 14pt;\">Int\u00e9zm\u00e9ny\u00fcnk csatlakozott&nbsp;&#8222;<strong>A MAGYAR FILM NAPJA<\/strong>&#8221; esem\u00e9ny t\u00e1mogat\u00f3ihoz.&nbsp;<\/span><br \/><span style=\"font-size: 14pt;\"> Az esem\u00e9ny le\u00edr\u00e1sa a filmalap honlapj\u00e1n: <a id=\"LPlnk367166\" class=\"x_OWAAutoLink\" href=\"http:\/\/mnf.hu\/magyar-film-napja\" target=\"_blank\" rel=\"noopener noreferrer\" data-auth=\"NotApplicable\">http:\/\/mnf.hu\/magyar-film-napja<\/a><\/span><\/p>\n<div class=\"txF_raleway tx14t\" style=\"padding-bottom: 5px;\"><span style=\"font-size: 14pt;\"><strong>\u00c1prilis 30-\u00e1n<\/strong> tartunk egy filmklubot a <strong>8. oszt\u00e1lyos<\/strong> tanul\u00f3knak \u00e9s egy el\u0151ad\u00e1st a vide\u00f3z\u00e1sr\u00f3l \u00e9s hang szerkeszt\u00e9sr\u0151l., A filmklubban eszt\u00e9tikai \u00e9s technikai szempontb\u00f3l elemz\u00fcnk a di\u00e1kokkal egy el\u0151re kiv\u00e1lasztott filmet. Az el\u0151ad\u00e1son a di\u00e1kokat bevezetj\u00fck a digit\u00e1lis vide\u00f3z\u00e1s, audiorekording, vide\u00f3- \u00e9s hangv\u00e1g\u00e1s alapjaiba.<\/span><\/p>\n<div class=\"txF_raleway tx14t\" style=\"padding-bottom: 5px; text-align: center;\"><span style=\"font-size: 12pt;\"><\/span><span style=\"font-size: 12pt;\">Tamas\u00f3czki Bence&nbsp;<\/span><\/p>\n<div class=\"txF_raleway tx14t\" style=\"padding-bottom: 5px; text-align: center;\"><span style=\"font-size: 12pt;\">iskolak\u00f6nyvt\u00e1ros<\/span><\/div>\n<\/div>\n<\/div>\n<div class=\"txF_raleway tx14t\" style=\"padding-bottom: 5px; text-align: right;\"><span style=\"font-size: 10pt;\">Budapest, 2019. m\u00e1rcius<\/span><\/div>\n<\/div>\n","protected":false},"excerpt":{"rendered":"<p>A MAGYAR FILM NAPJA 2019! Int\u00e9zm\u00e9ny\u00fcnk csatlakozott&nbsp;&#8222;A MAGYAR FILM NAPJA&#8221; esem\u00e9ny t\u00e1mogat\u00f3ihoz.&nbsp; Az esem\u00e9ny le\u00edr\u00e1sa a filmalap honlapj\u00e1n: http:\/\/mnf.hu\/magyar-film-napja \u00c1prilis 30-\u00e1n tartunk egy filmklubot a 8. oszt\u00e1lyos tanul\u00f3knak \u00e9s egy&hellip;<\/p>\n","protected":false},"author":1,"featured_media":0,"comment_status":"closed","ping_status":"open","sticky":false,"template":"","format":"standard","meta":{"_jetpack_memberships_contains_paid_content":false,"footnotes":""},"categories":[41],"tags":[],"class_list":["post-577","post","type-post","status-publish","format-standard","hentry","category-2019-hirarchivum"],"jetpack_featured_media_url":"","jetpack_sharing_enabled":true,"_links":{"self":[{"href":"https:\/\/mezosuli.hu\/index.php?rest_route=\/wp\/v2\/posts\/577","targetHints":{"allow":["GET"]}}],"collection":[{"href":"https:\/\/mezosuli.hu\/index.php?rest_route=\/wp\/v2\/posts"}],"about":[{"href":"https:\/\/mezosuli.hu\/index.php?rest_route=\/wp\/v2\/types\/post"}],"author":[{"embeddable":true,"href":"https:\/\/mezosuli.hu\/index.php?rest_route=\/wp\/v2\/users\/1"}],"replies":[{"embeddable":true,"href":"https:\/\/mezosuli.hu\/index.php?rest_route=%2Fwp%2Fv2%2Fcomments&post=577"}],"version-history":[{"count":1,"href":"https:\/\/mezosuli.hu\/index.php?rest_route=\/wp\/v2\/posts\/577\/revisions"}],"predecessor-version":[{"id":2440,"href":"https:\/\/mezosuli.hu\/index.php?rest_route=\/wp\/v2\/posts\/577\/revisions\/2440"}],"wp:attachment":[{"href":"https:\/\/mezosuli.hu\/index.php?rest_route=%2Fwp%2Fv2%2Fmedia&parent=577"}],"wp:term":[{"taxonomy":"category","embeddable":true,"href":"https:\/\/mezosuli.hu\/index.php?rest_route=%2Fwp%2Fv2%2Fcategories&post=577"},{"taxonomy":"post_tag","embeddable":true,"href":"https:\/\/mezosuli.hu\/index.php?rest_route=%2Fwp%2Fv2%2Ftags&post=577"}],"curies":[{"name":"wp","href":"https:\/\/api.w.org\/{rel}","templated":true}]}}