{"id":581,"date":"2019-04-03T07:23:10","date_gmt":"2019-04-03T05:23:10","guid":{"rendered":"https:\/\/uj.mezosuli.hu\/?p=581"},"modified":"2026-03-17T10:52:53","modified_gmt":"2026-03-17T09:52:53","slug":"sitabor-2019","status":"publish","type":"post","link":"https:\/\/mezosuli.hu\/?p=581","title":{"rendered":"S\u00edt\u00e1bor 2019"},"content":{"rendered":"<div class=\"txF_raleway tx16t\" style=\"padding-bottom: 5px;\">\n<p class=\"tx_headline txc_green\">S\u00edt\u00e1bor 2019<\/p>\n<hr \/>\n<p class=\"x_MsoNormal\">A Dr. Mez\u0151 Ferenc \u00c1ltal\u00e1nos Iskola tanul\u00f3i \u00e9s csal\u00e1djai id\u00e9n is szlov\u00e1kiai s\u00edt\u00e1borban vettek r\u00e9szt. A m\u00e1r hagyom\u00e1nyos \u00f6t napos t\u00e9li kikapcsol\u00f3d\u00e1s idei helysz\u00edne T\u00e1tralomnic volt. 53 s\u00edel\u0151 utazott, k\u00f6z\u00fcl\u00fck 25 gyermek iskol\u00e1nk tanul\u00f3ja, akik napi s\u00edoktat\u00e1son vettek r\u00e9szt, az alapokat mindenki elsaj\u00e1t\u00edtotta, az \u00fcgyesebbek pedig piros p\u00e1ly\u00e1kon siklottak. Kikapcsol\u00f3d\u00e1sk\u00e9nt csobbantunk a popr\u00e1di f\u00fcrd\u0151ben is, est\u00e9inket pedig asztalitenisz, just dance, kareoke \u00e9s t\u00e1rsasj\u00e1t\u00e9kok sz\u00ednes\u00edtett\u00e9k. J\u00f6v\u0151re is ide tervezz\u00fck a t\u00e1borunkat.<\/p>\n<p class=\"x_MsoNormal\">T\u00e1bor szervez\u0151: Petres Margit<\/p>\n<p class=\"x_MsoNormal\">K\u00eds\u00e9r\u0151 pedag\u00f3gus: Filipovics Tam\u00e1sn\u00e9<\/p>\n<p>F\u00e9nyk\u00e9pek&nbsp; <a href=\"https:\/\/uj.mezosuli.hu\/wp-content\/uploads\/2019\/04\/sitabor2019.pdf\" target=\"_blank\">itt<\/a>.<\/p>\n<div class=\"txF_raleway tx14x\" style=\"text-align: center; line-height: 20px; margin-top: 10px;\">\n<p style=\"float: right;\">Budapest, 2019. \u00e1prilis 3<\/p>\n<\/div>\n<\/div>\n","protected":false},"excerpt":{"rendered":"<p>S\u00edt\u00e1bor 2019 A Dr. Mez\u0151 Ferenc \u00c1ltal\u00e1nos Iskola tanul\u00f3i \u00e9s csal\u00e1djai id\u00e9n is szlov\u00e1kiai s\u00edt\u00e1borban vettek r\u00e9szt. A m\u00e1r hagyom\u00e1nyos \u00f6t napos t\u00e9li kikapcsol\u00f3d\u00e1s idei helysz\u00edne T\u00e1tralomnic volt. 53 s\u00edel\u0151&hellip;<\/p>\n","protected":false},"author":1,"featured_media":0,"comment_status":"closed","ping_status":"open","sticky":false,"template":"","format":"standard","meta":{"_jetpack_memberships_contains_paid_content":false,"footnotes":""},"categories":[41],"tags":[],"class_list":["post-581","post","type-post","status-publish","format-standard","hentry","category-2019-hirarchivum"],"jetpack_featured_media_url":"","jetpack_sharing_enabled":true,"_links":{"self":[{"href":"https:\/\/mezosuli.hu\/index.php?rest_route=\/wp\/v2\/posts\/581","targetHints":{"allow":["GET"]}}],"collection":[{"href":"https:\/\/mezosuli.hu\/index.php?rest_route=\/wp\/v2\/posts"}],"about":[{"href":"https:\/\/mezosuli.hu\/index.php?rest_route=\/wp\/v2\/types\/post"}],"author":[{"embeddable":true,"href":"https:\/\/mezosuli.hu\/index.php?rest_route=\/wp\/v2\/users\/1"}],"replies":[{"embeddable":true,"href":"https:\/\/mezosuli.hu\/index.php?rest_route=%2Fwp%2Fv2%2Fcomments&post=581"}],"version-history":[{"count":1,"href":"https:\/\/mezosuli.hu\/index.php?rest_route=\/wp\/v2\/posts\/581\/revisions"}],"predecessor-version":[{"id":2442,"href":"https:\/\/mezosuli.hu\/index.php?rest_route=\/wp\/v2\/posts\/581\/revisions\/2442"}],"wp:attachment":[{"href":"https:\/\/mezosuli.hu\/index.php?rest_route=%2Fwp%2Fv2%2Fmedia&parent=581"}],"wp:term":[{"taxonomy":"category","embeddable":true,"href":"https:\/\/mezosuli.hu\/index.php?rest_route=%2Fwp%2Fv2%2Fcategories&post=581"},{"taxonomy":"post_tag","embeddable":true,"href":"https:\/\/mezosuli.hu\/index.php?rest_route=%2Fwp%2Fv2%2Ftags&post=581"}],"curies":[{"name":"wp","href":"https:\/\/api.w.org\/{rel}","templated":true}]}}