{"id":583,"date":"2019-04-03T07:34:03","date_gmt":"2019-04-03T05:34:03","guid":{"rendered":"https:\/\/uj.mezosuli.hu\/?p=583"},"modified":"2026-03-17T10:52:53","modified_gmt":"2026-03-17T09:52:53","slug":"nyilt-nap-20190409","status":"publish","type":"post","link":"https:\/\/mezosuli.hu\/?p=583","title":{"rendered":"Nyilt nap 2019.04.09"},"content":{"rendered":"<div class=\"txF_raleway tx16t\" style=\"padding-bottom: 5px;\">\n<p class=\"tx_headline txc_green\"><span style=\"color: #ff6600;\">Ny\u00edlt nap a Mez\u0151ben!<\/span><\/p>\n<p>Tisztelt Sz\u00fcl\u0151k!<\/p>\n<p><span style=\"font-size: 14pt;\">A Dr Mez\u0151 Ferenc \u00c1ltal\u00e1nos Iskola&nbsp;<strong>2019.04.09. 8<sup>45<\/sup> <\/strong>\u00f3r\u00e1t\u00f3l ny\u00edlt napot tart leend\u0151 els\u0151s\u00f6knek \u00e9s sz\u00fcleiknek. A mell\u00e9kelt t\u00e1bl\u00e1zatban l\u00e1thatj\u00e1k a ny\u00edlt nap programj\u00e1t.<\/span><\/p>\n<p style=\"padding-left: 20px; text-align: center;\"><span style=\"font-size: 12pt;\">Szeretettel v\u00e1rjuk \u00d6n\u00f6ket!<\/span><\/p>\n<p style=\"padding-left: 20px; text-align: center;\"><span style=\"font-size: 12pt;\">\u00dcdv\u00f6zlettel:<\/span><\/p>\n<div class=\"txF_raleway tx14x\" style=\"text-align: center; line-height: 10px; margin-top: 5px;\">\n<p style=\"text-align: right;\"><span style=\"font-size: 12pt;\">Mostaf\u00e1n\u00e9 Gomb\u00e1r Erzs\u00e9bet<\/span><\/p>\n<p style=\"text-align: right;\"><span style=\"font-size: 12pt;\">int\u00e9zm\u00e9nyvezet\u0151<\/span><\/p>\n<div class=\"txF_raleway tx14t\" style=\"padding-bottom: 5px;\">\n<p style=\"text-align: left;\"><a href=\"https:\/\/uj.mezosuli.hu\/wp-content\/uploads\/2019\/04\/nyilt_nap_20190409.pdf\" target=\"_blank\">R\u00e9szletek<\/a>.<\/p>\n<p style=\"float: right;\">Budapest, 2019. \u00e1prilis 2.<\/p>\n<\/div>\n<\/div>\n<\/div>\n","protected":false},"excerpt":{"rendered":"<p>Ny\u00edlt nap a Mez\u0151ben! Tisztelt Sz\u00fcl\u0151k! A Dr Mez\u0151 Ferenc \u00c1ltal\u00e1nos Iskola&nbsp;2019.04.09. 845 \u00f3r\u00e1t\u00f3l ny\u00edlt napot tart leend\u0151 els\u0151s\u00f6knek \u00e9s sz\u00fcleiknek. A mell\u00e9kelt t\u00e1bl\u00e1zatban l\u00e1thatj\u00e1k a ny\u00edlt nap programj\u00e1t. Szeretettel&hellip;<\/p>\n","protected":false},"author":1,"featured_media":0,"comment_status":"closed","ping_status":"open","sticky":false,"template":"","format":"standard","meta":{"_jetpack_memberships_contains_paid_content":false,"footnotes":""},"categories":[41],"tags":[],"class_list":["post-583","post","type-post","status-publish","format-standard","hentry","category-2019-hirarchivum"],"jetpack_featured_media_url":"","jetpack_sharing_enabled":true,"_links":{"self":[{"href":"https:\/\/mezosuli.hu\/index.php?rest_route=\/wp\/v2\/posts\/583","targetHints":{"allow":["GET"]}}],"collection":[{"href":"https:\/\/mezosuli.hu\/index.php?rest_route=\/wp\/v2\/posts"}],"about":[{"href":"https:\/\/mezosuli.hu\/index.php?rest_route=\/wp\/v2\/types\/post"}],"author":[{"embeddable":true,"href":"https:\/\/mezosuli.hu\/index.php?rest_route=\/wp\/v2\/users\/1"}],"replies":[{"embeddable":true,"href":"https:\/\/mezosuli.hu\/index.php?rest_route=%2Fwp%2Fv2%2Fcomments&post=583"}],"version-history":[{"count":1,"href":"https:\/\/mezosuli.hu\/index.php?rest_route=\/wp\/v2\/posts\/583\/revisions"}],"predecessor-version":[{"id":2443,"href":"https:\/\/mezosuli.hu\/index.php?rest_route=\/wp\/v2\/posts\/583\/revisions\/2443"}],"wp:attachment":[{"href":"https:\/\/mezosuli.hu\/index.php?rest_route=%2Fwp%2Fv2%2Fmedia&parent=583"}],"wp:term":[{"taxonomy":"category","embeddable":true,"href":"https:\/\/mezosuli.hu\/index.php?rest_route=%2Fwp%2Fv2%2Fcategories&post=583"},{"taxonomy":"post_tag","embeddable":true,"href":"https:\/\/mezosuli.hu\/index.php?rest_route=%2Fwp%2Fv2%2Ftags&post=583"}],"curies":[{"name":"wp","href":"https:\/\/api.w.org\/{rel}","templated":true}]}}