{"id":606,"date":"2019-04-16T09:35:20","date_gmt":"2019-04-16T07:35:20","guid":{"rendered":"https:\/\/uj.mezosuli.hu\/?p=606"},"modified":"2026-03-17T10:52:53","modified_gmt":"2026-03-17T09:52:53","slug":"okosziget2019","status":"publish","type":"post","link":"https:\/\/mezosuli.hu\/?p=606","title":{"rendered":"oko sziget2019"},"content":{"rendered":"<div class=\"txF_raleway tx16t\" style=\"margin-bottom: 15px;\">\n<p><span style=\"color: #99cc00;\"><strong>\u00d6KO \u2013 sziget<\/strong><\/span><strong> \u2013 Szigetmonostoron<\/strong><\/p>\n<hr \/>\n<div align=\"center\">\n<table style=\"width: 789px;\" cellpadding=\"2\">\n<tbody>\n<tr>\n<td style=\"text-align: justify;\">\n<p><span style=\"font-size: 12pt;\">Iskol\u00e1nk t\u00f6bb mint 80 tanul\u00f3ja vett r\u00e9szt m\u00e1rcius 22-\u00e9n, a V\u00edz Vil\u00e1gnapj\u00e1n a szigetmonostori \u00d6KO-sziget programjain. A programon, iskol\u00e1n di\u00e1kjai egy k\u00f6rnyezetv\u00e9delem ir\u00e1nt elk\u00f6telezett sz\u00fcl\u0151 Chik\u00e1n Attila anyagi t\u00e1mogat\u00e1sa r\u00e9v\u00e9n lehetnek jelen Szigetmonostoron, imm\u00e1r 2. \u00e9ve.&nbsp;A k\u00e9tnapos programsorozatra 15-20 iskola mintegy 1000 di\u00e1kja, \u00e9s 60-70 k\u00eds\u00e9r\u0151j\u00fck l\u00e1togathatott ki. A szervez\u0151k arra t\u00f6rekedtek, hogy a gyerekek j\u00e1t\u00e9kos form\u00e1ban, \u00e1t\u00e9lhet\u0151 \u00e9s meg\u00e9lhet\u0151 tapasztalatokat szerezve ismerkedjenek meg a k\u00f6rnyezetre negat\u00edv hat\u00e1st gyakorl\u00f3 folyamatokkal, jelens\u00e9gekkel, \u00e9s tal\u00e1lkozzanak olyan megold\u00e1sokkal, amelyeket a saj\u00e1t \u00e9let\u00fckben is tudnak majd alkalmazni.&nbsp;<\/span><\/p>\n<\/td>\n<td><span style=\"font-size: 12pt;\">&nbsp;<\/span><\/td>\n<td style=\"width: 280px;\">\n<p><span style=\"font-size: 12pt;\"><img loading=\"lazy\" decoding=\"async\" class=\" size-full wp-image-602\" style=\"display: block; margin-left: auto; margin-right: auto;\" src=\"https:\/\/uj.mezosuli.hu\/wp-content\/uploads\/2019\/04\/sziget1.png\" alt=\"\" width=\"250\" height=\"152\" \/><\/span><\/p>\n<p><span style=\"font-size: 12pt;\"><img loading=\"lazy\" decoding=\"async\" class=\" size-full wp-image-603\" style=\"display: block; margin-left: auto; margin-right: auto;\" src=\"https:\/\/uj.mezosuli.hu\/wp-content\/uploads\/2019\/04\/sziget0.png\" alt=\"sziget0\" width=\"102\" height=\"91\" \/><\/span><\/p>\n<\/td>\n<\/tr>\n<tr>\n<td style=\"text-align: justify;\" colspan=\"3\">\n<p><span style=\"font-size: 12pt;\">A k\u00f6t\u00f6tt programok koroszt\u00e1lyra szabottak voltak, mindegyik koroszt\u00e1lyhoz a saj\u00e1t nyelv\u00e9n, a saj\u00e1t \u00e9retts\u00e9gi szintj\u00e9n sz\u00f3ltak.<\/span><\/p>\n<p><span style=\"font-size: 12pt;\"><em><strong>1-2. oszt\u00e1lyosok r\u00e9sz\u00e9re:<\/strong><\/em> \u00f6ko-j\u00e1tsz\u00f3t\u00e9r \u00e1llt rendelkez\u00e9sre. Az \u00f6ko-j\u00e1tsz\u00f3teret \u00fagy \u00e1ll\u00edtott\u00e1k \u00f6ssze a szervez\u0151k, hogy a legfiatalabbak j\u00e1t\u00e9k k\u00f6zben t\u00f6bb k\u00f6rnyezeti t\u00e9m\u00e1val is \u2013 pl. a hullad\u00e9kok fajt\u00e1i, szelekt\u00edv gy\u0171jt\u00e9s\u00fck \u2013 megismerkedhessenek. A tervezett j\u00e1t\u00e9kok k\u00f6z\u00f6tt van puzzle, t\u00e1blaj\u00e1t\u00e9k, szelekt\u00edv s\u00ed, vakvad\u00e1sz, l\u00e9zermez\u0151s sz\u00e1mh\u00e1bor\u00fa, amelyek mindegyike kapcsol\u00f3dott egy-egy k\u00f6rnyezeti t\u00e9m\u00e1hoz. <br \/><\/span><\/p>\n<\/td>\n<\/tr>\n<tr>\n<td>\n<p style=\"text-align: justify;\"><span style=\"font-size: 12pt;\"><strong><em>3-4. oszt\u00e1lyosok r\u00e9sz\u00e9re: energiagazd\u00e1lkod\u00e1s a t\u00e1pl\u00e1lkoz\u00e1s t\u00fckr\u00e9ben volt a f\u0151 t\u00e9ma.<\/em><\/strong><\/span><\/p>\n<p style=\"text-align: justify;\"><span style=\"font-size: 12pt;\">Ezzel a koroszt\u00e1llyal olyan k\u00e9rd\u00e9sekre kerest\u00e9k&nbsp; a v\u00e1laszt a szervez\u0151k, mint: A lok\u00e1lis vagy a t\u00e1volr\u00f3l \u00e9rkez\u0151 \u00e9lelmiszerek terhelik-e jobban k\u00f6rnyezet\u00fcnket, mi\u00e9rt? Melyik \u00e9lelmiszer eg\u00e9szs\u00e9gesebb? Milyen kapcsolatok vannak az energiafogyaszt\u00e1s \u00e9s a v\u00e1s\u00e1rolt \u00e9lelmiszereink k\u00f6z\u00f6tt? Ezekre a k\u00e9rd\u00e9sekre k\u00e9t l\u00e9p\u00e9sben kaptak v\u00e1laszokat a gyerekek. A kl\u00edmav\u00e1ltoz\u00e1s kih\u00edv\u00e1sai t\u00e1rlaton a t\u00e1volr\u00f3l \u00e9rkez\u0151 \u00e9lelmiszerekre jellemz\u0151 \u00f6sszef\u00fcgg\u00e9seket ismern\u00e9k meg, m\u00edg egy farml\u00e1togat\u00e1s alkalm\u00e1val a lok\u00e1lis \u00e9lelmiszer el\u0151nyeivel ismerkedhetnek meg.<\/span><\/p>\n<p style=\"text-align: justify;\"><span style=\"font-size: 12pt;\"><strong><em>Az 5-6. oszt\u00e1lyosokat<\/em><\/strong> egy tan\u00f6sv\u00e9ny v\u00e1rta, amely sz\u00e1mos eszk\u00f6z seg\u00edts\u00e9g\u00e9vel szeml\u00e9letesen mutatta be az energia el\u0151\u00e1ll\u00edt\u00e1s\u00e1nak lehets\u00e9ges alternat\u00edv\u00e1it. A tan\u00f6sv\u00e9ny elemeivel, majd az ut\u00e1na k\u00f6vetkez\u0151 energiatakar\u00e9kos h\u00e1ztart\u00e1si eszk\u00f6z\u00f6k bemutat\u00e1s\u00e1val k\u00edv\u00e1ntak p\u00e9ld\u00e1kat adni a szervez\u0151k a \u201ehogyanokra\u201d, \u00e9s k\u00f6zben v\u00e1laszokat adni a \u201emi\u00e9rtekre\u201d.<\/span><\/p>\n<\/td>\n<td><span style=\"font-size: 12pt;\">&nbsp;<\/span><\/td>\n<td style=\"width: 280px;\">\n<p><span style=\"font-size: 12pt;\"><img loading=\"lazy\" decoding=\"async\" class=\" size-full wp-image-604\" style=\"display: block; margin-left: auto; margin-right: auto;\" src=\"https:\/\/uj.mezosuli.hu\/wp-content\/uploads\/2019\/04\/sziget2.png\" alt=\"\" width=\"231\" height=\"174\" \/><\/span><\/p>\n<p><span style=\"font-size: 12pt;\"><img loading=\"lazy\" decoding=\"async\" class=\" size-full wp-image-605\" style=\"display: block; margin-left: auto; margin-right: auto;\" src=\"https:\/\/uj.mezosuli.hu\/wp-content\/uploads\/2019\/04\/sziget3.png\" alt=\"\" width=\"234\" height=\"175\" \/><\/span><\/p>\n<\/td>\n<\/tr>\n<\/tbody>\n<\/table>\n<div class=\"txF_raleway tx14x\" style=\"text-align: center; line-height: 20px; margin-top: 10px;\">\n<p style=\"float: right;\">2019. m\u00e1rcius 22.<\/p>\n<p style=\"float: center;\">.<\/p>\n<\/div>\n<\/div>\n<\/div>\n","protected":false},"excerpt":{"rendered":"<p>\u00d6KO \u2013 sziget \u2013 Szigetmonostoron Iskol\u00e1nk t\u00f6bb mint 80 tanul\u00f3ja vett r\u00e9szt m\u00e1rcius 22-\u00e9n, a V\u00edz Vil\u00e1gnapj\u00e1n a szigetmonostori \u00d6KO-sziget programjain. A programon, iskol\u00e1n di\u00e1kjai egy k\u00f6rnyezetv\u00e9delem ir\u00e1nt elk\u00f6telezett sz\u00fcl\u0151&hellip;<\/p>\n","protected":false},"author":1,"featured_media":602,"comment_status":"closed","ping_status":"open","sticky":false,"template":"","format":"standard","meta":{"_jetpack_memberships_contains_paid_content":false,"footnotes":""},"categories":[7],"tags":[],"class_list":["post-606","post","type-post","status-publish","format-standard","has-post-thumbnail","hentry","category-oko-hirek"],"jetpack_featured_media_url":"https:\/\/mezosuli.hu\/wp-content\/uploads\/2019\/04\/sziget1.png","jetpack_sharing_enabled":true,"_links":{"self":[{"href":"https:\/\/mezosuli.hu\/index.php?rest_route=\/wp\/v2\/posts\/606","targetHints":{"allow":["GET"]}}],"collection":[{"href":"https:\/\/mezosuli.hu\/index.php?rest_route=\/wp\/v2\/posts"}],"about":[{"href":"https:\/\/mezosuli.hu\/index.php?rest_route=\/wp\/v2\/types\/post"}],"author":[{"embeddable":true,"href":"https:\/\/mezosuli.hu\/index.php?rest_route=\/wp\/v2\/users\/1"}],"replies":[{"embeddable":true,"href":"https:\/\/mezosuli.hu\/index.php?rest_route=%2Fwp%2Fv2%2Fcomments&post=606"}],"version-history":[{"count":1,"href":"https:\/\/mezosuli.hu\/index.php?rest_route=\/wp\/v2\/posts\/606\/revisions"}],"predecessor-version":[{"id":2492,"href":"https:\/\/mezosuli.hu\/index.php?rest_route=\/wp\/v2\/posts\/606\/revisions\/2492"}],"wp:featuredmedia":[{"embeddable":true,"href":"https:\/\/mezosuli.hu\/index.php?rest_route=\/wp\/v2\/media\/602"}],"wp:attachment":[{"href":"https:\/\/mezosuli.hu\/index.php?rest_route=%2Fwp%2Fv2%2Fmedia&parent=606"}],"wp:term":[{"taxonomy":"category","embeddable":true,"href":"https:\/\/mezosuli.hu\/index.php?rest_route=%2Fwp%2Fv2%2Fcategories&post=606"},{"taxonomy":"post_tag","embeddable":true,"href":"https:\/\/mezosuli.hu\/index.php?rest_route=%2Fwp%2Fv2%2Ftags&post=606"}],"curies":[{"name":"wp","href":"https:\/\/api.w.org\/{rel}","templated":true}]}}