{"id":612,"date":"2019-04-22T06:24:53","date_gmt":"2019-04-22T04:24:53","guid":{"rendered":"https:\/\/uj.mezosuli.hu\/?p=612"},"modified":"2026-03-17T10:52:53","modified_gmt":"2026-03-17T09:52:53","slug":"erasmusnemzetkozi","status":"publish","type":"post","link":"https:\/\/mezosuli.hu\/?p=612","title":{"rendered":"Erasmus+nemzetk\u00f6zi disszemin\u00e1ci\u00f3"},"content":{"rendered":"<div class=\"txF_raleway tx16t\" style=\"margin-bottom: 15px;\">\n<p><span style=\"color: #99cc00;\"><strong>Nemzetk\u00f6zi disszemin\u00e1ci\u00f3 a XIII. ker\u00fcleti Ady Endre Gimn\u00e1ziumban<\/strong><\/span><strong><br \/><\/strong><\/p>\n<hr \/>\n<div align=\"center\">\n<table style=\"width: 789px;\" cellpadding=\"2\">\n<tbody>\n<tr>\n<td style=\"text-align: justify;\">\n<p><span style=\"font-size: 12pt;\">ERASMUS+ 2018 p\u00e1ly\u00e1zatunkhoz kapcsol\u00f3d\u00f3an 2019. m\u00e1rcius 21.-\u00e9n k\u00fcls\u0151 disszemin\u00e1ci\u00f3n vett\u00fcnk r\u00e9szt a XIII. ker\u00fcleti Ady Endre Gimn\u00e1ziumban. Int\u00e9zm\u00e9ny\u00fcnket, Kerepesi-Kov\u00e1cs M\u00f3nika \u00e9s K\u00e1roly Eszter angoltan\u00e1r k\u00e9pviselte. A programon a magyar pedag\u00f3gusokon k\u00edv\u00fcl rom\u00e1n, t\u00f6r\u00f6k \u00e9s spanyol int\u00e9zm\u00e9nyekb\u0151l is j\u00f6ttek koll\u00e9g\u00e1k. Mi a KA1-es p\u00e1ly\u00e1zati tapasztalatainkat mutattuk be, f\u00f3kuszban a 2018-as p\u00e1ly\u00e1zatunkkal, \u0151k a KA2-es p\u00e1ly\u00e1zatukat ismertett\u00e9k. Megismerhett\u00fck a KA2-es p\u00e1ly\u00e1zatok lebonyol\u00edt\u00e1s\u00e1nak folyamat\u00e1t, a kapcsol\u00f3d\u00f3 programokat, ami el\u0151r\u00e9bb vitt minket abban, hogy ism\u00e9t szerepl\u0151i legy\u00fcnk ilyen t\u00edpus\u00fa p\u00e1ly\u00e1zatnak. Ugyanakkor t\u00f6bb r\u00e9sztvev\u0151 \u00e1ltalunk ismerte meg a KA1 p\u00e1ly\u00e1zati folyamatot. Ez az esem\u00e9ny a nemzetk\u00f6zi kapcsolat\u00e9p\u00edt\u00e9sre is lehet\u0151s\u00e9get adott.&nbsp;<\/span><\/p>\n<\/td>\n<td><span style=\"font-size: 12pt;\">&nbsp;<\/span><\/td>\n<td style=\"width: 280px;\">\n<p><span style=\"font-size: 12pt;\"><img loading=\"lazy\" decoding=\"async\" class=\" size-full wp-image-609\" style=\"display: block; margin-left: auto; margin-right: auto;\" src=\"https:\/\/uj.mezosuli.hu\/wp-content\/uploads\/2019\/04\/erasmus1.png\" alt=\"\" width=\"275\" height=\"220\" \/><\/span><\/p>\n<\/td>\n<\/tr>\n<tr>\n<td style=\"text-align: justify;\" colspan=\"3\"><img loading=\"lazy\" decoding=\"async\" class=\" size-full wp-image-610\" src=\"https:\/\/uj.mezosuli.hu\/wp-content\/uploads\/2019\/04\/erasmus2.png\" alt=\"\" width=\"310\" height=\"232\" \/><img loading=\"lazy\" decoding=\"async\" class=\" alignright size-full wp-image-611\" style=\"float: right;\" src=\"https:\/\/uj.mezosuli.hu\/wp-content\/uploads\/2019\/04\/erasmus3.png\" alt=\"\" width=\"318\" height=\"237\" \/><\/td>\n<\/tr>\n<\/tbody>\n<\/table>\n<div class=\"txF_raleway tx14x\" style=\"text-align: center; line-height: 20px; margin-top: 10px;\">\n<p style=\"float: right;\">2019. m\u00e1rcius 21.<\/p>\n<p style=\"float: center;\">.<\/p>\n<\/div>\n<\/div>\n<\/div>\n","protected":false},"excerpt":{"rendered":"<p>Nemzetk\u00f6zi disszemin\u00e1ci\u00f3 a XIII. ker\u00fcleti Ady Endre Gimn\u00e1ziumban ERASMUS+ 2018 p\u00e1ly\u00e1zatunkhoz kapcsol\u00f3d\u00f3an 2019. m\u00e1rcius 21.-\u00e9n k\u00fcls\u0151 disszemin\u00e1ci\u00f3n vett\u00fcnk r\u00e9szt a XIII. ker\u00fcleti Ady Endre Gimn\u00e1ziumban. Int\u00e9zm\u00e9ny\u00fcnket, Kerepesi-Kov\u00e1cs M\u00f3nika \u00e9s K\u00e1roly&hellip;<\/p>\n","protected":false},"author":1,"featured_media":609,"comment_status":"closed","ping_status":"open","sticky":false,"template":"","format":"standard","meta":{"_jetpack_memberships_contains_paid_content":false,"footnotes":""},"categories":[12],"tags":[],"class_list":["post-612","post","type-post","status-publish","format-standard","has-post-thumbnail","hentry","category-erasmus"],"jetpack_featured_media_url":"https:\/\/mezosuli.hu\/wp-content\/uploads\/2019\/04\/erasmus1.png","jetpack_sharing_enabled":true,"_links":{"self":[{"href":"https:\/\/mezosuli.hu\/index.php?rest_route=\/wp\/v2\/posts\/612","targetHints":{"allow":["GET"]}}],"collection":[{"href":"https:\/\/mezosuli.hu\/index.php?rest_route=\/wp\/v2\/posts"}],"about":[{"href":"https:\/\/mezosuli.hu\/index.php?rest_route=\/wp\/v2\/types\/post"}],"author":[{"embeddable":true,"href":"https:\/\/mezosuli.hu\/index.php?rest_route=\/wp\/v2\/users\/1"}],"replies":[{"embeddable":true,"href":"https:\/\/mezosuli.hu\/index.php?rest_route=%2Fwp%2Fv2%2Fcomments&post=612"}],"version-history":[{"count":1,"href":"https:\/\/mezosuli.hu\/index.php?rest_route=\/wp\/v2\/posts\/612\/revisions"}],"predecessor-version":[{"id":2734,"href":"https:\/\/mezosuli.hu\/index.php?rest_route=\/wp\/v2\/posts\/612\/revisions\/2734"}],"wp:featuredmedia":[{"embeddable":true,"href":"https:\/\/mezosuli.hu\/index.php?rest_route=\/wp\/v2\/media\/609"}],"wp:attachment":[{"href":"https:\/\/mezosuli.hu\/index.php?rest_route=%2Fwp%2Fv2%2Fmedia&parent=612"}],"wp:term":[{"taxonomy":"category","embeddable":true,"href":"https:\/\/mezosuli.hu\/index.php?rest_route=%2Fwp%2Fv2%2Fcategories&post=612"},{"taxonomy":"post_tag","embeddable":true,"href":"https:\/\/mezosuli.hu\/index.php?rest_route=%2Fwp%2Fv2%2Ftags&post=612"}],"curies":[{"name":"wp","href":"https:\/\/api.w.org\/{rel}","templated":true}]}}