{"id":616,"date":"2019-04-22T06:45:56","date_gmt":"2019-04-22T04:45:56","guid":{"rendered":"https:\/\/uj.mezosuli.hu\/?p=616"},"modified":"2026-03-17T10:52:53","modified_gmt":"2026-03-17T09:52:53","slug":"okotura2019","status":"publish","type":"post","link":"https:\/\/mezosuli.hu\/?p=616","title":{"rendered":"\u00d6ko-t\u00fara 2019"},"content":{"rendered":"<div class=\"txF_raleway tx16t\" style=\"margin-bottom: 15px;\">\n<p><span style=\"color: #99cc00;\"><strong><span style=\"color: #000000;\">Mez\u0151s<\/span> \u00d6KO-t\u00fara<\/strong><\/span><\/p>\n<hr \/>\n<div align=\"center\">\n<table style=\"width: 789px;\" cellpadding=\"2\">\n<tbody>\n<tr>\n<td style=\"text-align: justify;\">\n<p><span style=\"font-size: 12pt;\"><strong>2019. m\u00e1rcius 30<\/strong>-\u00e1n a tavaszi \u00d6KO-t\u00far\u00e1nk kiindul\u00e1si helysz\u00edne a Visegr\u00e1di-hegys\u00e9g legmagasabb pontja, <strong>Dobog\u00f3-k\u0151<\/strong> volt. N\u00e9gy lelkes csal\u00e1d tizenh\u00e1rom f\u0151vel \u00e9s n\u00e9gy pedag\u00f3gussal v\u00e1gott neki a k\u00f6zel <strong>12 km<\/strong>-es t\u00e1vnak. A tet\u0151r\u0151l csod\u00e1latos kil\u00e1t\u00e1s ny\u00edlt \u00e9szaki ir\u00e1nyban a Dunakanyarra \u00e9s a B\u00f6rzs\u00f6nyre. Bekukkantottunk a s\u00edp\u00e1lya melletti Zsindelyes Vend\u00e9gh\u00e1zba, mely Makovecz Imre els\u0151, nemzetk\u00f6zi ismerts\u00e9get hoz\u00f3 \u00e9p\u00fclete haz\u00e1nkban. Utunk a k\u00e9k kereszt t\u00fara\u00fatvonalon, Szentk\u00faton kereszt\u00fcl, vezetett le a csod\u00e1latos Dera-szurdokig. Ezen a mesebeli, vadreg\u00e9nyes, a Pilis egyik leghangulatosabb patakv\u00f6lgy\u00e9n felfel\u00e9 jutottunk el Pilisszentkeresztig. Kicsik \u00e9s nagyok egyar\u00e1nt \u00e9lvezt\u00e9k a kis v\u00edzes\u00e9seket, fahidakat, szikl\u00e1kat. Kellemesen elf\u00e1radva, de felt\u00f6lt\u0151dve indultunk haza. &nbsp;<\/span><\/p>\n<\/td>\n<td><span style=\"font-size: 12pt;\">&nbsp;<\/span><\/td>\n<td style=\"width: 280px;\">\n<p><span style=\"font-size: 12pt;\"><img loading=\"lazy\" decoding=\"async\" class=\" size-full wp-image-613\" style=\"display: block; margin-left: auto; margin-right: auto;\" src=\"https:\/\/uj.mezosuli.hu\/wp-content\/uploads\/2019\/04\/okotura1.png\" alt=\"\" width=\"187\" height=\"300\" \/><\/span><\/p>\n<\/td>\n<\/tr>\n<tr>\n<td style=\"text-align: justify;\" colspan=\"3\"><img loading=\"lazy\" decoding=\"async\" class=\" size-full wp-image-614\" src=\"https:\/\/uj.mezosuli.hu\/wp-content\/uploads\/2019\/04\/okotura2.png\" alt=\"\" width=\"310\" height=\"232\" \/><img loading=\"lazy\" decoding=\"async\" class=\" alignright size-full wp-image-615\" style=\"float: right;\" src=\"https:\/\/uj.mezosuli.hu\/wp-content\/uploads\/2019\/04\/okotura3.png\" alt=\"\" width=\"311\" height=\"232\" \/><\/td>\n<\/tr>\n<\/tbody>\n<\/table>\n<div class=\"txF_raleway tx14x\" style=\"text-align: center; line-height: 20px; margin-top: 10px;\">\n<p style=\"float: right;\">2019. m\u00e1rcius 30.<\/p>\n<p style=\"float: center;\">.<\/p>\n<\/div>\n<\/div>\n<\/div>\n","protected":false},"excerpt":{"rendered":"<p>Mez\u0151s \u00d6KO-t\u00fara 2019. m\u00e1rcius 30-\u00e1n a tavaszi \u00d6KO-t\u00far\u00e1nk kiindul\u00e1si helysz\u00edne a Visegr\u00e1di-hegys\u00e9g legmagasabb pontja, Dobog\u00f3-k\u0151 volt. N\u00e9gy lelkes csal\u00e1d tizenh\u00e1rom f\u0151vel \u00e9s n\u00e9gy pedag\u00f3gussal v\u00e1gott neki a k\u00f6zel 12 km-es&hellip;<\/p>\n","protected":false},"author":1,"featured_media":613,"comment_status":"closed","ping_status":"open","sticky":false,"template":"","format":"standard","meta":{"_jetpack_memberships_contains_paid_content":false,"footnotes":""},"categories":[7],"tags":[],"class_list":["post-616","post","type-post","status-publish","format-standard","has-post-thumbnail","hentry","category-oko-hirek"],"jetpack_featured_media_url":"https:\/\/mezosuli.hu\/wp-content\/uploads\/2019\/04\/okotura1.png","jetpack_sharing_enabled":true,"_links":{"self":[{"href":"https:\/\/mezosuli.hu\/index.php?rest_route=\/wp\/v2\/posts\/616","targetHints":{"allow":["GET"]}}],"collection":[{"href":"https:\/\/mezosuli.hu\/index.php?rest_route=\/wp\/v2\/posts"}],"about":[{"href":"https:\/\/mezosuli.hu\/index.php?rest_route=\/wp\/v2\/types\/post"}],"author":[{"embeddable":true,"href":"https:\/\/mezosuli.hu\/index.php?rest_route=\/wp\/v2\/users\/1"}],"replies":[{"embeddable":true,"href":"https:\/\/mezosuli.hu\/index.php?rest_route=%2Fwp%2Fv2%2Fcomments&post=616"}],"version-history":[{"count":1,"href":"https:\/\/mezosuli.hu\/index.php?rest_route=\/wp\/v2\/posts\/616\/revisions"}],"predecessor-version":[{"id":2479,"href":"https:\/\/mezosuli.hu\/index.php?rest_route=\/wp\/v2\/posts\/616\/revisions\/2479"}],"wp:featuredmedia":[{"embeddable":true,"href":"https:\/\/mezosuli.hu\/index.php?rest_route=\/wp\/v2\/media\/613"}],"wp:attachment":[{"href":"https:\/\/mezosuli.hu\/index.php?rest_route=%2Fwp%2Fv2%2Fmedia&parent=616"}],"wp:term":[{"taxonomy":"category","embeddable":true,"href":"https:\/\/mezosuli.hu\/index.php?rest_route=%2Fwp%2Fv2%2Fcategories&post=616"},{"taxonomy":"post_tag","embeddable":true,"href":"https:\/\/mezosuli.hu\/index.php?rest_route=%2Fwp%2Fv2%2Ftags&post=616"}],"curies":[{"name":"wp","href":"https:\/\/api.w.org\/{rel}","templated":true}]}}